{"id":169565,"date":"2020-11-16T12:24:20","date_gmt":"2020-11-16T15:24:20","guid":{"rendered":"https:\/\/aconteceunovale.com.br\/portal\/?p=169565"},"modified":"2020-11-16T12:24:33","modified_gmt":"2020-11-16T15:24:33","slug":"luiz-fernando-e-reeleito-prefeito-de-itamarandiba","status":"publish","type":"post","link":"https:\/\/aconteceunovale.com.br\/portal\/?p=169565","title":{"rendered":"Luiz Fernando \u00e9 reeleito prefeito de Itamarandiba"},"content":{"rendered":"\n<p>Luiz Fernando (Avante) foi reeleito prefeito de Itamarandiba, no Vale do Jequitinhonha, neste domingo (15\/11\/2020). Com 100% das se\u00e7\u00f5es apuradas, ele recebeu 15.047 (87,42%) dos votos v\u00e1lidos e venceu outros dois candidatos.<\/p>\n\n\n\n<p><strong>Confira o resultado:<\/strong><\/p>\n\n\n\n<ul class=\"wp-block-list\"><li>Luiz Fernando (Avante) &#8211; 87,42% (15.047 votos)<\/li><li>Eduardo Moreira (PODE) &#8211; 11,34% (1.951 votos) &#8211; Anulado Sub Judice<\/li><li>Dara Leal (PSD) &#8211; 1,24% (214 votos)<\/li><\/ul>\n\n\n\n<p>A popula\u00e7\u00e3o de Itamarandiba tamb\u00e9m escolheu 13 vereadores nas elei\u00e7\u00f5es deste domingo. Confira:<\/p>\n\n\n\n<ul class=\"wp-block-list\"><li>Valdir Bispo (Avante) &#8211; 941 votos<\/li><li>Tadeu Sena (PDT) &#8211; 732 votos<\/li><li>Vicentin (PT) &#8211; 651 votos<\/li><li>Ney Barrela (Avante) &#8211; 609 votos<\/li><li>Valdeni Siqueira (PT) &#8211; 594 votos<\/li><li>M\u00e1rcio do Badar\u00f3 Tot\u00f3 (Avante) &#8211; 579 votos<\/li><li>\u00c9dson Sass\u00e1 (PDT) &#8211; 551 votos<\/li><li>Marcinho do Valt\u00e3o (PDT) &#8211; 507 votos<\/li><li>Douglas Gandra (MDB) &#8211; 501 votos<\/li><li>Carlos Leal (Avante) &#8211; 469 votos<\/li><li>Mauro do \u00d4nibus (PDT) &#8211; 400 votos<\/li><li>Heli Nunes (PV) &#8211; 374 votos<\/li><li>Guim Carneiro (PT) &#8211; 216 votos<\/li><\/ul>\n\n\n\n<p>Confira a apura\u00e7\u00e3o completa no <a rel=\"noreferrer noopener\" href=\"https:\/\/aconteceunovale.com.br\/portal\/?p=169511\" target=\"_blank\">Aconteceu no Vale (clique aqui)<\/a>.<\/p>\n\n\n\n<p class=\"has-white-color has-vivid-cyan-blue-background-color has-text-color has-background\">Quer saber as not\u00edcias do <strong>Aconteceu no Vale<\/strong> em primeira m\u00e3o? Siga-nos no Facebook <a rel=\"noreferrer noopener\" href=\"http:\/\/facebook.com\/aconteceunovale\" target=\"_blank\">@aconteceunovale<\/a>, Twitter <a rel=\"noreferrer noopener\" href=\"https:\/\/twitter.com\/noticiadosvales\" target=\"_blank\">@noticiadosvales<\/a> e Instagram <a rel=\"noreferrer noopener\" href=\"https:\/\/www.instagram.com\/aconteceunovale\" target=\"_blank\">@aconteceunovale<\/a>.<\/p>\n","protected":false},"excerpt":{"rendered":"<p>Luiz Fernando (Avante) foi reeleito prefeito de Itamarandiba, no Vale do Jequitinhonha, neste domingo (15\/11\/2020). Com 100% das se\u00e7\u00f5es apuradas, ele recebeu 15.047 (87,42%) dos votos v\u00e1lidos e venceu outros dois candidatos. Confira o resultado: Luiz Fernando (Avante) &#8211; 87,42% (15.047 votos) Eduardo Moreira (PODE) &#8211; 11,34% (1.951 votos) &#8211; Anulado Sub Judice Dara Leal [&hellip;]<\/p>\n","protected":false},"author":4,"featured_media":120762,"comment_status":"open","ping_status":"closed","sticky":false,"template":"","format":"standard","meta":{"amp_status":"","footnotes":""},"categories":[215642,40240,120],"tags":[230333,230332,230335,230334,230339,149,117842,117838,230338,230337,230336,117840],"class_list":["post-169565","post","type-post","status-publish","format-standard","has-post-thumbnail","hentry","category-eleicoes-2020","category-politica-2","category-jequi","tag-apuracao-das-eleicoes-2020-em-itamarandiba","tag-apuracao-das-eleicoes-em-itamarandiba","tag-apuracao-das-eleicoes-municipais-2020-de-itamarandiba","tag-apuracao-das-eleicoes-municipais-de-itamarandiba","tag-apuracao-dos-votos-em-itamarandiba","tag-itamarandiba","tag-lista-de-vereadores-eleitos-em-itamarandiba","tag-prefeito-eleito-em-itamarandiba","tag-relacao-de-vereadores-eleitos-em-itamarandiba","tag-resultado-das-eleicoes-2020-em-itamarandiba","tag-resultado-das-eleicoes-em-itamarandiba","tag-vereadores-eleitos-em-itamarandiba"],"_links":{"self":[{"href":"https:\/\/aconteceunovale.com.br\/portal\/index.php?rest_route=\/wp\/v2\/posts\/169565","targetHints":{"allow":["GET"]}}],"collection":[{"href":"https:\/\/aconteceunovale.com.br\/portal\/index.php?rest_route=\/wp\/v2\/posts"}],"about":[{"href":"https:\/\/aconteceunovale.com.br\/portal\/index.php?rest_route=\/wp\/v2\/types\/post"}],"author":[{"embeddable":true,"href":"https:\/\/aconteceunovale.com.br\/portal\/index.php?rest_route=\/wp\/v2\/users\/4"}],"replies":[{"embeddable":true,"href":"https:\/\/aconteceunovale.com.br\/portal\/index.php?rest_route=%2Fwp%2Fv2%2Fcomments&post=169565"}],"version-history":[{"count":1,"href":"https:\/\/aconteceunovale.com.br\/portal\/index.php?rest_route=\/wp\/v2\/posts\/169565\/revisions"}],"predecessor-version":[{"id":169566,"href":"https:\/\/aconteceunovale.com.br\/portal\/index.php?rest_route=\/wp\/v2\/posts\/169565\/revisions\/169566"}],"wp:featuredmedia":[{"embeddable":true,"href":"https:\/\/aconteceunovale.com.br\/portal\/index.php?rest_route=\/wp\/v2\/media\/120762"}],"wp:attachment":[{"href":"https:\/\/aconteceunovale.com.br\/portal\/index.php?rest_route=%2Fwp%2Fv2%2Fmedia&parent=169565"}],"wp:term":[{"taxonomy":"category","embeddable":true,"href":"https:\/\/aconteceunovale.com.br\/portal\/index.php?rest_route=%2Fwp%2Fv2%2Fcategories&post=169565"},{"taxonomy":"post_tag","embeddable":true,"href":"https:\/\/aconteceunovale.com.br\/portal\/index.php?rest_route=%2Fwp%2Fv2%2Ftags&post=169565"}],"curies":[{"name":"wp","href":"https:\/\/api.w.org\/{rel}","templated":true}]}}