{"id":169416,"date":"2020-11-07T10:23:28","date_gmt":"2020-11-07T13:23:28","guid":{"rendered":"https:\/\/aconteceunovale.com.br\/portal\/?p=169416"},"modified":"2020-11-07T10:23:47","modified_gmt":"2020-11-07T13:23:47","slug":"destino-minas-gerais-e-habilitado-pelo-selo-mundial-de-viagem-segura","status":"publish","type":"post","link":"https:\/\/aconteceunovale.com.br\/portal\/?p=169416","title":{"rendered":"Destino Minas Gerais \u00e9 habilitado pelo selo mundial de Viagem Segura"},"content":{"rendered":"\n<p>Minas Gerais acaba de obter uma conquista importante: o selo do World Travel &amp; Tourism Council (WTTC), ou Conselho Mundial de Viagens de Turismo, que elege o destino como seguro para receber turistas.&nbsp;&nbsp;&nbsp;&nbsp;<\/p>\n\n\n\n<p>O aval \u00e9 justificado pela ado\u00e7\u00e3o dos protocolos de seguran\u00e7a sanit\u00e1ria do plano Minas Consciente, criado pelo\u00a0Governo de Minas Gerais\u00a0para nortear a retomada gradual e segura das atividades tur\u00edsticas, entre outras iniciativas em parceria com a\u00a0Secretaria de Estado de Cultura e Turismo (Secult-MG).<\/p>\n\n\n\n<p>Tamb\u00e9m o programa Minas pra Minas, de reposicionamento do estado como destino tur\u00edstico, foram aprovados pelo WTTC.<\/p>\n\n\n\n<p>As iniciativas habilitaram o estado para usar o selo de Viagem Segura da WTTC, \u00edcone reconhecido por viajantes de todo o mundo e sin\u00f4nimo de que o destino tur\u00edstico possui normas adequadas para o momento de retomada do turismo, estando apto a receber turistas com qualidade, seguran\u00e7a e consci\u00eancia.<\/p>\n\n\n\n<figure class=\"wp-block-image size-large\"><img loading=\"lazy\" decoding=\"async\" width=\"450\" height=\"450\" src=\"https:\/\/aconteceunovale.com.br\/portal\/wp-content\/uploads\/2020\/11\/selo_mg_travel.png\" alt=\"\" class=\"wp-image-169417\" srcset=\"https:\/\/aconteceunovale.com.br\/portal\/wp-content\/uploads\/2020\/11\/selo_mg_travel.png 450w, https:\/\/aconteceunovale.com.br\/portal\/wp-content\/uploads\/2020\/11\/selo_mg_travel-300x300.png 300w, https:\/\/aconteceunovale.com.br\/portal\/wp-content\/uploads\/2020\/11\/selo_mg_travel-150x150.png 150w, https:\/\/aconteceunovale.com.br\/portal\/wp-content\/uploads\/2020\/11\/selo_mg_travel-420x420.png 420w\" sizes=\"auto, (max-width: 450px) 100vw, 450px\" \/><\/figure>\n\n\n\n<p><strong>Repercuss\u00e3o<\/strong><\/p>\n\n\n\n<p>A subsecret\u00e1ria de Turismo da Secult, Marina Simi\u00e3o, afirma que o reconhecimento \u00e9 importante para a retomada das atividades em Minas.<\/p>\n\n\n\n<p>\u201cEstamos entre os principais estados brasileiros em que h\u00e1 crescimento das atividades tur\u00edsticas do Brasil, segundo o IBGE. Obter a habilita\u00e7\u00e3o para usar um selo mundial,&nbsp;que configura Minas Gerais como um destino tur\u00edstico que cumpre protocolos internacionais de seguran\u00e7a, refor\u00e7a o reposicionamento que a Secult vem trabalhando para Minas Gerais, o de um destino de experi\u00eancias seguras para todos os segmentos: cultura, patrim\u00f4nio, culin\u00e1ria, turismo de aventura, roteiros rurais e urbanos, entre v\u00e1rias outras possibilidades\u201d, ressaltou Marina.<\/p>\n\n\n\n<p>A partir da autoriza\u00e7\u00e3o do uso da marca de seguran\u00e7a da WTTC, a Secult dar\u00e1 in\u00edcio ao processo de elabora\u00e7\u00e3o de procedimentos para solicita\u00e7\u00e3o do selo tamb\u00e9m para Inst\u00e2ncias de Governan\u00e7a Regionais, destinos tur\u00edsticos mineiros, empresas habilitadas no programa Minas Recebe, da Secult, e para a iniciativa privada.<\/p>\n\n\n\n<p class=\"has-white-color has-vivid-cyan-blue-background-color has-text-color has-background\">Quer saber as not\u00edcias do <strong>Aconteceu no Vale<\/strong> em primeira m\u00e3o? Siga-nos no Facebook <a rel=\"noreferrer noopener\" href=\"http:\/\/facebook.com\/aconteceunovale\" target=\"_blank\">@aconteceunovale<\/a>, Twitter <a rel=\"noreferrer noopener\" href=\"https:\/\/twitter.com\/noticiadosvales\" target=\"_blank\">@noticiadosvales<\/a> e Instagram <a rel=\"noreferrer noopener\" href=\"https:\/\/www.instagram.com\/aconteceunovale\" target=\"_blank\">@aconteceunovale<\/a>.<\/p>\n","protected":false},"excerpt":{"rendered":"<p>Minas Gerais acaba de obter uma conquista importante: o selo do World Travel &amp; Tourism Council (WTTC), ou Conselho Mundial de Viagens de Turismo, que elege o destino como seguro para receber turistas.&nbsp;&nbsp;&nbsp;&nbsp; O aval \u00e9 justificado pela ado\u00e7\u00e3o dos protocolos de seguran\u00e7a sanit\u00e1ria do plano Minas Consciente, criado pelo\u00a0Governo de Minas Gerais\u00a0para nortear a [&hellip;]<\/p>\n","protected":false},"author":4,"featured_media":169418,"comment_status":"open","ping_status":"closed","sticky":false,"template":"","format":"standard","meta":{"amp_status":"","footnotes":""},"categories":[123,28848],"tags":[230183,230176,230175,230179,219676,230184,230185,211790,230177,230178,230180,230181,230182],"class_list":["post-169416","post","type-post","status-publish","format-standard","has-post-thumbnail","hentry","category-gerais","category-mundo","tag-conselho-mundial-de-viagens-de-turismo","tag-destino-minas-gerais","tag-destino-minas-gerais-e-habilitado-pelo-selo-mundial-de-viagem-segura","tag-destino-minas-gerais-selo-mundial-de-viagem-segura","tag-marina-simiao","tag-safe-travels","tag-safe-travels-minas-gerais","tag-secult-mg","tag-selo-mundial-de-viagem-segura","tag-selo-mundial-de-viagem-segura-destino-minas-gerais","tag-world-travel-tourism-council","tag-wttc","tag-wttc-minas-gerais"],"_links":{"self":[{"href":"https:\/\/aconteceunovale.com.br\/portal\/index.php?rest_route=\/wp\/v2\/posts\/169416","targetHints":{"allow":["GET"]}}],"collection":[{"href":"https:\/\/aconteceunovale.com.br\/portal\/index.php?rest_route=\/wp\/v2\/posts"}],"about":[{"href":"https:\/\/aconteceunovale.com.br\/portal\/index.php?rest_route=\/wp\/v2\/types\/post"}],"author":[{"embeddable":true,"href":"https:\/\/aconteceunovale.com.br\/portal\/index.php?rest_route=\/wp\/v2\/users\/4"}],"replies":[{"embeddable":true,"href":"https:\/\/aconteceunovale.com.br\/portal\/index.php?rest_route=%2Fwp%2Fv2%2Fcomments&post=169416"}],"version-history":[{"count":1,"href":"https:\/\/aconteceunovale.com.br\/portal\/index.php?rest_route=\/wp\/v2\/posts\/169416\/revisions"}],"predecessor-version":[{"id":169419,"href":"https:\/\/aconteceunovale.com.br\/portal\/index.php?rest_route=\/wp\/v2\/posts\/169416\/revisions\/169419"}],"wp:featuredmedia":[{"embeddable":true,"href":"https:\/\/aconteceunovale.com.br\/portal\/index.php?rest_route=\/wp\/v2\/media\/169418"}],"wp:attachment":[{"href":"https:\/\/aconteceunovale.com.br\/portal\/index.php?rest_route=%2Fwp%2Fv2%2Fmedia&parent=169416"}],"wp:term":[{"taxonomy":"category","embeddable":true,"href":"https:\/\/aconteceunovale.com.br\/portal\/index.php?rest_route=%2Fwp%2Fv2%2Fcategories&post=169416"},{"taxonomy":"post_tag","embeddable":true,"href":"https:\/\/aconteceunovale.com.br\/portal\/index.php?rest_route=%2Fwp%2Fv2%2Ftags&post=169416"}],"curies":[{"name":"wp","href":"https:\/\/api.w.org\/{rel}","templated":true}]}}