{"id":169414,"date":"2020-11-07T10:12:07","date_gmt":"2020-11-07T13:12:07","guid":{"rendered":"https:\/\/aconteceunovale.com.br\/portal\/?p=169414"},"modified":"2020-11-07T10:12:36","modified_gmt":"2020-11-07T13:12:36","slug":"pagamento-do-renda-minas-comeca-no-dia-13-de-novembro","status":"publish","type":"post","link":"https:\/\/aconteceunovale.com.br\/portal\/?p=169414","title":{"rendered":"Pagamento do Renda Minas come\u00e7a no dia 13 de novembro"},"content":{"rendered":"\n<p>O\u00a0Governo de Minas\u00a0d\u00e1 in\u00edcio, no dia 13\/11\/2020, ao pagamento do Renda Minas, o maior programa de transfer\u00eancia de renda da hist\u00f3ria do Estado, que ir\u00e1 complementar o Aux\u00edlio Emergencial liberado pelo governo federal para pessoas inscritas no Cad\u00danico. O benef\u00edcio busca auxiliar fam\u00edlias em situa\u00e7\u00e3o de vulnerabilidade a enfrentar as dificuldades impostas pela pandemia.\u00a0<\/p>\n\n\n\n<p>Ao todo, ser\u00e3o beneficiadas quase 1 milh\u00e3o de fam\u00edlias mineiras e 2,8 milh\u00f5es de pessoas. T\u00eam direito ao Renda Minas os inscritos no Cad\u00danico at\u00e9 11\/7\/2020. As fam\u00edlias tamb\u00e9m devem se enquadrar na condi\u00e7\u00e3o de extrema pobreza, cuja renda por pessoa n\u00e3o ultrapasse R$ 89 mensais.<\/p>\n\n\n\n<p>A secret\u00e1ria de Estado de\u00a0Desenvolvimento Social, Elizabeth Juc\u00e1, frisa que o Renda Minas \u00e9 uma transfer\u00eancia complementar ao Aux\u00edlio Emergencial no momento que este benef\u00edcio est\u00e1 sendo reduzido pelo governo federal. \u201cO Governo de Minas est\u00e1 complementando o valor para que pessoas em extrema pobreza n\u00e3o sintam tanto o impacto dessa redu\u00e7\u00e3o\u201d, afirma. O programa pode ser acessado mesmo por quem n\u00e3o recebe o Aux\u00edlio Emergencial, mas est\u00e1 eleg\u00edvel no Cad\u00danico.<\/p>\n\n\n\n<p><strong>Crit\u00e9rios<\/strong><\/p>\n\n\n\n<p>Para saber se est\u00e1 dentro dos crit\u00e9rios para receber o benef\u00edcio, basta acessar o site do programa (<a href=\"http:\/\/www.rendaminas.mg.gov.br\/\" target=\"_blank\" rel=\"noreferrer noopener\">www.rendaminas.mg.gov.br<\/a>) e fazer a consulta por CPF ou pelo N\u00famero de Inscri\u00e7\u00e3o Social (NIS).<\/p>\n\n\n\n<p><strong>Pagamentos<\/strong><\/p>\n\n\n\n<p>Os pagamentos do Renda Minas ser\u00e3o feitos pela Caixa Econ\u00f4mica Federal. Os dep\u00f3sitos cair\u00e3o automaticamente nas contas j\u00e1 existentes de benefici\u00e1rios, como poupan\u00e7a, conta simplificada e poupan\u00e7a social digital (conta digital, movimentada por meio do aplicativo Caixa Tem).<\/p>\n\n\n\n<p>Mais de 900 mil benefici\u00e1rios j\u00e1 possuem conta aberta na Caixa. Para cerca de 66 mil pessoas eleg\u00edveis ao Renda Minas e que ainda n\u00e3o possuem conta no banco, ser\u00e1 aberta automaticamente uma conta individual, com base nos dados dos respons\u00e1veis pelo cadastro da fam\u00edlia no Cad\u00danico. O acesso pode ser feito pelo Caixa Tem.<\/p>\n\n\n\n<p>O pagamento ser\u00e1 feito em duas parcelas: a primeira referente aos meses de outubro e novembro, e a segunda correspondente ao m\u00eas de dezembro, que ser\u00e1 quitada no dia 7\/12. Apenas o titular e respons\u00e1vel pela fam\u00edlia ter\u00e1 acesso ao Renda Minas. Em nenhuma hip\u00f3tese o benef\u00edcio ser\u00e1 pago em contas de terceiros.<\/p>\n\n\n\n<p>Cada fam\u00edlia ter\u00e1 direito a tr\u00eas parcelas do benef\u00edcio do Renda Minas. Logo, o benef\u00edcio total por fam\u00edlia \u00e9 igual ao valor mensal da parcela multiplicado por 3. Ent\u00e3o, uma fam\u00edlia que possui 3 pessoas cadastradas no Cad\u00danico receber\u00e1, ao todo, R$ 117 x 3 = R$ 351.<\/p>\n\n\n\n<p><strong>A partir de 13\/11<\/strong><\/p>\n\n\n\n<p>O diretor de Gest\u00e3o do Cad\u00danico e de Programas Socioassistenciais da Sedese, Elder Gabrich, refor\u00e7a tamb\u00e9m que o mais importante \u00e9 que os benefici\u00e1rios saibam que as fam\u00edlias devem estar cadastradas no Cad\u00danico at\u00e9 o dia 11\/7\/2020 em situa\u00e7\u00e3o de extrema pobreza.&nbsp;<\/p>\n\n\n\n<p>\u201cS\u00e3o fam\u00edlias que no Cad\u00danico t\u00eam renda por pessoa, mensal, de at\u00e9 R$ 89. Os pagamentos iniciam no dia 13\/11 em contas j\u00e1 existentes na Caixa. Para as pessoas que n\u00e3o t\u00eam, a institui\u00e7\u00e3o vai abrir uma conta automaticamente. Elas n\u00e3o t\u00eam que fazer pr\u00e9-cadastro. Por enquanto, deve-se aguardar at\u00e9 o dia 13\/11. N\u00e3o adianta ir at\u00e9 a Caixa agora, que esse benef\u00edcio ainda n\u00e3o estar\u00e1 dispon\u00edvel\u201d, explica.<\/p>\n\n\n\n<p>Para esclarecimentos gerais sobre o programa, a Sedese disponibiliza o email: rendaminas@social.mg.gov.br.<\/p>\n\n\n\n<p>Confira o calend\u00e1rio de pagamento:<\/p>\n\n\n\n<p><strong>Primeiro pagamento<\/strong><\/p>\n\n\n\n<figure class=\"wp-block-table\"><table><tbody><tr><td>M\u00eas de Anivers\u00e1rio do Respons\u00e1vel Familiar (RF)<\/td><td>Data do primeiro pagamento (Parcelas de Outubro e Novembro)<\/td><\/tr><tr><td>Janeiro<\/td><td>13\/11\/2020<\/td><\/tr><tr><td>Fevereiro<\/td><td>16\/11\/2020<\/td><\/tr><tr><td>Mar\u00e7o<\/td><td>17\/11\/2020<\/td><\/tr><tr><td>Abril<\/td><td>18\/11\/2020<\/td><\/tr><tr><td>Maio<\/td><td>19\/11\/2020<\/td><\/tr><tr><td>Junho<\/td><td>20\/11\/2020<\/td><\/tr><tr><td>Julho<\/td><td>23\/11\/2020<\/td><\/tr><tr><td>Agosto<\/td><td>24\/11\/2020<\/td><\/tr><tr><td>Setembro<\/td><td>25\/11\/2020<\/td><\/tr><tr><td>Outubro<\/td><td>26\/11\/2020<\/td><\/tr><tr><td>Novembro<\/td><td>27\/11\/2020<\/td><\/tr><tr><td>Dezembro<\/td><td>30\/11\/2020<\/td><\/tr><\/tbody><\/table><\/figure>\n\n\n\n<p><strong>Segundo pagamento<\/strong><\/p>\n\n\n\n<figure class=\"wp-block-table\"><table><tbody><tr><td>M\u00eas de Anivers\u00e1rio do Respons\u00e1vel Familiar (RF)<\/td><td>Data do segundo pagamento (Parcela de Dezembro)<\/td><\/tr><tr><td>Janeiro<\/td><td>07\/12\/2020<\/td><\/tr><tr><td>Fevereiro<\/td><td>08\/12\/2020<\/td><\/tr><tr><td>Mar\u00e7o<\/td><td>09\/12\/2020<\/td><\/tr><tr><td>Abril<\/td><td>10\/12\/2020<\/td><\/tr><tr><td>Maio<\/td><td>11\/\/12\/2020<\/td><\/tr><tr><td>Junho<\/td><td>14\/12\/2020<\/td><\/tr><tr><td>Julho<\/td><td>15\/12\/2020<\/td><\/tr><tr><td>Agosto<\/td><td>16\/12\/2020<\/td><\/tr><tr><td>Setembro<\/td><td>17\/12\/2020<\/td><\/tr><tr><td>Outubro<\/td><td>18\/12\/2020<\/td><\/tr><tr><td>Novembro<\/td><td>21\/12\/2020<\/td><\/tr><tr><td>Dezembro<\/td><td>22\/12\/2020<\/td><\/tr><\/tbody><\/table><\/figure>\n\n\n\n<p class=\"has-white-color has-vivid-cyan-blue-background-color has-text-color has-background\">Quer saber as not\u00edcias do <strong>Aconteceu no Vale<\/strong> em primeira m\u00e3o? Siga-nos no Facebook <a rel=\"noreferrer noopener\" href=\"http:\/\/facebook.com\/aconteceunovale\" target=\"_blank\">@aconteceunovale<\/a>, Twitter <a rel=\"noreferrer noopener\" href=\"https:\/\/twitter.com\/noticiadosvales\" target=\"_blank\">@noticiadosvales<\/a> e Instagram <a rel=\"noreferrer noopener\" href=\"https:\/\/www.instagram.com\/aconteceunovale\" target=\"_blank\">@aconteceunovale<\/a>.<\/p>\n","protected":false},"excerpt":{"rendered":"<p>O\u00a0Governo de Minas\u00a0d\u00e1 in\u00edcio, no dia 13\/11\/2020, ao pagamento do Renda Minas, o maior programa de transfer\u00eancia de renda da hist\u00f3ria do Estado, que ir\u00e1 complementar o Aux\u00edlio Emergencial liberado pelo governo federal para pessoas inscritas no Cad\u00danico. O benef\u00edcio busca auxiliar fam\u00edlias em situa\u00e7\u00e3o de vulnerabilidade a enfrentar as dificuldades impostas pela pandemia.\u00a0 Ao [&hellip;]<\/p>\n","protected":false},"author":4,"featured_media":169249,"comment_status":"open","ping_status":"closed","sticky":false,"template":"","format":"standard","meta":{"amp_status":"","footnotes":""},"categories":[123],"tags":[230174,230172,230173,1018,6546,230170,230169,230171],"class_list":["post-169414","post","type-post","status-publish","format-standard","has-post-thumbnail","hentry","category-gerais","tag-auxilio-emergencial-do-governo-de-minas","tag-calendario-de-pagamento-do-renda-minas","tag-calendario-do-renda-minas","tag-destaque","tag-governo-de-minas","tag-pagamento-do-renda-minas","tag-pagamento-do-renda-minas-comeca-no-dia-13-de-novembro","tag-renda-minas"],"_links":{"self":[{"href":"https:\/\/aconteceunovale.com.br\/portal\/index.php?rest_route=\/wp\/v2\/posts\/169414","targetHints":{"allow":["GET"]}}],"collection":[{"href":"https:\/\/aconteceunovale.com.br\/portal\/index.php?rest_route=\/wp\/v2\/posts"}],"about":[{"href":"https:\/\/aconteceunovale.com.br\/portal\/index.php?rest_route=\/wp\/v2\/types\/post"}],"author":[{"embeddable":true,"href":"https:\/\/aconteceunovale.com.br\/portal\/index.php?rest_route=\/wp\/v2\/users\/4"}],"replies":[{"embeddable":true,"href":"https:\/\/aconteceunovale.com.br\/portal\/index.php?rest_route=%2Fwp%2Fv2%2Fcomments&post=169414"}],"version-history":[{"count":1,"href":"https:\/\/aconteceunovale.com.br\/portal\/index.php?rest_route=\/wp\/v2\/posts\/169414\/revisions"}],"predecessor-version":[{"id":169415,"href":"https:\/\/aconteceunovale.com.br\/portal\/index.php?rest_route=\/wp\/v2\/posts\/169414\/revisions\/169415"}],"wp:featuredmedia":[{"embeddable":true,"href":"https:\/\/aconteceunovale.com.br\/portal\/index.php?rest_route=\/wp\/v2\/media\/169249"}],"wp:attachment":[{"href":"https:\/\/aconteceunovale.com.br\/portal\/index.php?rest_route=%2Fwp%2Fv2%2Fmedia&parent=169414"}],"wp:term":[{"taxonomy":"category","embeddable":true,"href":"https:\/\/aconteceunovale.com.br\/portal\/index.php?rest_route=%2Fwp%2Fv2%2Fcategories&post=169414"},{"taxonomy":"post_tag","embeddable":true,"href":"https:\/\/aconteceunovale.com.br\/portal\/index.php?rest_route=%2Fwp%2Fv2%2Ftags&post=169414"}],"curies":[{"name":"wp","href":"https:\/\/api.w.org\/{rel}","templated":true}]}}