{"id":169411,"date":"2020-11-06T07:49:28","date_gmt":"2020-11-06T10:49:28","guid":{"rendered":"https:\/\/aconteceunovale.com.br\/portal\/?p=169411"},"modified":"2020-11-06T07:49:43","modified_gmt":"2020-11-06T10:49:43","slug":"dois-motociclistas-morrem-em-acidentes-no-norte-de-minas-2","status":"publish","type":"post","link":"https:\/\/aconteceunovale.com.br\/portal\/?p=169411","title":{"rendered":"Dois motociclistas morrem em acidentes no Norte de Minas"},"content":{"rendered":"\n<p>Um motociclista de 39 anos morreu em um acidente em Bocaiuva, no Norte de Minas, na madrugada de quinta-feira (5\/11\/2020). De acordo com a PM, a suspeita \u00e9 de que a v\u00edtima perdeu o controle da dire\u00e7\u00e3o e bateu no muro de uma igreja e em um poste de ilumina\u00e7\u00e3o p\u00fablica.<\/p>\n\n\n\n<p>Um morador escutou o barulho e ao sair no port\u00e3o de casa, encontrou o motociclista ca\u00eddo no local. O Samu foi acionado, mas a v\u00edtima n\u00e3o resistiu aos ferimentos.<\/p>\n\n\n\n<p>Segundo a Pol\u00edcia Militar, Thiago Henrique Gomes de Souza n\u00e3o tinha carteira de habilita\u00e7\u00e3o. A moto foi removida para o p\u00e1tio credenciado ao Detran.<\/p>\n\n\n\n<p>O corpo do motociclista foi levado para o Instituto M\u00e9dico Legal (IML) de Montes Claros.<\/p>\n\n\n\n<h2 class=\"wp-block-heading\"><strong>Acidente em C\u00f4nego Marinho<\/strong><\/h2>\n\n\n\n<p>Um motociclista de 39 anos morreu ap\u00f3s bater em um trator na LMG-603, em C\u00f4nego Marinho, na regi\u00e3o Norte do Estado. O acidente aconteceu na altura do KM-32 e de acordo com a Pol\u00edcia Militar, o motorista da m\u00e1quina agr\u00edcola fugiu do local.<\/p>\n\n\n\n<p>Testemunhas contaram que a v\u00edtima seguia sentido ao Povoado de Candeal quando bateu na traseira do trator. Ismael Ribeiro Xavier sofreu ferimentos graves e morreu no local. O Samu foi acionado e constatou o \u00f3bito.<\/p>\n\n\n\n<p>Os policiais foram at\u00e9 a casa do motorista do trator ap\u00f3s relatos das testemunhas, mas ele n\u00e3o foi encontrado. O corpo da v\u00edtima foi levado para o IML de Janu\u00e1ria e o caso ser\u00e1 investigado.<\/p>\n\n\n\n<p class=\"has-white-color has-vivid-cyan-blue-background-color has-text-color has-background\">Quer saber as not\u00edcias do <strong>Aconteceu no Vale<\/strong> em primeira m\u00e3o? Siga-nos no Facebook <a rel=\"noreferrer noopener\" href=\"http:\/\/facebook.com\/aconteceunovale\" target=\"_blank\">@aconteceunovale<\/a>, Twitter <a rel=\"noreferrer noopener\" href=\"https:\/\/twitter.com\/noticiadosvales\" target=\"_blank\">@noticiadosvales<\/a> e Instagram <a rel=\"noreferrer noopener\" href=\"https:\/\/www.instagram.com\/aconteceunovale\" target=\"_blank\">@aconteceunovale<\/a>.<\/p>\n","protected":false},"excerpt":{"rendered":"<p>Um motociclista de 39 anos morreu em um acidente em Bocaiuva, no Norte de Minas, na madrugada de quinta-feira (5\/11\/2020). De acordo com a PM, a suspeita \u00e9 de que a v\u00edtima perdeu o controle da dire\u00e7\u00e3o e bateu no muro de uma igreja e em um poste de ilumina\u00e7\u00e3o p\u00fablica. Um morador escutou o [&hellip;]<\/p>\n","protected":false},"author":4,"featured_media":151866,"comment_status":"open","ping_status":"closed","sticky":false,"template":"","format":"standard","meta":{"amp_status":"","footnotes":""},"categories":[1236],"tags":[164480,18467,86891,230168,645,3055,25719,230167,222726,210,230166],"class_list":["post-169411","post","type-post","status-publish","format-standard","has-post-thumbnail","hentry","category-norte_de_minas","tag-acidente-com-moto-em-bocaiuva","tag-acidente-em-bocaiuva","tag-acidente-em-conego-marinho","tag-acidente-entre-moto-e-trator-em-conego-marinho","tag-bocaiuva","tag-conego-marinho","tag-dois-motociclistas-morrem-em-acidentes-no-norte-de-minas","tag-ismael-ribeiro-xavier","tag-lmg-603","tag-montes-claros","tag-thiago-henrique-gomes-de-souza"],"_links":{"self":[{"href":"https:\/\/aconteceunovale.com.br\/portal\/index.php?rest_route=\/wp\/v2\/posts\/169411","targetHints":{"allow":["GET"]}}],"collection":[{"href":"https:\/\/aconteceunovale.com.br\/portal\/index.php?rest_route=\/wp\/v2\/posts"}],"about":[{"href":"https:\/\/aconteceunovale.com.br\/portal\/index.php?rest_route=\/wp\/v2\/types\/post"}],"author":[{"embeddable":true,"href":"https:\/\/aconteceunovale.com.br\/portal\/index.php?rest_route=\/wp\/v2\/users\/4"}],"replies":[{"embeddable":true,"href":"https:\/\/aconteceunovale.com.br\/portal\/index.php?rest_route=%2Fwp%2Fv2%2Fcomments&post=169411"}],"version-history":[{"count":1,"href":"https:\/\/aconteceunovale.com.br\/portal\/index.php?rest_route=\/wp\/v2\/posts\/169411\/revisions"}],"predecessor-version":[{"id":169412,"href":"https:\/\/aconteceunovale.com.br\/portal\/index.php?rest_route=\/wp\/v2\/posts\/169411\/revisions\/169412"}],"wp:featuredmedia":[{"embeddable":true,"href":"https:\/\/aconteceunovale.com.br\/portal\/index.php?rest_route=\/wp\/v2\/media\/151866"}],"wp:attachment":[{"href":"https:\/\/aconteceunovale.com.br\/portal\/index.php?rest_route=%2Fwp%2Fv2%2Fmedia&parent=169411"}],"wp:term":[{"taxonomy":"category","embeddable":true,"href":"https:\/\/aconteceunovale.com.br\/portal\/index.php?rest_route=%2Fwp%2Fv2%2Fcategories&post=169411"},{"taxonomy":"post_tag","embeddable":true,"href":"https:\/\/aconteceunovale.com.br\/portal\/index.php?rest_route=%2Fwp%2Fv2%2Ftags&post=169411"}],"curies":[{"name":"wp","href":"https:\/\/api.w.org\/{rel}","templated":true}]}}