{"id":169308,"date":"2020-11-02T12:19:03","date_gmt":"2020-11-02T15:19:03","guid":{"rendered":"https:\/\/aconteceunovale.com.br\/portal\/?p=169308"},"modified":"2020-11-04T20:49:10","modified_gmt":"2020-11-04T23:49:10","slug":"policia-acidente-que-provocou-morte-no-municipio-de-almenara","status":"publish","type":"post","link":"https:\/\/aconteceunovale.com.br\/portal\/?p=169308","title":{"rendered":"Pol\u00edcia investiga acidente que provocou morte no munic\u00edpio de Almenara"},"content":{"rendered":"\n<p>Uma pessoa morreu em um acidente na MG-406, no munic\u00edpio de Almenara, no s\u00e1bado (31\/10\/2020). De acordo com a Pol\u00edcia Militar Rodovi\u00e1ria, a colis\u00e3o entre um Fiat P\u00e1lio e uma moto Honda Bros aconteceu no KM 58 da rodovia.<\/p>\n\n\n\n<p>Ainda segundo a pol\u00edcia, o carro seguia sentido Almenara\/Rubim quando deparou com a moto no sentido contr\u00e1rio. O condutor do P\u00e1lio afirmou aos policias que n\u00e3o foi poss\u00edvel evitar a colis\u00e3o lateral.<\/p>\n\n\n\n<p>Ainda segundo os militares, o motorista relatou que acreditava que o acidente tinha sido simples e ent\u00e3o seguiu viagem, contudo ao chegar em Almenara foi comunicado por um amigo da v\u00edtima que estava em outra motocicleta.<\/p>\n\n\n\n<p>A testemunha acionou uma equipe do SAMU (Servi\u00e7o de Atendimento M\u00f3vel de Urg\u00eancia), que socorreu o motociclista Pedro Nascimento Bonfim, de 43 anos, ao Hospital Deraldo Guimar\u00e3es com politraumatismos. A v\u00edtima n\u00e3o resistiu aos ferimentos e veio a \u00f3bito.<\/p>\n\n\n\n<p>O ve\u00edculo envolvido no acidente foi localizado em uma oficina. O condutor foi preso e encaminhado \u00e0 Delegacia de Pol\u00edcia Civil de plant\u00e3o para prestar esclarecimentos.<\/p>\n\n\n\n<p>O caso \u00e9 investigado.<\/p>\n\n\n\n<p class=\"has-white-color has-vivid-cyan-blue-background-color has-text-color has-background\">Quer saber as not\u00edcias do <strong>Aconteceu no Vale<\/strong> em primeira m\u00e3o? Siga-nos no Facebook <a rel=\"noreferrer noopener\" href=\"http:\/\/facebook.com\/aconteceunovale\" target=\"_blank\">@aconteceunovale<\/a>, Twitter <a rel=\"noreferrer noopener\" href=\"https:\/\/twitter.com\/noticiadosvales\" target=\"_blank\">@noticiadosvales<\/a> e Instagram <a rel=\"noreferrer noopener\" href=\"https:\/\/www.instagram.com\/aconteceunovale\" target=\"_blank\">@aconteceunovale<\/a>.<\/p>\n","protected":false},"excerpt":{"rendered":"<p>Uma pessoa morreu em um acidente na MG-406, no munic\u00edpio de Almenara, no s\u00e1bado (31\/10\/2020). De acordo com a Pol\u00edcia Militar Rodovi\u00e1ria, a colis\u00e3o entre um Fiat P\u00e1lio e uma moto Honda Bros aconteceu no KM 58 da rodovia. Ainda segundo a pol\u00edcia, o carro seguia sentido Almenara\/Rubim quando deparou com a moto no sentido [&hellip;]<\/p>\n","protected":false},"author":4,"featured_media":151866,"comment_status":"open","ping_status":"closed","sticky":false,"template":"","format":"standard","meta":{"amp_status":"","footnotes":""},"categories":[120],"tags":[19358,230029,230030,100396,142,230031,407],"class_list":["post-169308","post","type-post","status-publish","format-standard","has-post-thumbnail","hentry","category-jequi","tag-acidente-em-almenara","tag-acidente-entre-carro-e-moto-em-almenara","tag-acidente-na-estrada-de-rubim","tag-acidente-na-mg-406-em-almenara","tag-almenara","tag-pedro-nascimento-bonfim","tag-rubim"],"_links":{"self":[{"href":"https:\/\/aconteceunovale.com.br\/portal\/index.php?rest_route=\/wp\/v2\/posts\/169308","targetHints":{"allow":["GET"]}}],"collection":[{"href":"https:\/\/aconteceunovale.com.br\/portal\/index.php?rest_route=\/wp\/v2\/posts"}],"about":[{"href":"https:\/\/aconteceunovale.com.br\/portal\/index.php?rest_route=\/wp\/v2\/types\/post"}],"author":[{"embeddable":true,"href":"https:\/\/aconteceunovale.com.br\/portal\/index.php?rest_route=\/wp\/v2\/users\/4"}],"replies":[{"embeddable":true,"href":"https:\/\/aconteceunovale.com.br\/portal\/index.php?rest_route=%2Fwp%2Fv2%2Fcomments&post=169308"}],"version-history":[{"count":2,"href":"https:\/\/aconteceunovale.com.br\/portal\/index.php?rest_route=\/wp\/v2\/posts\/169308\/revisions"}],"predecessor-version":[{"id":169374,"href":"https:\/\/aconteceunovale.com.br\/portal\/index.php?rest_route=\/wp\/v2\/posts\/169308\/revisions\/169374"}],"wp:featuredmedia":[{"embeddable":true,"href":"https:\/\/aconteceunovale.com.br\/portal\/index.php?rest_route=\/wp\/v2\/media\/151866"}],"wp:attachment":[{"href":"https:\/\/aconteceunovale.com.br\/portal\/index.php?rest_route=%2Fwp%2Fv2%2Fmedia&parent=169308"}],"wp:term":[{"taxonomy":"category","embeddable":true,"href":"https:\/\/aconteceunovale.com.br\/portal\/index.php?rest_route=%2Fwp%2Fv2%2Fcategories&post=169308"},{"taxonomy":"post_tag","embeddable":true,"href":"https:\/\/aconteceunovale.com.br\/portal\/index.php?rest_route=%2Fwp%2Fv2%2Ftags&post=169308"}],"curies":[{"name":"wp","href":"https:\/\/api.w.org\/{rel}","templated":true}]}}