{"id":169306,"date":"2020-11-02T12:07:16","date_gmt":"2020-11-02T15:07:16","guid":{"rendered":"https:\/\/aconteceunovale.com.br\/portal\/?p=169306"},"modified":"2020-11-02T12:07:27","modified_gmt":"2020-11-02T15:07:27","slug":"duplo-homicidio-e-registrado-pela-policia-em-medina-no-vale-do-jequitinhonha","status":"publish","type":"post","link":"https:\/\/aconteceunovale.com.br\/portal\/?p=169306","title":{"rendered":"Duplo homic\u00eddio \u00e9 registrado pela pol\u00edcia em Medina, no Vale do Jequitinhonha"},"content":{"rendered":"\n<p>Duas pessoas foram assassinadas na pra\u00e7a central de Medina, no Vale do Jequitinhonha, na noite de sexta-feira (30\/10\/2020). Uma das v\u00edtimas foi atingida por engano, conforme registro policial.<\/p>\n\n\n\n<p>De acordo com a pol\u00edcia, Paulo Henrique Ferreira Souza, de 21 anos, e Pedro Ivo Alves Matias, de 30, morreram no local. Testemunhas relataram que um dos homens estava com a namorada em uma churrascaria quando foi surpreendido pelos atiradores. Ele ainda tentou fugir, mas foi baleado. A outra v\u00edtima foi atingida durante o tiroteio.<\/p>\n\n\n\n<p>A Per\u00edcia da Pol\u00edcia Civil esteve no local e constatou duas perfura\u00e7\u00f5es na cabe\u00e7a de Paulo Henrique e uma no t\u00f3rax de Pedro Ivo. Tr\u00eas c\u00e1psulas de muni\u00e7\u00e3o cal.380 foram encontradas no local.<\/p>\n\n\n\n<p>O caso \u00e9 investigado pela Pol\u00edcia Civil.<\/p>\n\n\n\n<p class=\"has-white-color has-vivid-cyan-blue-background-color has-text-color has-background\">Quer saber as not\u00edcias do <strong>Aconteceu no Vale<\/strong> em primeira m\u00e3o? Siga-nos no Facebook <a rel=\"noreferrer noopener\" href=\"http:\/\/facebook.com\/aconteceunovale\" target=\"_blank\">@aconteceunovale<\/a>, Twitter <a rel=\"noreferrer noopener\" href=\"https:\/\/twitter.com\/noticiadosvales\" target=\"_blank\">@noticiadosvales<\/a> e Instagram <a rel=\"noreferrer noopener\" href=\"https:\/\/www.instagram.com\/aconteceunovale\" target=\"_blank\">@aconteceunovale<\/a>.<\/p>\n","protected":false},"excerpt":{"rendered":"<p>Duas pessoas foram assassinadas na pra\u00e7a central de Medina, no Vale do Jequitinhonha, na noite de sexta-feira (30\/10\/2020). Uma das v\u00edtimas foi atingida por engano, conforme registro policial. De acordo com a pol\u00edcia, Paulo Henrique Ferreira Souza, de 21 anos, e Pedro Ivo Alves Matias, de 30, morreram no local. Testemunhas relataram que um dos [&hellip;]<\/p>\n","protected":false},"author":4,"featured_media":163415,"comment_status":"open","ping_status":"closed","sticky":false,"template":"","format":"standard","meta":{"amp_status":"","footnotes":""},"categories":[120],"tags":[230025,1018,230022,230023,230024,389,28099,230026,230027],"class_list":["post-169306","post","type-post","status-publish","format-standard","has-post-thumbnail","hentry","category-jequi","tag-assassinados-em-medina","tag-destaque","tag-duplo-homicidio-e-registrado-pela-policia-em-medina","tag-duplo-homicidio-em-medina","tag-homens-mortos-em-medina","tag-medina","tag-mortos-em-medina","tag-paulo-henrique-ferreira-souza","tag-pedro-ivo-alves-matias"],"_links":{"self":[{"href":"https:\/\/aconteceunovale.com.br\/portal\/index.php?rest_route=\/wp\/v2\/posts\/169306","targetHints":{"allow":["GET"]}}],"collection":[{"href":"https:\/\/aconteceunovale.com.br\/portal\/index.php?rest_route=\/wp\/v2\/posts"}],"about":[{"href":"https:\/\/aconteceunovale.com.br\/portal\/index.php?rest_route=\/wp\/v2\/types\/post"}],"author":[{"embeddable":true,"href":"https:\/\/aconteceunovale.com.br\/portal\/index.php?rest_route=\/wp\/v2\/users\/4"}],"replies":[{"embeddable":true,"href":"https:\/\/aconteceunovale.com.br\/portal\/index.php?rest_route=%2Fwp%2Fv2%2Fcomments&post=169306"}],"version-history":[{"count":1,"href":"https:\/\/aconteceunovale.com.br\/portal\/index.php?rest_route=\/wp\/v2\/posts\/169306\/revisions"}],"predecessor-version":[{"id":169307,"href":"https:\/\/aconteceunovale.com.br\/portal\/index.php?rest_route=\/wp\/v2\/posts\/169306\/revisions\/169307"}],"wp:featuredmedia":[{"embeddable":true,"href":"https:\/\/aconteceunovale.com.br\/portal\/index.php?rest_route=\/wp\/v2\/media\/163415"}],"wp:attachment":[{"href":"https:\/\/aconteceunovale.com.br\/portal\/index.php?rest_route=%2Fwp%2Fv2%2Fmedia&parent=169306"}],"wp:term":[{"taxonomy":"category","embeddable":true,"href":"https:\/\/aconteceunovale.com.br\/portal\/index.php?rest_route=%2Fwp%2Fv2%2Fcategories&post=169306"},{"taxonomy":"post_tag","embeddable":true,"href":"https:\/\/aconteceunovale.com.br\/portal\/index.php?rest_route=%2Fwp%2Fv2%2Ftags&post=169306"}],"curies":[{"name":"wp","href":"https:\/\/api.w.org\/{rel}","templated":true}]}}