{"id":169271,"date":"2020-11-01T16:47:47","date_gmt":"2020-11-01T19:47:47","guid":{"rendered":"https:\/\/aconteceunovale.com.br\/portal\/?p=169271"},"modified":"2020-11-01T16:48:16","modified_gmt":"2020-11-01T19:48:16","slug":"voce-sabe-a-diferenca-entre-enquete-e-pesquisa-eleitoral","status":"publish","type":"post","link":"https:\/\/aconteceunovale.com.br\/portal\/?p=169271","title":{"rendered":"Voc\u00ea sabe a diferen\u00e7a entre enquete e pesquisa eleitoral?"},"content":{"rendered":"\n<p class=\"wp-block-paragraph\">Voc\u00ea sabe a diferen\u00e7a entre enquete e pesquisa eleitoral? A primeira est\u00e1 proibida desde o dia 27 de setembro pela\u00a0<a href=\"https:\/\/www.tse.jus.br\/eleicoes\/eleicoes-2020\/arquivos\/tse-resolucao-no23600-12-12-2019\/rybena_pdf?file=https:\/\/www.tse.jus.br\/eleicoes\/eleicoes-2020\/arquivos\/tse-resolucao-no23600-12-12-2019\/at_download\/file\" target=\"_blank\" rel=\"noreferrer noopener\">Resolu\u00e7\u00e3o do Tribunal Superior Eleitoral (TSE) n\u00ba 23.600\/2019<\/a>, publicada com os ajustes feitos a partir das mudan\u00e7as de prazos decorrentes da\u00a0<a href=\"http:\/\/www.planalto.gov.br\/ccivil_03\/constituicao\/emendas\/emc\/emc107.htm\" target=\"_blank\" rel=\"noreferrer noopener\">Emenda Constitucional n\u00ba 107\/2020<\/a>, que adiou as Elei\u00e7\u00f5es Municipais de 2020 para novembro, devido \u00e0 pandemia de Covid-19.<\/p>\n\n\n\n<p class=\"wp-block-paragraph\">O texto da resolu\u00e7\u00e3o trata justamente do registro e da divulga\u00e7\u00e3o de pesquisas eleitorais de opini\u00e3o p\u00fablica sobre a inten\u00e7\u00e3o de votos nos candidatos a prefeito, a vice-prefeito e a vereador nas Elei\u00e7\u00f5es de 2020.<\/p>\n\n\n\n<p class=\"wp-block-paragraph\">Com base na Resolu\u00e7\u00e3o do Tribunal, desde 1\u00ba de janeiro de 2020 as entidades e as empresas que realizarem pesquisas de opini\u00e3o p\u00fablica sobre as elei\u00e7\u00f5es ou os candidatos s\u00e3o obrigadas a registrar cada pesquisa no Sistema de Registro de Pesquisas Eleitorais (PesqEle) at\u00e9 cinco dias antes da divulga\u00e7\u00e3o do levantamento.<\/p>\n\n\n\n<p class=\"wp-block-paragraph\">O secret\u00e1rio judici\u00e1rio do TSE, Fernando Alencastro, esclarece que a resolu\u00e7\u00e3o do Tribunal traz uma s\u00e9rie de requisitos para o registro de uma pesquisa eleitoral. Entre as informa\u00e7\u00f5es que devem ser registradas est\u00e3o as seguintes: o contratante da pesquisa, com CPF ou CNPJ; o valor e a origem dos recursos gastos; a metodologia e o per\u00edodo de sua realiza\u00e7\u00e3o; o question\u00e1rio aplicado ou a ser aplicado; o nome do estat\u00edstico respons\u00e1vel; e a indica\u00e7\u00e3o do estado em que ser\u00e1 realizado o levantamento.<\/p>\n\n\n\n<p class=\"wp-block-paragraph\">As empresas respons\u00e1veis pela divulga\u00e7\u00e3o de pesquisa fraudulenta ou sem o registro pr\u00e9vio das informa\u00e7\u00f5es na Justi\u00e7a Eleitoral podem receber multas no valor de R$ 53.205,00 a R$ 106.410,00. A divulga\u00e7\u00e3o de pesquisa fraudulenta constitui crime. Seu respons\u00e1vel pode ser punido com 6 meses a 1 ano de deten\u00e7\u00e3o e multa.<\/p>\n\n\n\n<p class=\"wp-block-paragraph\">\u201cO repasse de uma pesquisa publicada, por exemplo, em um \u00f3rg\u00e3o de imprensa, que eventualmente se mostre fraudulenta, j\u00e1 pode levar, inclusive, a outro campo: o da desinforma\u00e7\u00e3o\u201d, adverte o secret\u00e1rio Fernando Alencastro, ao ressaltar a import\u00e2ncia das regras estabelecidas para o registro e a divulga\u00e7\u00e3o de pesquisas eleitorais.<\/p>\n\n\n\n<p class=\"wp-block-paragraph\">Os partidos pol\u00edticos, o Minist\u00e9rio P\u00fablico, os candidatos e as coliga\u00e7\u00f5es det\u00eam legitimidade para impugnar o registro ou a divulga\u00e7\u00e3o de uma pesquisa eleitoral junto ao ju\u00edzo ou ao tribunal competente, bem como apresentar as a\u00e7\u00f5es judiciais eleitorais cab\u00edveis.<\/p>\n\n\n\n<p class=\"wp-block-paragraph\"><strong>Enquetes<\/strong><\/p>\n\n\n\n<p class=\"wp-block-paragraph\">A Resolu\u00e7\u00e3o TSE n\u00ba 23.600\/2019 define enquete como o levantamento de opini\u00e3o sem plano amostral, que depende da participa\u00e7\u00e3o espont\u00e2nea do interessado e que n\u00e3o utiliza m\u00e9todo cient\u00edfico para a sua realiza\u00e7\u00e3o, apresentando resultados que possibilitam ao eleitor perceber a ordem dos candidatos na disputa. A norma do TSE autoriza o exerc\u00edcio do poder de pol\u00edcia contra a divulga\u00e7\u00e3o de enquetes, inclusive com a expedi\u00e7\u00e3o de ordem para que seja removida, sob pena de crime de desobedi\u00eancia \u00e0 Justi\u00e7a Eleitoral.<\/p>\n\n\n\n<p class=\"has-white-color has-vivid-cyan-blue-background-color has-text-color has-background wp-block-paragraph\">Quer saber as not\u00edcias do <strong>Aconteceu no Vale<\/strong> em primeira m\u00e3o? Siga-nos no Facebook <a rel=\"noreferrer noopener\" href=\"http:\/\/facebook.com\/aconteceunovale\" target=\"_blank\">@aconteceunovale<\/a>, Twitter <a rel=\"noreferrer noopener\" href=\"https:\/\/twitter.com\/noticiadosvales\" target=\"_blank\">@noticiadosvales<\/a> e Instagram <a rel=\"noreferrer noopener\" href=\"https:\/\/www.instagram.com\/aconteceunovale\" target=\"_blank\">@aconteceunovale<\/a>.<\/p>\n","protected":false},"excerpt":{"rendered":"<p>Voc\u00ea sabe a diferen\u00e7a entre enquete e pesquisa eleitoral? A primeira est\u00e1 proibida desde o dia 27 de setembro pela\u00a0Resolu\u00e7\u00e3o do Tribunal Superior Eleitoral (TSE) n\u00ba 23.600\/2019, publicada com os ajustes feitos a partir das mudan\u00e7as de prazos decorrentes da\u00a0Emenda Constitucional n\u00ba 107\/2020, que adiou as Elei\u00e7\u00f5es Municipais de 2020 para novembro, devido \u00e0 pandemia [&hellip;]<\/p>\n","protected":false},"author":4,"featured_media":95688,"comment_status":"open","ping_status":"closed","sticky":false,"template":"","format":"standard","meta":{"amp_status":"","footnotes":""},"categories":[6,215642,40240],"tags":[25087,228807,229969,194,1017,107337,228808,228809,107338,107339,228810,228811,107340,228812,228813,228814,228815,228816,229912,228817,228818,228819,568,27867,228820,229966,229965,229971,228821,228822,228823,228824,205329,228825,229909,213145,228826,228827,205330,229970,228828,107345,228829,119292,228830,228831,228832,228833,229458,14888,229537,228838,229910,229911,229962,20744,228834,228835,228836,228837,229963,229968,229967,267,229964],"class_list":["post-169271","post","type-post","status-publish","format-standard","has-post-thumbnail","hentry","category-br","category-eleicoes-2020","category-politica","tag-alexandre-kalil","tag-aplicativo-candidaturas-2020","tag-aprenda-a-votar","tag-belo-horizonte","tag-bh","tag-candidatos-a-prefeito-de","tag-candidatos-a-prefeito-eleicoes-2020","tag-candidatos-a-prefeito-eleicoes-municipais-2020","tag-candidatos-a-prefeito-em","tag-candidatos-a-vereador-de","tag-candidatos-a-vereador-eleicoes-2020","tag-candidatos-a-vereador-eleicoes-municipais-2020","tag-candidatos-a-vereador-em","tag-candidatos-a-vereador-em-2020","tag-candidatos-eleicoes-2020","tag-candidatos-eleicoes-2020-minas-gerais","tag-candidatos-eleicoes-municipais-2020","tag-candidatos-eleicoes-municipais-2020-minas-gerais","tag-candidatos-presos","tag-candidaturas-2020","tag-candidaturas-eleicoes-municipais-2020","tag-candidaturas-eleicoes-municipais-2020-minas-gerais","tag-cnm","tag-confederacao-nacional-dos-municipios","tag-consultas-sobre-candidatos-2020","tag-coronavirus-eleicoes-2020","tag-covid-19-eleicoes-2020","tag-diferenca-entre-pesquisa-e-enquete-eleitoral","tag-divulgacao-de-candidaturas-2020","tag-divulgacao-de-candidaturas-eleicoes-2020","tag-divulgacao-de-candidaturas-eleicoes-2020-minas-gerais","tag-download-aplicativo-candidaturas-2020","tag-eleicoes-2020","tag-eleicoes-2020-minas-gerais","tag-eleicoes-2020-candidatos-agora-so-podem-ser-presos-em-flagrante","tag-eleicoes-municipais-2020","tag-eleicoes-municipais-2020-divulgacao-de-candidaturas","tag-eleicoes-municipais-2020-minas-gerais","tag-eleicoes-municipais-de-2020","tag-enquete-eleitoral","tag-informacoes-detalhadas-sobre-todos-os-candidatos-de-2020","tag-informacoes-sobre-todos-os-candidatos","tag-informacoes-sobre-todos-os-candidatos-de-2020","tag-kalil","tag-lista-candidaturas-eleicoes-2020","tag-lista-candidaturas-eleicoes-2020-minas-gerais","tag-lista-de-todos-os-candidatos-eleicoes-2020","tag-lista-de-todos-os-candidatos-eleicoes-2020-minas-gerais","tag-o-que-fazem-os-prefeitos","tag-pesquisa-eleitoral","tag-prefeitos-que-tentarao-reeleicao","tag-primeiros-registros-de-candidatura-para-as-eleicoes-2020-em-minas-gerais-sao-recebidos-pela-justica-eleitoral","tag-prisao-de-candidatos","tag-prisao-em-flagrante-de-candidatos","tag-quem-tiver-covid-19-nos-proximos-dias-nao-deve-comparecer-as-secoes-eleitorais","tag-reeleicao","tag-relacao-candidaturas-eleicoes-2020","tag-relacao-candidaturas-eleicoes-2020-minas-gerais","tag-relacao-de-todos-os-candidatos-eleicoes-2020","tag-relacao-de-todos-os-candidatos-eleicoes-2020-minas-gerais","tag-seguranca-eleicoes-2020","tag-simulacao-eleicoes-2020","tag-simulador-eleicoes-2020","tag-tse","tag-votacao-eleicoes-2020"],"yoast_head":"<!-- This site is optimized with the Yoast SEO plugin v28.3 - https:\/\/yoast.com\/product\/yoast-seo-wordpress\/ -->\n<title>Voc\u00ea sabe a diferen\u00e7a entre enquete e pesquisa eleitoral? - Aconteceu no Vale<\/title>\n<meta name=\"robots\" content=\"index, follow, max-snippet:-1, max-image-preview:large, max-video-preview:-1\" \/>\n<link rel=\"canonical\" href=\"https:\/\/aconteceunovale.com.br\/portal\/?p=169271\" \/>\n<meta property=\"og:locale\" content=\"pt_BR\" \/>\n<meta property=\"og:type\" content=\"article\" \/>\n<meta property=\"og:title\" content=\"Voc\u00ea sabe a diferen\u00e7a entre enquete e pesquisa eleitoral? - Aconteceu no Vale\" \/>\n<meta property=\"og:description\" content=\"Voc\u00ea sabe a diferen\u00e7a entre enquete e pesquisa eleitoral? A primeira est\u00e1 proibida desde o dia 27 de setembro pela\u00a0Resolu\u00e7\u00e3o do Tribunal Superior Eleitoral (TSE) n\u00ba 23.600\/2019, publicada com os ajustes feitos a partir das mudan\u00e7as de prazos decorrentes da\u00a0Emenda Constitucional n\u00ba 107\/2020, que adiou as Elei\u00e7\u00f5es Municipais de 2020 para novembro, devido \u00e0 pandemia [&hellip;]\" \/>\n<meta property=\"og:url\" content=\"https:\/\/aconteceunovale.com.br\/portal\/?p=169271\" \/>\n<meta property=\"og:site_name\" content=\"Aconteceu no Vale\" \/>\n<meta property=\"article:publisher\" content=\"https:\/\/www.facebook.com\/aconteceunovale\/\" \/>\n<meta property=\"article:published_time\" content=\"2020-11-01T19:47:47+00:00\" \/>\n<meta property=\"article:modified_time\" content=\"2020-11-01T19:48:16+00:00\" \/>\n<meta property=\"og:image\" content=\"https:\/\/aconteceunovale.com.br\/portal\/wp-content\/uploads\/2016\/08\/candidato1.jpg\" \/>\n\t<meta property=\"og:image:width\" content=\"600\" \/>\n\t<meta property=\"og:image:height\" content=\"450\" \/>\n\t<meta property=\"og:image:type\" content=\"image\/jpeg\" \/>\n<meta name=\"author\" content=\"Reda\u00e7\u00e3o Aconteceu no Vale\" \/>\n<meta name=\"twitter:card\" content=\"summary_large_image\" \/>\n<meta name=\"twitter:creator\" content=\"@noticiadosvales\" \/>\n<meta name=\"twitter:site\" content=\"@noticiadosvales\" \/>\n<meta name=\"twitter:label1\" content=\"Escrito por\" \/>\n\t<meta name=\"twitter:data1\" content=\"Reda\u00e7\u00e3o Aconteceu no Vale\" \/>\n\t<meta name=\"twitter:label2\" content=\"Est. tempo de leitura\" \/>\n\t<meta name=\"twitter:data2\" content=\"3 minutos\" \/>\n<script type=\"application\/ld+json\" class=\"yoast-schema-graph\">{\"@context\":\"https:\\\/\\\/schema.org\",\"@graph\":[{\"@type\":\"Article\",\"@id\":\"https:\\\/\\\/aconteceunovale.com.br\\\/portal\\\/?p=169271#article\",\"isPartOf\":{\"@id\":\"https:\\\/\\\/aconteceunovale.com.br\\\/portal\\\/?p=169271\"},\"author\":{\"name\":\"Reda\u00e7\u00e3o Aconteceu no Vale\",\"@id\":\"https:\\\/\\\/aconteceunovale.com.br\\\/portal\\\/#\\\/schema\\\/person\\\/7d2f26d1483f8a63de73da1ee0754d35\"},\"headline\":\"Voc\u00ea sabe a diferen\u00e7a entre enquete e pesquisa eleitoral?\",\"datePublished\":\"2020-11-01T19:47:47+00:00\",\"dateModified\":\"2020-11-01T19:48:16+00:00\",\"mainEntityOfPage\":{\"@id\":\"https:\\\/\\\/aconteceunovale.com.br\\\/portal\\\/?p=169271\"},\"wordCount\":529,\"commentCount\":0,\"image\":{\"@id\":\"https:\\\/\\\/aconteceunovale.com.br\\\/portal\\\/?p=169271#primaryimage\"},\"thumbnailUrl\":\"https:\\\/\\\/aconteceunovale.com.br\\\/portal\\\/wp-content\\\/uploads\\\/2016\\\/08\\\/candidato1.jpg\",\"keywords\":[\"Alexandre Kalil\",\"Aplicativo Candidaturas 2020\",\"Aprenda a votar\",\"Belo Horizonte\",\"bh\",\"Candidatos a prefeito de\",\"Candidatos a prefeito Elei\u00e7\u00f5es 2020\",\"Candidatos a prefeito Elei\u00e7\u00f5es Municipais 2020\",\"Candidatos a prefeito em\",\"Candidatos a vereador de\",\"Candidatos a vereador Elei\u00e7\u00f5es 2020\",\"Candidatos a vereador Elei\u00e7\u00f5es Municipais 2020\",\"Candidatos a vereador em\",\"candidatos a vereador em 2020\",\"Candidatos Elei\u00e7\u00f5es 2020\",\"Candidatos Elei\u00e7\u00f5es 2020 Minas Gerais\",\"Candidatos Elei\u00e7\u00f5es Municipais 2020\",\"Candidatos Elei\u00e7\u00f5es Municipais 2020 Minas Gerais\",\"Candidatos presos\",\"Candidaturas 2020\",\"Candidaturas Elei\u00e7\u00f5es Municipais 2020\",\"Candidaturas Elei\u00e7\u00f5es Municipais 2020 Minas Gerais\",\"cnm\",\"Confedera\u00e7\u00e3o Nacional dos Munic\u00edpios\",\"Consultas sobre candidatos 2020\",\"Coronav\u00edrus elei\u00e7\u00f5es 2020\",\"Covid-19 elei\u00e7\u00f5es 2020\",\"Diferen\u00e7a entre pesquisa e enquete eleitoral\",\"Divulga\u00e7\u00e3o de Candidaturas 2020\",\"Divulga\u00e7\u00e3o de Candidaturas Elei\u00e7\u00f5es 2020\",\"Divulga\u00e7\u00e3o de Candidaturas Elei\u00e7\u00f5es 2020 Minas Gerais\",\"Download Aplicativo Candidaturas 2020\",\"Elei\u00e7\u00f5es 2020\",\"Elei\u00e7\u00f5es 2020 Minas Gerais\",\"Elei\u00e7\u00f5es 2020: candidatos agora s\u00f3 podem ser presos em flagrante\",\"Elei\u00e7\u00f5es municipais 2020\",\"Elei\u00e7\u00f5es Municipais 2020 Divulga\u00e7\u00e3o de Candidaturas\",\"Elei\u00e7\u00f5es Municipais 2020 Minas Gerais\",\"Elei\u00e7\u00f5es Municipais de 2020\",\"Enquete eleitoral\",\"informa\u00e7\u00f5es detalhadas sobre todos os candidatos de 2020\",\"informa\u00e7\u00f5es sobre todos os candidatos\",\"informa\u00e7\u00f5es sobre todos os candidatos de 2020\",\"Kalil\",\"Lista candidaturas Elei\u00e7\u00f5es 2020\",\"Lista candidaturas Elei\u00e7\u00f5es 2020 Minas Gerais\",\"Lista de todos os candidatos Elei\u00e7\u00f5es 2020\",\"Lista de todos os candidatos Elei\u00e7\u00f5es 2020 Minas Gerais\",\"O que fazem os prefeitos\",\"pesquisa eleitoral\",\"Prefeitos que tentar\u00e3o reelei\u00e7\u00e3o\",\"Primeiros registros de candidatura para as Elei\u00e7\u00f5es 2020 em Minas Gerais s\u00e3o recebidos pela Justi\u00e7a Eleitoral\",\"Pris\u00e3o de candidatos\",\"Pris\u00e3o em flagrante de candidatos\",\"Quem tiver Covid-19 nos pr\u00f3ximos dias n\u00e3o deve comparecer \u00e0s se\u00e7\u00f5es eleitorais\",\"reelei\u00e7\u00e3o\",\"Rela\u00e7\u00e3o candidaturas Elei\u00e7\u00f5es 2020\",\"Rela\u00e7\u00e3o candidaturas Elei\u00e7\u00f5es 2020 Minas Gerais\",\"Rela\u00e7\u00e3o de todos os candidatos Elei\u00e7\u00f5es 2020\",\"Rela\u00e7\u00e3o de todos os candidatos Elei\u00e7\u00f5es 2020 Minas Gerais\",\"Seguran\u00e7a elei\u00e7\u00f5es 2020\",\"Simula\u00e7\u00e3o elei\u00e7\u00f5es 2020\",\"Simulador elei\u00e7\u00f5es 2020\",\"TSE\",\"Vota\u00e7\u00e3o elei\u00e7\u00f5es 2020\"],\"articleSection\":[\"Brasil\",\"Elei\u00e7\u00f5es 2020\",\"Pol\u00edtica\"],\"inLanguage\":\"pt-BR\",\"potentialAction\":[{\"@type\":\"CommentAction\",\"name\":\"Comment\",\"target\":[\"https:\\\/\\\/aconteceunovale.com.br\\\/portal\\\/?p=169271#respond\"]}]},{\"@type\":\"WebPage\",\"@id\":\"https:\\\/\\\/aconteceunovale.com.br\\\/portal\\\/?p=169271\",\"url\":\"https:\\\/\\\/aconteceunovale.com.br\\\/portal\\\/?p=169271\",\"name\":\"Voc\u00ea sabe a diferen\u00e7a entre enquete e pesquisa eleitoral? - Aconteceu no Vale\",\"isPartOf\":{\"@id\":\"https:\\\/\\\/aconteceunovale.com.br\\\/portal\\\/#website\"},\"primaryImageOfPage\":{\"@id\":\"https:\\\/\\\/aconteceunovale.com.br\\\/portal\\\/?p=169271#primaryimage\"},\"image\":{\"@id\":\"https:\\\/\\\/aconteceunovale.com.br\\\/portal\\\/?p=169271#primaryimage\"},\"thumbnailUrl\":\"https:\\\/\\\/aconteceunovale.com.br\\\/portal\\\/wp-content\\\/uploads\\\/2016\\\/08\\\/candidato1.jpg\",\"datePublished\":\"2020-11-01T19:47:47+00:00\",\"dateModified\":\"2020-11-01T19:48:16+00:00\",\"author\":{\"@id\":\"https:\\\/\\\/aconteceunovale.com.br\\\/portal\\\/#\\\/schema\\\/person\\\/7d2f26d1483f8a63de73da1ee0754d35\"},\"breadcrumb\":{\"@id\":\"https:\\\/\\\/aconteceunovale.com.br\\\/portal\\\/?p=169271#breadcrumb\"},\"inLanguage\":\"pt-BR\",\"potentialAction\":[{\"@type\":\"ReadAction\",\"target\":[\"https:\\\/\\\/aconteceunovale.com.br\\\/portal\\\/?p=169271\"]}]},{\"@type\":\"ImageObject\",\"inLanguage\":\"pt-BR\",\"@id\":\"https:\\\/\\\/aconteceunovale.com.br\\\/portal\\\/?p=169271#primaryimage\",\"url\":\"https:\\\/\\\/aconteceunovale.com.br\\\/portal\\\/wp-content\\\/uploads\\\/2016\\\/08\\\/candidato1.jpg\",\"contentUrl\":\"https:\\\/\\\/aconteceunovale.com.br\\\/portal\\\/wp-content\\\/uploads\\\/2016\\\/08\\\/candidato1.jpg\",\"width\":600,\"height\":450},{\"@type\":\"BreadcrumbList\",\"@id\":\"https:\\\/\\\/aconteceunovale.com.br\\\/portal\\\/?p=169271#breadcrumb\",\"itemListElement\":[{\"@type\":\"ListItem\",\"position\":1,\"name\":\"In\u00edcio\",\"item\":\"https:\\\/\\\/aconteceunovale.com.br\\\/portal\\\/\"},{\"@type\":\"ListItem\",\"position\":2,\"name\":\"Voc\u00ea sabe a diferen\u00e7a entre enquete e pesquisa eleitoral?\"}]},{\"@type\":\"WebSite\",\"@id\":\"https:\\\/\\\/aconteceunovale.com.br\\\/portal\\\/#website\",\"url\":\"https:\\\/\\\/aconteceunovale.com.br\\\/portal\\\/\",\"name\":\"Aconteceu no Vale\",\"description\":\"Portal de Not\u00edcias\",\"potentialAction\":[{\"@type\":\"SearchAction\",\"target\":{\"@type\":\"EntryPoint\",\"urlTemplate\":\"https:\\\/\\\/aconteceunovale.com.br\\\/portal\\\/?s={search_term_string}\"},\"query-input\":{\"@type\":\"PropertyValueSpecification\",\"valueRequired\":true,\"valueName\":\"search_term_string\"}}],\"inLanguage\":\"pt-BR\"},{\"@type\":\"Person\",\"@id\":\"https:\\\/\\\/aconteceunovale.com.br\\\/portal\\\/#\\\/schema\\\/person\\\/7d2f26d1483f8a63de73da1ee0754d35\",\"name\":\"Reda\u00e7\u00e3o Aconteceu no Vale\",\"description\":\"Equipe de reportagem do Aconteceu no Vale, portal de not\u00edcias do Vale do Jequitinhonha, em Minas Gerais. Cobrimos as 51 cidades do Vale desde 2013. Sugest\u00f5es de pauta e pedidos de corre\u00e7\u00e3o: contato@aconteceunovale.com.br\",\"url\":\"https:\\\/\\\/aconteceunovale.com.br\\\/portal\\\/?author=4\"}]}<\/script>\n<!-- \/ Yoast SEO plugin. -->","yoast_head_json":{"title":"Voc\u00ea sabe a diferen\u00e7a entre enquete e pesquisa eleitoral? - Aconteceu no Vale","robots":{"index":"index","follow":"follow","max-snippet":"max-snippet:-1","max-image-preview":"max-image-preview:large","max-video-preview":"max-video-preview:-1"},"canonical":"https:\/\/aconteceunovale.com.br\/portal\/?p=169271","og_locale":"pt_BR","og_type":"article","og_title":"Voc\u00ea sabe a diferen\u00e7a entre enquete e pesquisa eleitoral? - Aconteceu no Vale","og_description":"Voc\u00ea sabe a diferen\u00e7a entre enquete e pesquisa eleitoral? A primeira est\u00e1 proibida desde o dia 27 de setembro pela\u00a0Resolu\u00e7\u00e3o do Tribunal Superior Eleitoral (TSE) n\u00ba 23.600\/2019, publicada com os ajustes feitos a partir das mudan\u00e7as de prazos decorrentes da\u00a0Emenda Constitucional n\u00ba 107\/2020, que adiou as Elei\u00e7\u00f5es Municipais de 2020 para novembro, devido \u00e0 pandemia [&hellip;]","og_url":"https:\/\/aconteceunovale.com.br\/portal\/?p=169271","og_site_name":"Aconteceu no Vale","article_publisher":"https:\/\/www.facebook.com\/aconteceunovale\/","article_published_time":"2020-11-01T19:47:47+00:00","article_modified_time":"2020-11-01T19:48:16+00:00","og_image":[{"width":600,"height":450,"url":"https:\/\/aconteceunovale.com.br\/portal\/wp-content\/uploads\/2016\/08\/candidato1.jpg","type":"image\/jpeg"}],"author":"Reda\u00e7\u00e3o Aconteceu no Vale","twitter_card":"summary_large_image","twitter_creator":"@noticiadosvales","twitter_site":"@noticiadosvales","twitter_misc":{"Escrito por":"Reda\u00e7\u00e3o Aconteceu no Vale","Est. tempo de leitura":"3 minutos"},"schema":{"@context":"https:\/\/schema.org","@graph":[{"@type":"Article","@id":"https:\/\/aconteceunovale.com.br\/portal\/?p=169271#article","isPartOf":{"@id":"https:\/\/aconteceunovale.com.br\/portal\/?p=169271"},"author":{"name":"Reda\u00e7\u00e3o Aconteceu no Vale","@id":"https:\/\/aconteceunovale.com.br\/portal\/#\/schema\/person\/7d2f26d1483f8a63de73da1ee0754d35"},"headline":"Voc\u00ea sabe a diferen\u00e7a entre enquete e pesquisa eleitoral?","datePublished":"2020-11-01T19:47:47+00:00","dateModified":"2020-11-01T19:48:16+00:00","mainEntityOfPage":{"@id":"https:\/\/aconteceunovale.com.br\/portal\/?p=169271"},"wordCount":529,"commentCount":0,"image":{"@id":"https:\/\/aconteceunovale.com.br\/portal\/?p=169271#primaryimage"},"thumbnailUrl":"https:\/\/aconteceunovale.com.br\/portal\/wp-content\/uploads\/2016\/08\/candidato1.jpg","keywords":["Alexandre Kalil","Aplicativo Candidaturas 2020","Aprenda a votar","Belo Horizonte","bh","Candidatos a prefeito de","Candidatos a prefeito Elei\u00e7\u00f5es 2020","Candidatos a prefeito Elei\u00e7\u00f5es Municipais 2020","Candidatos a prefeito em","Candidatos a vereador de","Candidatos a vereador Elei\u00e7\u00f5es 2020","Candidatos a vereador Elei\u00e7\u00f5es Municipais 2020","Candidatos a vereador em","candidatos a vereador em 2020","Candidatos Elei\u00e7\u00f5es 2020","Candidatos Elei\u00e7\u00f5es 2020 Minas Gerais","Candidatos Elei\u00e7\u00f5es Municipais 2020","Candidatos Elei\u00e7\u00f5es Municipais 2020 Minas Gerais","Candidatos presos","Candidaturas 2020","Candidaturas Elei\u00e7\u00f5es Municipais 2020","Candidaturas Elei\u00e7\u00f5es Municipais 2020 Minas Gerais","cnm","Confedera\u00e7\u00e3o Nacional dos Munic\u00edpios","Consultas sobre candidatos 2020","Coronav\u00edrus elei\u00e7\u00f5es 2020","Covid-19 elei\u00e7\u00f5es 2020","Diferen\u00e7a entre pesquisa e enquete eleitoral","Divulga\u00e7\u00e3o de Candidaturas 2020","Divulga\u00e7\u00e3o de Candidaturas Elei\u00e7\u00f5es 2020","Divulga\u00e7\u00e3o de Candidaturas Elei\u00e7\u00f5es 2020 Minas Gerais","Download Aplicativo Candidaturas 2020","Elei\u00e7\u00f5es 2020","Elei\u00e7\u00f5es 2020 Minas Gerais","Elei\u00e7\u00f5es 2020: candidatos agora s\u00f3 podem ser presos em flagrante","Elei\u00e7\u00f5es municipais 2020","Elei\u00e7\u00f5es Municipais 2020 Divulga\u00e7\u00e3o de Candidaturas","Elei\u00e7\u00f5es Municipais 2020 Minas Gerais","Elei\u00e7\u00f5es Municipais de 2020","Enquete eleitoral","informa\u00e7\u00f5es detalhadas sobre todos os candidatos de 2020","informa\u00e7\u00f5es sobre todos os candidatos","informa\u00e7\u00f5es sobre todos os candidatos de 2020","Kalil","Lista candidaturas Elei\u00e7\u00f5es 2020","Lista candidaturas Elei\u00e7\u00f5es 2020 Minas Gerais","Lista de todos os candidatos Elei\u00e7\u00f5es 2020","Lista de todos os candidatos Elei\u00e7\u00f5es 2020 Minas Gerais","O que fazem os prefeitos","pesquisa eleitoral","Prefeitos que tentar\u00e3o reelei\u00e7\u00e3o","Primeiros registros de candidatura para as Elei\u00e7\u00f5es 2020 em Minas Gerais s\u00e3o recebidos pela Justi\u00e7a Eleitoral","Pris\u00e3o de candidatos","Pris\u00e3o em flagrante de candidatos","Quem tiver Covid-19 nos pr\u00f3ximos dias n\u00e3o deve comparecer \u00e0s se\u00e7\u00f5es eleitorais","reelei\u00e7\u00e3o","Rela\u00e7\u00e3o candidaturas Elei\u00e7\u00f5es 2020","Rela\u00e7\u00e3o candidaturas Elei\u00e7\u00f5es 2020 Minas Gerais","Rela\u00e7\u00e3o de todos os candidatos Elei\u00e7\u00f5es 2020","Rela\u00e7\u00e3o de todos os candidatos Elei\u00e7\u00f5es 2020 Minas Gerais","Seguran\u00e7a elei\u00e7\u00f5es 2020","Simula\u00e7\u00e3o elei\u00e7\u00f5es 2020","Simulador elei\u00e7\u00f5es 2020","TSE","Vota\u00e7\u00e3o elei\u00e7\u00f5es 2020"],"articleSection":["Brasil","Elei\u00e7\u00f5es 2020","Pol\u00edtica"],"inLanguage":"pt-BR","potentialAction":[{"@type":"CommentAction","name":"Comment","target":["https:\/\/aconteceunovale.com.br\/portal\/?p=169271#respond"]}]},{"@type":"WebPage","@id":"https:\/\/aconteceunovale.com.br\/portal\/?p=169271","url":"https:\/\/aconteceunovale.com.br\/portal\/?p=169271","name":"Voc\u00ea sabe a diferen\u00e7a entre enquete e pesquisa eleitoral? - Aconteceu no Vale","isPartOf":{"@id":"https:\/\/aconteceunovale.com.br\/portal\/#website"},"primaryImageOfPage":{"@id":"https:\/\/aconteceunovale.com.br\/portal\/?p=169271#primaryimage"},"image":{"@id":"https:\/\/aconteceunovale.com.br\/portal\/?p=169271#primaryimage"},"thumbnailUrl":"https:\/\/aconteceunovale.com.br\/portal\/wp-content\/uploads\/2016\/08\/candidato1.jpg","datePublished":"2020-11-01T19:47:47+00:00","dateModified":"2020-11-01T19:48:16+00:00","author":{"@id":"https:\/\/aconteceunovale.com.br\/portal\/#\/schema\/person\/7d2f26d1483f8a63de73da1ee0754d35"},"breadcrumb":{"@id":"https:\/\/aconteceunovale.com.br\/portal\/?p=169271#breadcrumb"},"inLanguage":"pt-BR","potentialAction":[{"@type":"ReadAction","target":["https:\/\/aconteceunovale.com.br\/portal\/?p=169271"]}]},{"@type":"ImageObject","inLanguage":"pt-BR","@id":"https:\/\/aconteceunovale.com.br\/portal\/?p=169271#primaryimage","url":"https:\/\/aconteceunovale.com.br\/portal\/wp-content\/uploads\/2016\/08\/candidato1.jpg","contentUrl":"https:\/\/aconteceunovale.com.br\/portal\/wp-content\/uploads\/2016\/08\/candidato1.jpg","width":600,"height":450},{"@type":"BreadcrumbList","@id":"https:\/\/aconteceunovale.com.br\/portal\/?p=169271#breadcrumb","itemListElement":[{"@type":"ListItem","position":1,"name":"In\u00edcio","item":"https:\/\/aconteceunovale.com.br\/portal\/"},{"@type":"ListItem","position":2,"name":"Voc\u00ea sabe a diferen\u00e7a entre enquete e pesquisa eleitoral?"}]},{"@type":"WebSite","@id":"https:\/\/aconteceunovale.com.br\/portal\/#website","url":"https:\/\/aconteceunovale.com.br\/portal\/","name":"Aconteceu no Vale","description":"Portal de Not\u00edcias","potentialAction":[{"@type":"SearchAction","target":{"@type":"EntryPoint","urlTemplate":"https:\/\/aconteceunovale.com.br\/portal\/?s={search_term_string}"},"query-input":{"@type":"PropertyValueSpecification","valueRequired":true,"valueName":"search_term_string"}}],"inLanguage":"pt-BR"},{"@type":"Person","@id":"https:\/\/aconteceunovale.com.br\/portal\/#\/schema\/person\/7d2f26d1483f8a63de73da1ee0754d35","name":"Reda\u00e7\u00e3o Aconteceu no Vale","description":"Equipe de reportagem do Aconteceu no Vale, portal de not\u00edcias do Vale do Jequitinhonha, em Minas Gerais. Cobrimos as 51 cidades do Vale desde 2013. Sugest\u00f5es de pauta e pedidos de corre\u00e7\u00e3o: contato@aconteceunovale.com.br","url":"https:\/\/aconteceunovale.com.br\/portal\/?author=4"}]}},"_links":{"self":[{"href":"https:\/\/aconteceunovale.com.br\/portal\/index.php?rest_route=\/wp\/v2\/posts\/169271","targetHints":{"allow":["GET"]}}],"collection":[{"href":"https:\/\/aconteceunovale.com.br\/portal\/index.php?rest_route=\/wp\/v2\/posts"}],"about":[{"href":"https:\/\/aconteceunovale.com.br\/portal\/index.php?rest_route=\/wp\/v2\/types\/post"}],"author":[{"embeddable":true,"href":"https:\/\/aconteceunovale.com.br\/portal\/index.php?rest_route=\/wp\/v2\/users\/4"}],"replies":[{"embeddable":true,"href":"https:\/\/aconteceunovale.com.br\/portal\/index.php?rest_route=%2Fwp%2Fv2%2Fcomments&post=169271"}],"version-history":[{"count":1,"href":"https:\/\/aconteceunovale.com.br\/portal\/index.php?rest_route=\/wp\/v2\/posts\/169271\/revisions"}],"predecessor-version":[{"id":169272,"href":"https:\/\/aconteceunovale.com.br\/portal\/index.php?rest_route=\/wp\/v2\/posts\/169271\/revisions\/169272"}],"wp:featuredmedia":[{"embeddable":true,"href":"https:\/\/aconteceunovale.com.br\/portal\/index.php?rest_route=\/wp\/v2\/media\/95688"}],"wp:attachment":[{"href":"https:\/\/aconteceunovale.com.br\/portal\/index.php?rest_route=%2Fwp%2Fv2%2Fmedia&parent=169271"}],"wp:term":[{"taxonomy":"category","embeddable":true,"href":"https:\/\/aconteceunovale.com.br\/portal\/index.php?rest_route=%2Fwp%2Fv2%2Fcategories&post=169271"},{"taxonomy":"post_tag","embeddable":true,"href":"https:\/\/aconteceunovale.com.br\/portal\/index.php?rest_route=%2Fwp%2Fv2%2Ftags&post=169271"}],"curies":[{"name":"wp","href":"https:\/\/api.w.org\/{rel}","templated":true}]}}