{"id":169254,"date":"2020-10-27T11:48:00","date_gmt":"2020-10-27T14:48:00","guid":{"rendered":"https:\/\/aconteceunovale.com.br\/portal\/?p=169254"},"modified":"2020-11-01T11:50:23","modified_gmt":"2020-11-01T14:50:23","slug":"policia-civil-prende-foragido-da-justica-por-estupro-de-vulneravel-em-medina","status":"publish","type":"post","link":"https:\/\/aconteceunovale.com.br\/portal\/?p=169254","title":{"rendered":"Pol\u00edcia Civil prende foragido da Justi\u00e7a por estupro de vulner\u00e1vel em Medina"},"content":{"rendered":"\n<p>Um homem, de 38 anos, que estava foragido da Justi\u00e7a desde 2017, foi preso pela Pol\u00edcia Civil de Minas Gerais (PCMG), na segunda-feira (26\/10), na cidade de Medina, no Vale do Jequitinhonha.<\/p>\n\n\n\n<p>Segundo apurado pela PCMG, o acusado foi condenado a 48 anos de pris\u00e3o por estupro de vulner\u00e1vel contra a pr\u00f3pria filha e a enteada, no ano de 2015. As investiga\u00e7\u00f5es foram conclu\u00eddas pela PCMG ainda em 2015, quando o suspeito foi indiciado pelo crime.<\/p>\n\n\n\n<p>Ap\u00f3s buscas constantes para cumprimento do mandado de pris\u00e3o, o homem, acompanhado do advogado, se entregou \u00e0 pol\u00edcia e, ap\u00f3s cumpridas as provid\u00eancias de praxe, foi encaminhado ao Sistema Prisional.<\/p>\n\n\n\n<p class=\"has-white-color has-vivid-cyan-blue-background-color has-text-color has-background\">Quer saber as not\u00edcias do <strong>Aconteceu no Vale<\/strong> em primeira m\u00e3o? Siga-nos no Facebook <a rel=\"noreferrer noopener\" href=\"http:\/\/facebook.com\/aconteceunovale\" target=\"_blank\">@aconteceunovale<\/a>, Twitter <a rel=\"noreferrer noopener\" href=\"https:\/\/twitter.com\/noticiadosvales\" target=\"_blank\">@noticiadosvales<\/a> e Instagram <a rel=\"noreferrer noopener\" href=\"https:\/\/www.instagram.com\/aconteceunovale\" target=\"_blank\">@aconteceunovale<\/a>.<\/p>\n","protected":false},"excerpt":{"rendered":"<p>Um homem, de 38 anos, que estava foragido da Justi\u00e7a desde 2017, foi preso pela Pol\u00edcia Civil de Minas Gerais (PCMG), na segunda-feira (26\/10), na cidade de Medina, no Vale do Jequitinhonha. Segundo apurado pela PCMG, o acusado foi condenado a 48 anos de pris\u00e3o por estupro de vulner\u00e1vel contra a pr\u00f3pria filha e a [&hellip;]<\/p>\n","protected":false},"author":4,"featured_media":163415,"comment_status":"open","ping_status":"closed","sticky":false,"template":"","format":"standard","meta":{"amp_status":"","footnotes":""},"categories":[120],"tags":[229954,389,604,229953,81713,131915],"class_list":["post-169254","post","type-post","status-publish","format-standard","has-post-thumbnail","hentry","category-jequi","tag-estuprador-preso-em-medina","tag-medina","tag-pcmg","tag-policia-civil-prende-foragido-da-justica-por-estupro-de-vulneravel-em-medina","tag-preso-em-medina","tag-preso-por-estupro-em-medina"],"_links":{"self":[{"href":"https:\/\/aconteceunovale.com.br\/portal\/index.php?rest_route=\/wp\/v2\/posts\/169254","targetHints":{"allow":["GET"]}}],"collection":[{"href":"https:\/\/aconteceunovale.com.br\/portal\/index.php?rest_route=\/wp\/v2\/posts"}],"about":[{"href":"https:\/\/aconteceunovale.com.br\/portal\/index.php?rest_route=\/wp\/v2\/types\/post"}],"author":[{"embeddable":true,"href":"https:\/\/aconteceunovale.com.br\/portal\/index.php?rest_route=\/wp\/v2\/users\/4"}],"replies":[{"embeddable":true,"href":"https:\/\/aconteceunovale.com.br\/portal\/index.php?rest_route=%2Fwp%2Fv2%2Fcomments&post=169254"}],"version-history":[{"count":1,"href":"https:\/\/aconteceunovale.com.br\/portal\/index.php?rest_route=\/wp\/v2\/posts\/169254\/revisions"}],"predecessor-version":[{"id":169255,"href":"https:\/\/aconteceunovale.com.br\/portal\/index.php?rest_route=\/wp\/v2\/posts\/169254\/revisions\/169255"}],"wp:featuredmedia":[{"embeddable":true,"href":"https:\/\/aconteceunovale.com.br\/portal\/index.php?rest_route=\/wp\/v2\/media\/163415"}],"wp:attachment":[{"href":"https:\/\/aconteceunovale.com.br\/portal\/index.php?rest_route=%2Fwp%2Fv2%2Fmedia&parent=169254"}],"wp:term":[{"taxonomy":"category","embeddable":true,"href":"https:\/\/aconteceunovale.com.br\/portal\/index.php?rest_route=%2Fwp%2Fv2%2Fcategories&post=169254"},{"taxonomy":"post_tag","embeddable":true,"href":"https:\/\/aconteceunovale.com.br\/portal\/index.php?rest_route=%2Fwp%2Fv2%2Ftags&post=169254"}],"curies":[{"name":"wp","href":"https:\/\/api.w.org\/{rel}","templated":true}]}}