{"id":169227,"date":"2020-10-31T18:05:19","date_gmt":"2020-10-31T21:05:19","guid":{"rendered":"https:\/\/aconteceunovale.com.br\/portal\/?p=169227"},"modified":"2020-10-31T18:06:43","modified_gmt":"2020-10-31T21:06:43","slug":"aviao-cai-e-pega-fogo-em-rodovia-mineira","status":"publish","type":"post","link":"https:\/\/aconteceunovale.com.br\/portal\/?p=169227","title":{"rendered":"Avi\u00e3o cai e pega fogo em rodovia mineira"},"content":{"rendered":"\n<p class=\"wp-block-paragraph\">Uma aeronave de pequeno porte caiu quando se preparava para pousar e pegou fogo em Ita\u00fana, na regi\u00e3o Centro-Oeste de Minas Gerais, nesta sexta-feira (30\/10\/2020). De acordo com o Corpo de Bombeiros, havia quatro tripulantes no avi\u00e3o: o piloto, o copiloto e um casal de passageiros. Eles conseguiram sair antes das chamas iniciarem e n\u00e3o ficaram feridos.<\/p>\n\n\n\n<p class=\"wp-block-paragraph\">As v\u00edtimas foram atendidas pelo Servi\u00e7o de Atendimento M\u00f3vel de Urg\u00eancia (Samu), mas descartaram a necessidade de deslocamento at\u00e9 o hospital. &#8220;A equipe da USA encontrou com as quatro pessoas que estavam a bordo, tr\u00eas homens e uma mulher, sem idades identificadas. Estavam conscientes e est\u00e1veis, com escoria\u00e7\u00f5es leves. N\u00e3o queriam ser encaminhadas para atendimento secund\u00e1rio, mas seguiram com apoio da equipe da USA para o Hospital Manoel Gon\u00e7alves em Ita\u00fana para realiza\u00e7\u00e3o de exames&#8221;, informou o Samu.&nbsp;<\/p>\n\n\n\n<p class=\"wp-block-paragraph\">Segundo nota do \u00f3rg\u00e3o, os tripulantes contaram que quando a aeronave ia pousar, ela derrapou na pista e os tripulantes pularam do ve\u00edculo. Logo depois jato caiu em um barranco de aproximadamente 30 metros e em seguida pegou fogo.<\/p>\n\n\n\n<p class=\"wp-block-paragraph\">Os bombeiros precisaram apagar as chamas na aeronave, um jato modelo Phenom 100, particular.\u00a0 A queda ocorreu na rodovia MG-050, na altura do KM, 103, pr\u00f3ximo ao local do pouso, em um aeroporto particular na fazenda S\u00e3o Pedro.\u00a0<\/p>\n\n\n\n<figure class=\"wp-block-gallery columns-1 is-cropped wp-block-gallery-1 is-layout-flex wp-block-gallery-is-layout-flex\"><ul class=\"blocks-gallery-grid\"><li class=\"blocks-gallery-item\"><figure><img loading=\"lazy\" decoding=\"async\" width=\"678\" height=\"446\" src=\"https:\/\/aconteceunovale.com.br\/portal\/wp-content\/uploads\/2020\/10\/aviao_itauna_1.png\" alt=\"\" data-id=\"169228\" data-full-url=\"https:\/\/aconteceunovale.com.br\/portal\/wp-content\/uploads\/2020\/10\/aviao_itauna_1.png\" data-link=\"https:\/\/aconteceunovale.com.br\/portal\/?attachment_id=169228\" class=\"wp-image-169228\" srcset=\"https:\/\/aconteceunovale.com.br\/portal\/wp-content\/uploads\/2020\/10\/aviao_itauna_1.png 678w, https:\/\/aconteceunovale.com.br\/portal\/wp-content\/uploads\/2020\/10\/aviao_itauna_1-300x197.png 300w, https:\/\/aconteceunovale.com.br\/portal\/wp-content\/uploads\/2020\/10\/aviao_itauna_1-638x420.png 638w\" sizes=\"auto, (max-width: 678px) 100vw, 678px\" \/><figcaption class=\"blocks-gallery-item__caption\"><em>Foto: Reprodu\u00e7\u00e3o \/ Redes Sociais<\/em><\/figcaption><\/figure><\/li><li class=\"blocks-gallery-item\"><figure><img loading=\"lazy\" decoding=\"async\" width=\"678\" height=\"431\" src=\"https:\/\/aconteceunovale.com.br\/portal\/wp-content\/uploads\/2020\/10\/aviao_itauna_2.png\" alt=\"\" data-id=\"169229\" data-full-url=\"https:\/\/aconteceunovale.com.br\/portal\/wp-content\/uploads\/2020\/10\/aviao_itauna_2.png\" data-link=\"https:\/\/aconteceunovale.com.br\/portal\/?attachment_id=169229\" class=\"wp-image-169229\" srcset=\"https:\/\/aconteceunovale.com.br\/portal\/wp-content\/uploads\/2020\/10\/aviao_itauna_2.png 678w, https:\/\/aconteceunovale.com.br\/portal\/wp-content\/uploads\/2020\/10\/aviao_itauna_2-300x191.png 300w, https:\/\/aconteceunovale.com.br\/portal\/wp-content\/uploads\/2020\/10\/aviao_itauna_2-661x420.png 661w\" sizes=\"auto, (max-width: 678px) 100vw, 678px\" \/><figcaption class=\"blocks-gallery-item__caption\"><em>Foto: Divulga\u00e7\u00e3o \/ Corpo de Bombeiros<\/em><\/figcaption><\/figure><\/li><\/ul><\/figure>\n\n\n\n<p class=\"has-white-color has-vivid-cyan-blue-background-color has-text-color has-background wp-block-paragraph\">Quer saber as not\u00edcias do <strong>Aconteceu no Vale<\/strong> em primeira m\u00e3o? Siga-nos no Facebook <a rel=\"noreferrer noopener\" href=\"http:\/\/facebook.com\/aconteceunovale\" target=\"_blank\">@aconteceunovale<\/a>, Twitter <a rel=\"noreferrer noopener\" href=\"https:\/\/twitter.com\/noticiadosvales\" target=\"_blank\">@noticiadosvales<\/a> e Instagram <a rel=\"noreferrer noopener\" href=\"https:\/\/www.instagram.com\/aconteceunovale\" target=\"_blank\">@aconteceunovale<\/a>.<\/p>\n","protected":false},"excerpt":{"rendered":"<p>Uma aeronave de pequeno porte caiu quando se preparava para pousar e pegou fogo em Ita\u00fana, na regi\u00e3o Centro-Oeste de Minas Gerais, nesta sexta-feira (30\/10\/2020). De acordo com o Corpo de Bombeiros, havia quatro tripulantes no avi\u00e3o: o piloto, o copiloto e um casal de passageiros. Eles conseguiram sair antes das chamas iniciarem e n\u00e3o [&hellip;]<\/p>\n","protected":false},"author":4,"featured_media":169228,"comment_status":"open","ping_status":"closed","sticky":false,"template":"","format":"standard","meta":{"amp_status":"","footnotes":""},"categories":[123],"tags":[229928,47283,229930,229929,229925,229924,229926,1018,229927,184983],"class_list":["post-169227","post","type-post","status-publish","format-standard","has-post-thumbnail","hentry","category-gerais","tag-acidente-com-aviao-em-itauna","tag-acidente-com-aviao-em-minas-gerais","tag-acidente-com-aviao-na-fazenda-sao-pedro","tag-acidente-com-phenom-100","tag-aviao-cai-e-pega-fogo-em-itauna","tag-aviao-cai-e-pega-fogo-em-rodovia-mineira","tag-aviao-cai-e-pega-fogo-no-oeste-de-minas","tag-destaque","tag-queda-de-aviao-em-itauna","tag-queda-de-aviao-em-minas"],"yoast_head":"<!-- This site is optimized with the Yoast SEO plugin v28.3 - https:\/\/yoast.com\/product\/yoast-seo-wordpress\/ -->\n<title>Avi\u00e3o cai e pega fogo em rodovia mineira - Aconteceu no Vale<\/title>\n<meta name=\"robots\" content=\"index, follow, max-snippet:-1, max-image-preview:large, max-video-preview:-1\" \/>\n<link rel=\"canonical\" href=\"https:\/\/aconteceunovale.com.br\/portal\/?p=169227\" \/>\n<meta property=\"og:locale\" content=\"pt_BR\" \/>\n<meta property=\"og:type\" content=\"article\" \/>\n<meta property=\"og:title\" content=\"Avi\u00e3o cai e pega fogo em rodovia mineira - Aconteceu no Vale\" \/>\n<meta property=\"og:description\" content=\"Uma aeronave de pequeno porte caiu quando se preparava para pousar e pegou fogo em Ita\u00fana, na regi\u00e3o Centro-Oeste de Minas Gerais, nesta sexta-feira (30\/10\/2020). De acordo com o Corpo de Bombeiros, havia quatro tripulantes no avi\u00e3o: o piloto, o copiloto e um casal de passageiros. Eles conseguiram sair antes das chamas iniciarem e n\u00e3o [&hellip;]\" \/>\n<meta property=\"og:url\" content=\"https:\/\/aconteceunovale.com.br\/portal\/?p=169227\" \/>\n<meta property=\"og:site_name\" content=\"Aconteceu no Vale\" \/>\n<meta property=\"article:publisher\" content=\"https:\/\/www.facebook.com\/aconteceunovale\/\" \/>\n<meta property=\"article:published_time\" content=\"2020-10-31T21:05:19+00:00\" \/>\n<meta property=\"article:modified_time\" content=\"2020-10-31T21:06:43+00:00\" \/>\n<meta property=\"og:image\" content=\"https:\/\/aconteceunovale.com.br\/portal\/wp-content\/uploads\/2020\/10\/aviao_itauna_1.png\" \/>\n\t<meta property=\"og:image:width\" content=\"678\" \/>\n\t<meta property=\"og:image:height\" content=\"446\" \/>\n\t<meta property=\"og:image:type\" content=\"image\/png\" \/>\n<meta name=\"author\" content=\"Reda\u00e7\u00e3o Aconteceu no Vale\" \/>\n<meta name=\"twitter:card\" content=\"summary_large_image\" \/>\n<meta name=\"twitter:creator\" content=\"@noticiadosvales\" \/>\n<meta name=\"twitter:site\" content=\"@noticiadosvales\" \/>\n<meta name=\"twitter:label1\" content=\"Escrito por\" \/>\n\t<meta name=\"twitter:data1\" content=\"Reda\u00e7\u00e3o Aconteceu no Vale\" \/>\n\t<meta name=\"twitter:label2\" content=\"Est. tempo de leitura\" \/>\n\t<meta name=\"twitter:data2\" content=\"1 minuto\" \/>\n<script type=\"application\/ld+json\" class=\"yoast-schema-graph\">{\"@context\":\"https:\\\/\\\/schema.org\",\"@graph\":[{\"@type\":\"Article\",\"@id\":\"https:\\\/\\\/aconteceunovale.com.br\\\/portal\\\/?p=169227#article\",\"isPartOf\":{\"@id\":\"https:\\\/\\\/aconteceunovale.com.br\\\/portal\\\/?p=169227\"},\"author\":{\"name\":\"Reda\u00e7\u00e3o Aconteceu no Vale\",\"@id\":\"https:\\\/\\\/aconteceunovale.com.br\\\/portal\\\/#\\\/schema\\\/person\\\/7d2f26d1483f8a63de73da1ee0754d35\"},\"headline\":\"Avi\u00e3o cai e pega fogo em rodovia mineira\",\"datePublished\":\"2020-10-31T21:05:19+00:00\",\"dateModified\":\"2020-10-31T21:06:43+00:00\",\"mainEntityOfPage\":{\"@id\":\"https:\\\/\\\/aconteceunovale.com.br\\\/portal\\\/?p=169227\"},\"wordCount\":271,\"commentCount\":0,\"image\":{\"@id\":\"https:\\\/\\\/aconteceunovale.com.br\\\/portal\\\/?p=169227#primaryimage\"},\"thumbnailUrl\":\"https:\\\/\\\/aconteceunovale.com.br\\\/portal\\\/wp-content\\\/uploads\\\/2020\\\/10\\\/aviao_itauna_1.png\",\"keywords\":[\"Acidente com avi\u00e3o em Ita\u00fana\",\"acidente com avi\u00e3o em minas gerais\",\"Acidente com avi\u00e3o na fazenda S\u00e3o Pedro\",\"Acidente com Phenom 100\",\"Avi\u00e3o cai e pega fogo em Ita\u00fana\",\"Avi\u00e3o cai e pega fogo em rodovia mineira\",\"Avi\u00e3o cai e pega fogo no Oeste de Minas\",\"destaque\",\"Queda de avi\u00e3o em Ita\u00fana\",\"Queda de avi\u00e3o em Minas\"],\"articleSection\":[\"Minas Gerais\"],\"inLanguage\":\"pt-BR\",\"potentialAction\":[{\"@type\":\"CommentAction\",\"name\":\"Comment\",\"target\":[\"https:\\\/\\\/aconteceunovale.com.br\\\/portal\\\/?p=169227#respond\"]}]},{\"@type\":\"WebPage\",\"@id\":\"https:\\\/\\\/aconteceunovale.com.br\\\/portal\\\/?p=169227\",\"url\":\"https:\\\/\\\/aconteceunovale.com.br\\\/portal\\\/?p=169227\",\"name\":\"Avi\u00e3o cai e pega fogo em rodovia mineira - Aconteceu no Vale\",\"isPartOf\":{\"@id\":\"https:\\\/\\\/aconteceunovale.com.br\\\/portal\\\/#website\"},\"primaryImageOfPage\":{\"@id\":\"https:\\\/\\\/aconteceunovale.com.br\\\/portal\\\/?p=169227#primaryimage\"},\"image\":{\"@id\":\"https:\\\/\\\/aconteceunovale.com.br\\\/portal\\\/?p=169227#primaryimage\"},\"thumbnailUrl\":\"https:\\\/\\\/aconteceunovale.com.br\\\/portal\\\/wp-content\\\/uploads\\\/2020\\\/10\\\/aviao_itauna_1.png\",\"datePublished\":\"2020-10-31T21:05:19+00:00\",\"dateModified\":\"2020-10-31T21:06:43+00:00\",\"author\":{\"@id\":\"https:\\\/\\\/aconteceunovale.com.br\\\/portal\\\/#\\\/schema\\\/person\\\/7d2f26d1483f8a63de73da1ee0754d35\"},\"breadcrumb\":{\"@id\":\"https:\\\/\\\/aconteceunovale.com.br\\\/portal\\\/?p=169227#breadcrumb\"},\"inLanguage\":\"pt-BR\",\"potentialAction\":[{\"@type\":\"ReadAction\",\"target\":[\"https:\\\/\\\/aconteceunovale.com.br\\\/portal\\\/?p=169227\"]}]},{\"@type\":\"ImageObject\",\"inLanguage\":\"pt-BR\",\"@id\":\"https:\\\/\\\/aconteceunovale.com.br\\\/portal\\\/?p=169227#primaryimage\",\"url\":\"https:\\\/\\\/aconteceunovale.com.br\\\/portal\\\/wp-content\\\/uploads\\\/2020\\\/10\\\/aviao_itauna_1.png\",\"contentUrl\":\"https:\\\/\\\/aconteceunovale.com.br\\\/portal\\\/wp-content\\\/uploads\\\/2020\\\/10\\\/aviao_itauna_1.png\",\"width\":678,\"height\":446},{\"@type\":\"BreadcrumbList\",\"@id\":\"https:\\\/\\\/aconteceunovale.com.br\\\/portal\\\/?p=169227#breadcrumb\",\"itemListElement\":[{\"@type\":\"ListItem\",\"position\":1,\"name\":\"In\u00edcio\",\"item\":\"https:\\\/\\\/aconteceunovale.com.br\\\/portal\\\/\"},{\"@type\":\"ListItem\",\"position\":2,\"name\":\"Avi\u00e3o cai e pega fogo em rodovia mineira\"}]},{\"@type\":\"WebSite\",\"@id\":\"https:\\\/\\\/aconteceunovale.com.br\\\/portal\\\/#website\",\"url\":\"https:\\\/\\\/aconteceunovale.com.br\\\/portal\\\/\",\"name\":\"Aconteceu no Vale\",\"description\":\"Portal de Not\u00edcias\",\"potentialAction\":[{\"@type\":\"SearchAction\",\"target\":{\"@type\":\"EntryPoint\",\"urlTemplate\":\"https:\\\/\\\/aconteceunovale.com.br\\\/portal\\\/?s={search_term_string}\"},\"query-input\":{\"@type\":\"PropertyValueSpecification\",\"valueRequired\":true,\"valueName\":\"search_term_string\"}}],\"inLanguage\":\"pt-BR\"},{\"@type\":\"Person\",\"@id\":\"https:\\\/\\\/aconteceunovale.com.br\\\/portal\\\/#\\\/schema\\\/person\\\/7d2f26d1483f8a63de73da1ee0754d35\",\"name\":\"Reda\u00e7\u00e3o Aconteceu no Vale\",\"description\":\"Equipe de reportagem do Aconteceu no Vale, portal de not\u00edcias do Vale do Jequitinhonha, em Minas Gerais. Cobrimos as 51 cidades do Vale desde 2013. Sugest\u00f5es de pauta e pedidos de corre\u00e7\u00e3o: contato@aconteceunovale.com.br\",\"url\":\"https:\\\/\\\/aconteceunovale.com.br\\\/portal\\\/?author=4\"}]}<\/script>\n<!-- \/ Yoast SEO plugin. -->","yoast_head_json":{"title":"Avi\u00e3o cai e pega fogo em rodovia mineira - Aconteceu no Vale","robots":{"index":"index","follow":"follow","max-snippet":"max-snippet:-1","max-image-preview":"max-image-preview:large","max-video-preview":"max-video-preview:-1"},"canonical":"https:\/\/aconteceunovale.com.br\/portal\/?p=169227","og_locale":"pt_BR","og_type":"article","og_title":"Avi\u00e3o cai e pega fogo em rodovia mineira - Aconteceu no Vale","og_description":"Uma aeronave de pequeno porte caiu quando se preparava para pousar e pegou fogo em Ita\u00fana, na regi\u00e3o Centro-Oeste de Minas Gerais, nesta sexta-feira (30\/10\/2020). De acordo com o Corpo de Bombeiros, havia quatro tripulantes no avi\u00e3o: o piloto, o copiloto e um casal de passageiros. Eles conseguiram sair antes das chamas iniciarem e n\u00e3o [&hellip;]","og_url":"https:\/\/aconteceunovale.com.br\/portal\/?p=169227","og_site_name":"Aconteceu no Vale","article_publisher":"https:\/\/www.facebook.com\/aconteceunovale\/","article_published_time":"2020-10-31T21:05:19+00:00","article_modified_time":"2020-10-31T21:06:43+00:00","og_image":[{"width":678,"height":446,"url":"https:\/\/aconteceunovale.com.br\/portal\/wp-content\/uploads\/2020\/10\/aviao_itauna_1.png","type":"image\/png"}],"author":"Reda\u00e7\u00e3o Aconteceu no Vale","twitter_card":"summary_large_image","twitter_creator":"@noticiadosvales","twitter_site":"@noticiadosvales","twitter_misc":{"Escrito por":"Reda\u00e7\u00e3o Aconteceu no Vale","Est. tempo de leitura":"1 minuto"},"schema":{"@context":"https:\/\/schema.org","@graph":[{"@type":"Article","@id":"https:\/\/aconteceunovale.com.br\/portal\/?p=169227#article","isPartOf":{"@id":"https:\/\/aconteceunovale.com.br\/portal\/?p=169227"},"author":{"name":"Reda\u00e7\u00e3o Aconteceu no Vale","@id":"https:\/\/aconteceunovale.com.br\/portal\/#\/schema\/person\/7d2f26d1483f8a63de73da1ee0754d35"},"headline":"Avi\u00e3o cai e pega fogo em rodovia mineira","datePublished":"2020-10-31T21:05:19+00:00","dateModified":"2020-10-31T21:06:43+00:00","mainEntityOfPage":{"@id":"https:\/\/aconteceunovale.com.br\/portal\/?p=169227"},"wordCount":271,"commentCount":0,"image":{"@id":"https:\/\/aconteceunovale.com.br\/portal\/?p=169227#primaryimage"},"thumbnailUrl":"https:\/\/aconteceunovale.com.br\/portal\/wp-content\/uploads\/2020\/10\/aviao_itauna_1.png","keywords":["Acidente com avi\u00e3o em Ita\u00fana","acidente com avi\u00e3o em minas gerais","Acidente com avi\u00e3o na fazenda S\u00e3o Pedro","Acidente com Phenom 100","Avi\u00e3o cai e pega fogo em Ita\u00fana","Avi\u00e3o cai e pega fogo em rodovia mineira","Avi\u00e3o cai e pega fogo no Oeste de Minas","destaque","Queda de avi\u00e3o em Ita\u00fana","Queda de avi\u00e3o em Minas"],"articleSection":["Minas Gerais"],"inLanguage":"pt-BR","potentialAction":[{"@type":"CommentAction","name":"Comment","target":["https:\/\/aconteceunovale.com.br\/portal\/?p=169227#respond"]}]},{"@type":"WebPage","@id":"https:\/\/aconteceunovale.com.br\/portal\/?p=169227","url":"https:\/\/aconteceunovale.com.br\/portal\/?p=169227","name":"Avi\u00e3o cai e pega fogo em rodovia mineira - Aconteceu no Vale","isPartOf":{"@id":"https:\/\/aconteceunovale.com.br\/portal\/#website"},"primaryImageOfPage":{"@id":"https:\/\/aconteceunovale.com.br\/portal\/?p=169227#primaryimage"},"image":{"@id":"https:\/\/aconteceunovale.com.br\/portal\/?p=169227#primaryimage"},"thumbnailUrl":"https:\/\/aconteceunovale.com.br\/portal\/wp-content\/uploads\/2020\/10\/aviao_itauna_1.png","datePublished":"2020-10-31T21:05:19+00:00","dateModified":"2020-10-31T21:06:43+00:00","author":{"@id":"https:\/\/aconteceunovale.com.br\/portal\/#\/schema\/person\/7d2f26d1483f8a63de73da1ee0754d35"},"breadcrumb":{"@id":"https:\/\/aconteceunovale.com.br\/portal\/?p=169227#breadcrumb"},"inLanguage":"pt-BR","potentialAction":[{"@type":"ReadAction","target":["https:\/\/aconteceunovale.com.br\/portal\/?p=169227"]}]},{"@type":"ImageObject","inLanguage":"pt-BR","@id":"https:\/\/aconteceunovale.com.br\/portal\/?p=169227#primaryimage","url":"https:\/\/aconteceunovale.com.br\/portal\/wp-content\/uploads\/2020\/10\/aviao_itauna_1.png","contentUrl":"https:\/\/aconteceunovale.com.br\/portal\/wp-content\/uploads\/2020\/10\/aviao_itauna_1.png","width":678,"height":446},{"@type":"BreadcrumbList","@id":"https:\/\/aconteceunovale.com.br\/portal\/?p=169227#breadcrumb","itemListElement":[{"@type":"ListItem","position":1,"name":"In\u00edcio","item":"https:\/\/aconteceunovale.com.br\/portal\/"},{"@type":"ListItem","position":2,"name":"Avi\u00e3o cai e pega fogo em rodovia mineira"}]},{"@type":"WebSite","@id":"https:\/\/aconteceunovale.com.br\/portal\/#website","url":"https:\/\/aconteceunovale.com.br\/portal\/","name":"Aconteceu no Vale","description":"Portal de Not\u00edcias","potentialAction":[{"@type":"SearchAction","target":{"@type":"EntryPoint","urlTemplate":"https:\/\/aconteceunovale.com.br\/portal\/?s={search_term_string}"},"query-input":{"@type":"PropertyValueSpecification","valueRequired":true,"valueName":"search_term_string"}}],"inLanguage":"pt-BR"},{"@type":"Person","@id":"https:\/\/aconteceunovale.com.br\/portal\/#\/schema\/person\/7d2f26d1483f8a63de73da1ee0754d35","name":"Reda\u00e7\u00e3o Aconteceu no Vale","description":"Equipe de reportagem do Aconteceu no Vale, portal de not\u00edcias do Vale do Jequitinhonha, em Minas Gerais. Cobrimos as 51 cidades do Vale desde 2013. Sugest\u00f5es de pauta e pedidos de corre\u00e7\u00e3o: contato@aconteceunovale.com.br","url":"https:\/\/aconteceunovale.com.br\/portal\/?author=4"}]}},"_links":{"self":[{"href":"https:\/\/aconteceunovale.com.br\/portal\/index.php?rest_route=\/wp\/v2\/posts\/169227","targetHints":{"allow":["GET"]}}],"collection":[{"href":"https:\/\/aconteceunovale.com.br\/portal\/index.php?rest_route=\/wp\/v2\/posts"}],"about":[{"href":"https:\/\/aconteceunovale.com.br\/portal\/index.php?rest_route=\/wp\/v2\/types\/post"}],"author":[{"embeddable":true,"href":"https:\/\/aconteceunovale.com.br\/portal\/index.php?rest_route=\/wp\/v2\/users\/4"}],"replies":[{"embeddable":true,"href":"https:\/\/aconteceunovale.com.br\/portal\/index.php?rest_route=%2Fwp%2Fv2%2Fcomments&post=169227"}],"version-history":[{"count":1,"href":"https:\/\/aconteceunovale.com.br\/portal\/index.php?rest_route=\/wp\/v2\/posts\/169227\/revisions"}],"predecessor-version":[{"id":169230,"href":"https:\/\/aconteceunovale.com.br\/portal\/index.php?rest_route=\/wp\/v2\/posts\/169227\/revisions\/169230"}],"wp:featuredmedia":[{"embeddable":true,"href":"https:\/\/aconteceunovale.com.br\/portal\/index.php?rest_route=\/wp\/v2\/media\/169228"}],"wp:attachment":[{"href":"https:\/\/aconteceunovale.com.br\/portal\/index.php?rest_route=%2Fwp%2Fv2%2Fmedia&parent=169227"}],"wp:term":[{"taxonomy":"category","embeddable":true,"href":"https:\/\/aconteceunovale.com.br\/portal\/index.php?rest_route=%2Fwp%2Fv2%2Fcategories&post=169227"},{"taxonomy":"post_tag","embeddable":true,"href":"https:\/\/aconteceunovale.com.br\/portal\/index.php?rest_route=%2Fwp%2Fv2%2Ftags&post=169227"}],"curies":[{"name":"wp","href":"https:\/\/api.w.org\/{rel}","templated":true}]}}