{"id":169218,"date":"2020-10-31T16:49:23","date_gmt":"2020-10-31T19:49:23","guid":{"rendered":"https:\/\/aconteceunovale.com.br\/portal\/?p=169218"},"modified":"2020-10-31T16:51:36","modified_gmt":"2020-10-31T19:51:36","slug":"eleicoes-2020-candidatos-agora-so-podem-ser-presos-em-flagrante","status":"publish","type":"post","link":"https:\/\/aconteceunovale.com.br\/portal\/?p=169218","title":{"rendered":"Elei\u00e7\u00f5es 2020: candidatos agora s\u00f3 podem ser presos em flagrante"},"content":{"rendered":"\n<p class=\"wp-block-paragraph\">A partir deste s\u00e1bado (31\/10\/2020), nenhum candidato \u00e0s elei\u00e7\u00f5es 2020 pode ser preso ou detido, a n\u00e3o ser em casos de flagrante.<\/p>\n\n\n\n<p class=\"wp-block-paragraph\">Segundo o C\u00f3digo Eleitoral, a imunidade para os concorrentes come\u00e7a a valer 15 dias antes da elei\u00e7\u00e3o. J\u00e1 eleitores n\u00e3o poder\u00e3o ser presos cinco dias antes das elei\u00e7\u00f5es, ou seja, a partir do dia 10, exceto em flagrante delito; em virtude de senten\u00e7a criminal condenat\u00f3ria por crime inafian\u00e7\u00e1vel; e por desrespeito a salvo-conduto.<\/p>\n\n\n\n<p class=\"wp-block-paragraph\">A regra para ambos os casos vale at\u00e9 48 horas antes depois do t\u00e9rmino do primeiro turno.<\/p>\n\n\n\n<p class=\"wp-block-paragraph\">Ainda pelo calend\u00e1rio eleitoral, hoje tamb\u00e9m \u00e9 o \u00faltimo dia para a requisi\u00e7\u00e3o de funcion\u00e1rios e instala\u00e7\u00f5es destinadas aos servi\u00e7os de transporte de eleitores no primeiro e eventual segundo turnos de vota\u00e7\u00e3o.&nbsp;<\/p>\n\n\n\n<p class=\"wp-block-paragraph\">Este ano por causa da pandemia do novo coronav\u00edrus uma emenda constitucional, aprovada pelo Congresso Nacional, adiou as elei\u00e7\u00f5es de outubro para 15 e 29 de novembro, o primeiro e o segundo turno, respectivamente.<\/p>\n\n\n\n<p class=\"has-white-color has-vivid-cyan-blue-background-color has-text-color has-background wp-block-paragraph\">Quer saber as not\u00edcias do <strong>Aconteceu no Vale<\/strong> em primeira m\u00e3o? Siga-nos no Facebook <a rel=\"noreferrer noopener\" href=\"http:\/\/facebook.com\/aconteceunovale\" target=\"_blank\">@aconteceunovale<\/a>, Twitter <a rel=\"noreferrer noopener\" href=\"https:\/\/twitter.com\/noticiadosvales\" target=\"_blank\">@noticiadosvales<\/a> e Instagram <a rel=\"noreferrer noopener\" href=\"https:\/\/www.instagram.com\/aconteceunovale\" target=\"_blank\">@aconteceunovale<\/a>.<\/p>\n","protected":false},"excerpt":{"rendered":"<p>A partir deste s\u00e1bado (31\/10\/2020), nenhum candidato \u00e0s elei\u00e7\u00f5es 2020 pode ser preso ou detido, a n\u00e3o ser em casos de flagrante. Segundo o C\u00f3digo Eleitoral, a imunidade para os concorrentes come\u00e7a a valer 15 dias antes da elei\u00e7\u00e3o. J\u00e1 eleitores n\u00e3o poder\u00e3o ser presos cinco dias antes das elei\u00e7\u00f5es, ou seja, a partir do [&hellip;]<\/p>\n","protected":false},"author":4,"featured_media":166359,"comment_status":"open","ping_status":"closed","sticky":false,"template":"","format":"standard","meta":{"amp_status":"","footnotes":""},"categories":[6,215642,40240],"tags":[25087,228807,194,1017,107337,228808,228809,107338,107339,228810,228811,107340,228812,228813,228814,228815,228816,229912,228817,228818,228819,568,27867,228820,1018,228821,228822,228823,228824,205329,228825,229909,213145,228826,228827,205330,228828,107345,228829,119292,228830,228831,228832,228833,229458,229537,228838,229910,229911,20744,228834,228835,228836,228837,267],"class_list":["post-169218","post","type-post","status-publish","format-standard","has-post-thumbnail","hentry","category-br","category-eleicoes-2020","category-politica","tag-alexandre-kalil","tag-aplicativo-candidaturas-2020","tag-belo-horizonte","tag-bh","tag-candidatos-a-prefeito-de","tag-candidatos-a-prefeito-eleicoes-2020","tag-candidatos-a-prefeito-eleicoes-municipais-2020","tag-candidatos-a-prefeito-em","tag-candidatos-a-vereador-de","tag-candidatos-a-vereador-eleicoes-2020","tag-candidatos-a-vereador-eleicoes-municipais-2020","tag-candidatos-a-vereador-em","tag-candidatos-a-vereador-em-2020","tag-candidatos-eleicoes-2020","tag-candidatos-eleicoes-2020-minas-gerais","tag-candidatos-eleicoes-municipais-2020","tag-candidatos-eleicoes-municipais-2020-minas-gerais","tag-candidatos-presos","tag-candidaturas-2020","tag-candidaturas-eleicoes-municipais-2020","tag-candidaturas-eleicoes-municipais-2020-minas-gerais","tag-cnm","tag-confederacao-nacional-dos-municipios","tag-consultas-sobre-candidatos-2020","tag-destaque","tag-divulgacao-de-candidaturas-2020","tag-divulgacao-de-candidaturas-eleicoes-2020","tag-divulgacao-de-candidaturas-eleicoes-2020-minas-gerais","tag-download-aplicativo-candidaturas-2020","tag-eleicoes-2020","tag-eleicoes-2020-minas-gerais","tag-eleicoes-2020-candidatos-agora-so-podem-ser-presos-em-flagrante","tag-eleicoes-municipais-2020","tag-eleicoes-municipais-2020-divulgacao-de-candidaturas","tag-eleicoes-municipais-2020-minas-gerais","tag-eleicoes-municipais-de-2020","tag-informacoes-detalhadas-sobre-todos-os-candidatos-de-2020","tag-informacoes-sobre-todos-os-candidatos","tag-informacoes-sobre-todos-os-candidatos-de-2020","tag-kalil","tag-lista-candidaturas-eleicoes-2020","tag-lista-candidaturas-eleicoes-2020-minas-gerais","tag-lista-de-todos-os-candidatos-eleicoes-2020","tag-lista-de-todos-os-candidatos-eleicoes-2020-minas-gerais","tag-o-que-fazem-os-prefeitos","tag-prefeitos-que-tentarao-reeleicao","tag-primeiros-registros-de-candidatura-para-as-eleicoes-2020-em-minas-gerais-sao-recebidos-pela-justica-eleitoral","tag-prisao-de-candidatos","tag-prisao-em-flagrante-de-candidatos","tag-reeleicao","tag-relacao-candidaturas-eleicoes-2020","tag-relacao-candidaturas-eleicoes-2020-minas-gerais","tag-relacao-de-todos-os-candidatos-eleicoes-2020","tag-relacao-de-todos-os-candidatos-eleicoes-2020-minas-gerais","tag-tse"],"yoast_head":"<!-- This site is optimized with the Yoast SEO plugin v28.3 - https:\/\/yoast.com\/product\/yoast-seo-wordpress\/ -->\n<title>Elei\u00e7\u00f5es 2020: candidatos agora s\u00f3 podem ser presos em flagrante - Aconteceu no Vale<\/title>\n<meta name=\"robots\" content=\"index, follow, max-snippet:-1, max-image-preview:large, max-video-preview:-1\" \/>\n<link rel=\"canonical\" href=\"https:\/\/aconteceunovale.com.br\/portal\/?p=169218\" \/>\n<meta property=\"og:locale\" content=\"pt_BR\" \/>\n<meta property=\"og:type\" content=\"article\" \/>\n<meta property=\"og:title\" content=\"Elei\u00e7\u00f5es 2020: candidatos agora s\u00f3 podem ser presos em flagrante - Aconteceu no Vale\" \/>\n<meta property=\"og:description\" content=\"A partir deste s\u00e1bado (31\/10\/2020), nenhum candidato \u00e0s elei\u00e7\u00f5es 2020 pode ser preso ou detido, a n\u00e3o ser em casos de flagrante. Segundo o C\u00f3digo Eleitoral, a imunidade para os concorrentes come\u00e7a a valer 15 dias antes da elei\u00e7\u00e3o. J\u00e1 eleitores n\u00e3o poder\u00e3o ser presos cinco dias antes das elei\u00e7\u00f5es, ou seja, a partir do [&hellip;]\" \/>\n<meta property=\"og:url\" content=\"https:\/\/aconteceunovale.com.br\/portal\/?p=169218\" \/>\n<meta property=\"og:site_name\" content=\"Aconteceu no Vale\" \/>\n<meta property=\"article:publisher\" content=\"https:\/\/www.facebook.com\/aconteceunovale\/\" \/>\n<meta property=\"article:published_time\" content=\"2020-10-31T19:49:23+00:00\" \/>\n<meta property=\"article:modified_time\" content=\"2020-10-31T19:51:36+00:00\" \/>\n<meta property=\"og:image\" content=\"https:\/\/aconteceunovale.com.br\/portal\/wp-content\/uploads\/2020\/07\/preso_homem.jpg\" \/>\n\t<meta property=\"og:image:width\" content=\"675\" \/>\n\t<meta property=\"og:image:height\" content=\"450\" \/>\n\t<meta property=\"og:image:type\" content=\"image\/jpeg\" \/>\n<meta name=\"author\" content=\"Reda\u00e7\u00e3o Aconteceu no Vale\" \/>\n<meta name=\"twitter:card\" content=\"summary_large_image\" \/>\n<meta name=\"twitter:creator\" content=\"@noticiadosvales\" \/>\n<meta name=\"twitter:site\" content=\"@noticiadosvales\" \/>\n<meta name=\"twitter:label1\" content=\"Escrito por\" \/>\n\t<meta name=\"twitter:data1\" content=\"Reda\u00e7\u00e3o Aconteceu no Vale\" \/>\n\t<meta name=\"twitter:label2\" content=\"Est. tempo de leitura\" \/>\n\t<meta name=\"twitter:data2\" content=\"1 minuto\" \/>\n<script type=\"application\/ld+json\" class=\"yoast-schema-graph\">{\"@context\":\"https:\\\/\\\/schema.org\",\"@graph\":[{\"@type\":\"Article\",\"@id\":\"https:\\\/\\\/aconteceunovale.com.br\\\/portal\\\/?p=169218#article\",\"isPartOf\":{\"@id\":\"https:\\\/\\\/aconteceunovale.com.br\\\/portal\\\/?p=169218\"},\"author\":{\"name\":\"Reda\u00e7\u00e3o Aconteceu no Vale\",\"@id\":\"https:\\\/\\\/aconteceunovale.com.br\\\/portal\\\/#\\\/schema\\\/person\\\/7d2f26d1483f8a63de73da1ee0754d35\"},\"headline\":\"Elei\u00e7\u00f5es 2020: candidatos agora s\u00f3 podem ser presos em flagrante\",\"datePublished\":\"2020-10-31T19:49:23+00:00\",\"dateModified\":\"2020-10-31T19:51:36+00:00\",\"mainEntityOfPage\":{\"@id\":\"https:\\\/\\\/aconteceunovale.com.br\\\/portal\\\/?p=169218\"},\"wordCount\":205,\"commentCount\":0,\"image\":{\"@id\":\"https:\\\/\\\/aconteceunovale.com.br\\\/portal\\\/?p=169218#primaryimage\"},\"thumbnailUrl\":\"https:\\\/\\\/aconteceunovale.com.br\\\/portal\\\/wp-content\\\/uploads\\\/2020\\\/07\\\/preso_homem.jpg\",\"keywords\":[\"Alexandre Kalil\",\"Aplicativo Candidaturas 2020\",\"Belo Horizonte\",\"bh\",\"Candidatos a prefeito de\",\"Candidatos a prefeito Elei\u00e7\u00f5es 2020\",\"Candidatos a prefeito Elei\u00e7\u00f5es Municipais 2020\",\"Candidatos a prefeito em\",\"Candidatos a vereador de\",\"Candidatos a vereador Elei\u00e7\u00f5es 2020\",\"Candidatos a vereador Elei\u00e7\u00f5es Municipais 2020\",\"Candidatos a vereador em\",\"candidatos a vereador em 2020\",\"Candidatos Elei\u00e7\u00f5es 2020\",\"Candidatos Elei\u00e7\u00f5es 2020 Minas Gerais\",\"Candidatos Elei\u00e7\u00f5es Municipais 2020\",\"Candidatos Elei\u00e7\u00f5es Municipais 2020 Minas Gerais\",\"Candidatos presos\",\"Candidaturas 2020\",\"Candidaturas Elei\u00e7\u00f5es Municipais 2020\",\"Candidaturas Elei\u00e7\u00f5es Municipais 2020 Minas Gerais\",\"cnm\",\"Confedera\u00e7\u00e3o Nacional dos Munic\u00edpios\",\"Consultas sobre candidatos 2020\",\"destaque\",\"Divulga\u00e7\u00e3o de Candidaturas 2020\",\"Divulga\u00e7\u00e3o de Candidaturas Elei\u00e7\u00f5es 2020\",\"Divulga\u00e7\u00e3o de Candidaturas Elei\u00e7\u00f5es 2020 Minas Gerais\",\"Download Aplicativo Candidaturas 2020\",\"Elei\u00e7\u00f5es 2020\",\"Elei\u00e7\u00f5es 2020 Minas Gerais\",\"Elei\u00e7\u00f5es 2020: candidatos agora s\u00f3 podem ser presos em flagrante\",\"Elei\u00e7\u00f5es municipais 2020\",\"Elei\u00e7\u00f5es Municipais 2020 Divulga\u00e7\u00e3o de Candidaturas\",\"Elei\u00e7\u00f5es Municipais 2020 Minas Gerais\",\"Elei\u00e7\u00f5es Municipais de 2020\",\"informa\u00e7\u00f5es detalhadas sobre todos os candidatos de 2020\",\"informa\u00e7\u00f5es sobre todos os candidatos\",\"informa\u00e7\u00f5es sobre todos os candidatos de 2020\",\"Kalil\",\"Lista candidaturas Elei\u00e7\u00f5es 2020\",\"Lista candidaturas Elei\u00e7\u00f5es 2020 Minas Gerais\",\"Lista de todos os candidatos Elei\u00e7\u00f5es 2020\",\"Lista de todos os candidatos Elei\u00e7\u00f5es 2020 Minas Gerais\",\"O que fazem os prefeitos\",\"Prefeitos que tentar\u00e3o reelei\u00e7\u00e3o\",\"Primeiros registros de candidatura para as Elei\u00e7\u00f5es 2020 em Minas Gerais s\u00e3o recebidos pela Justi\u00e7a Eleitoral\",\"Pris\u00e3o de candidatos\",\"Pris\u00e3o em flagrante de candidatos\",\"reelei\u00e7\u00e3o\",\"Rela\u00e7\u00e3o candidaturas Elei\u00e7\u00f5es 2020\",\"Rela\u00e7\u00e3o candidaturas Elei\u00e7\u00f5es 2020 Minas Gerais\",\"Rela\u00e7\u00e3o de todos os candidatos Elei\u00e7\u00f5es 2020\",\"Rela\u00e7\u00e3o de todos os candidatos Elei\u00e7\u00f5es 2020 Minas Gerais\",\"TSE\"],\"articleSection\":[\"Brasil\",\"Elei\u00e7\u00f5es 2020\",\"Pol\u00edtica\"],\"inLanguage\":\"pt-BR\",\"potentialAction\":[{\"@type\":\"CommentAction\",\"name\":\"Comment\",\"target\":[\"https:\\\/\\\/aconteceunovale.com.br\\\/portal\\\/?p=169218#respond\"]}]},{\"@type\":\"WebPage\",\"@id\":\"https:\\\/\\\/aconteceunovale.com.br\\\/portal\\\/?p=169218\",\"url\":\"https:\\\/\\\/aconteceunovale.com.br\\\/portal\\\/?p=169218\",\"name\":\"Elei\u00e7\u00f5es 2020: candidatos agora s\u00f3 podem ser presos em flagrante - Aconteceu no Vale\",\"isPartOf\":{\"@id\":\"https:\\\/\\\/aconteceunovale.com.br\\\/portal\\\/#website\"},\"primaryImageOfPage\":{\"@id\":\"https:\\\/\\\/aconteceunovale.com.br\\\/portal\\\/?p=169218#primaryimage\"},\"image\":{\"@id\":\"https:\\\/\\\/aconteceunovale.com.br\\\/portal\\\/?p=169218#primaryimage\"},\"thumbnailUrl\":\"https:\\\/\\\/aconteceunovale.com.br\\\/portal\\\/wp-content\\\/uploads\\\/2020\\\/07\\\/preso_homem.jpg\",\"datePublished\":\"2020-10-31T19:49:23+00:00\",\"dateModified\":\"2020-10-31T19:51:36+00:00\",\"author\":{\"@id\":\"https:\\\/\\\/aconteceunovale.com.br\\\/portal\\\/#\\\/schema\\\/person\\\/7d2f26d1483f8a63de73da1ee0754d35\"},\"breadcrumb\":{\"@id\":\"https:\\\/\\\/aconteceunovale.com.br\\\/portal\\\/?p=169218#breadcrumb\"},\"inLanguage\":\"pt-BR\",\"potentialAction\":[{\"@type\":\"ReadAction\",\"target\":[\"https:\\\/\\\/aconteceunovale.com.br\\\/portal\\\/?p=169218\"]}]},{\"@type\":\"ImageObject\",\"inLanguage\":\"pt-BR\",\"@id\":\"https:\\\/\\\/aconteceunovale.com.br\\\/portal\\\/?p=169218#primaryimage\",\"url\":\"https:\\\/\\\/aconteceunovale.com.br\\\/portal\\\/wp-content\\\/uploads\\\/2020\\\/07\\\/preso_homem.jpg\",\"contentUrl\":\"https:\\\/\\\/aconteceunovale.com.br\\\/portal\\\/wp-content\\\/uploads\\\/2020\\\/07\\\/preso_homem.jpg\",\"width\":675,\"height\":450},{\"@type\":\"BreadcrumbList\",\"@id\":\"https:\\\/\\\/aconteceunovale.com.br\\\/portal\\\/?p=169218#breadcrumb\",\"itemListElement\":[{\"@type\":\"ListItem\",\"position\":1,\"name\":\"In\u00edcio\",\"item\":\"https:\\\/\\\/aconteceunovale.com.br\\\/portal\\\/\"},{\"@type\":\"ListItem\",\"position\":2,\"name\":\"Elei\u00e7\u00f5es 2020: candidatos agora s\u00f3 podem ser presos em flagrante\"}]},{\"@type\":\"WebSite\",\"@id\":\"https:\\\/\\\/aconteceunovale.com.br\\\/portal\\\/#website\",\"url\":\"https:\\\/\\\/aconteceunovale.com.br\\\/portal\\\/\",\"name\":\"Aconteceu no Vale\",\"description\":\"Portal de Not\u00edcias\",\"potentialAction\":[{\"@type\":\"SearchAction\",\"target\":{\"@type\":\"EntryPoint\",\"urlTemplate\":\"https:\\\/\\\/aconteceunovale.com.br\\\/portal\\\/?s={search_term_string}\"},\"query-input\":{\"@type\":\"PropertyValueSpecification\",\"valueRequired\":true,\"valueName\":\"search_term_string\"}}],\"inLanguage\":\"pt-BR\"},{\"@type\":\"Person\",\"@id\":\"https:\\\/\\\/aconteceunovale.com.br\\\/portal\\\/#\\\/schema\\\/person\\\/7d2f26d1483f8a63de73da1ee0754d35\",\"name\":\"Reda\u00e7\u00e3o Aconteceu no Vale\",\"description\":\"Equipe de reportagem do Aconteceu no Vale, portal de not\u00edcias do Vale do Jequitinhonha, em Minas Gerais. Cobrimos as 51 cidades do Vale desde 2013. Sugest\u00f5es de pauta e pedidos de corre\u00e7\u00e3o: contato@aconteceunovale.com.br\",\"url\":\"https:\\\/\\\/aconteceunovale.com.br\\\/portal\\\/?author=4\"}]}<\/script>\n<!-- \/ Yoast SEO plugin. -->","yoast_head_json":{"title":"Elei\u00e7\u00f5es 2020: candidatos agora s\u00f3 podem ser presos em flagrante - Aconteceu no Vale","robots":{"index":"index","follow":"follow","max-snippet":"max-snippet:-1","max-image-preview":"max-image-preview:large","max-video-preview":"max-video-preview:-1"},"canonical":"https:\/\/aconteceunovale.com.br\/portal\/?p=169218","og_locale":"pt_BR","og_type":"article","og_title":"Elei\u00e7\u00f5es 2020: candidatos agora s\u00f3 podem ser presos em flagrante - Aconteceu no Vale","og_description":"A partir deste s\u00e1bado (31\/10\/2020), nenhum candidato \u00e0s elei\u00e7\u00f5es 2020 pode ser preso ou detido, a n\u00e3o ser em casos de flagrante. Segundo o C\u00f3digo Eleitoral, a imunidade para os concorrentes come\u00e7a a valer 15 dias antes da elei\u00e7\u00e3o. J\u00e1 eleitores n\u00e3o poder\u00e3o ser presos cinco dias antes das elei\u00e7\u00f5es, ou seja, a partir do [&hellip;]","og_url":"https:\/\/aconteceunovale.com.br\/portal\/?p=169218","og_site_name":"Aconteceu no Vale","article_publisher":"https:\/\/www.facebook.com\/aconteceunovale\/","article_published_time":"2020-10-31T19:49:23+00:00","article_modified_time":"2020-10-31T19:51:36+00:00","og_image":[{"width":675,"height":450,"url":"https:\/\/aconteceunovale.com.br\/portal\/wp-content\/uploads\/2020\/07\/preso_homem.jpg","type":"image\/jpeg"}],"author":"Reda\u00e7\u00e3o Aconteceu no Vale","twitter_card":"summary_large_image","twitter_creator":"@noticiadosvales","twitter_site":"@noticiadosvales","twitter_misc":{"Escrito por":"Reda\u00e7\u00e3o Aconteceu no Vale","Est. tempo de leitura":"1 minuto"},"schema":{"@context":"https:\/\/schema.org","@graph":[{"@type":"Article","@id":"https:\/\/aconteceunovale.com.br\/portal\/?p=169218#article","isPartOf":{"@id":"https:\/\/aconteceunovale.com.br\/portal\/?p=169218"},"author":{"name":"Reda\u00e7\u00e3o Aconteceu no Vale","@id":"https:\/\/aconteceunovale.com.br\/portal\/#\/schema\/person\/7d2f26d1483f8a63de73da1ee0754d35"},"headline":"Elei\u00e7\u00f5es 2020: candidatos agora s\u00f3 podem ser presos em flagrante","datePublished":"2020-10-31T19:49:23+00:00","dateModified":"2020-10-31T19:51:36+00:00","mainEntityOfPage":{"@id":"https:\/\/aconteceunovale.com.br\/portal\/?p=169218"},"wordCount":205,"commentCount":0,"image":{"@id":"https:\/\/aconteceunovale.com.br\/portal\/?p=169218#primaryimage"},"thumbnailUrl":"https:\/\/aconteceunovale.com.br\/portal\/wp-content\/uploads\/2020\/07\/preso_homem.jpg","keywords":["Alexandre Kalil","Aplicativo Candidaturas 2020","Belo Horizonte","bh","Candidatos a prefeito de","Candidatos a prefeito Elei\u00e7\u00f5es 2020","Candidatos a prefeito Elei\u00e7\u00f5es Municipais 2020","Candidatos a prefeito em","Candidatos a vereador de","Candidatos a vereador Elei\u00e7\u00f5es 2020","Candidatos a vereador Elei\u00e7\u00f5es Municipais 2020","Candidatos a vereador em","candidatos a vereador em 2020","Candidatos Elei\u00e7\u00f5es 2020","Candidatos Elei\u00e7\u00f5es 2020 Minas Gerais","Candidatos Elei\u00e7\u00f5es Municipais 2020","Candidatos Elei\u00e7\u00f5es Municipais 2020 Minas Gerais","Candidatos presos","Candidaturas 2020","Candidaturas Elei\u00e7\u00f5es Municipais 2020","Candidaturas Elei\u00e7\u00f5es Municipais 2020 Minas Gerais","cnm","Confedera\u00e7\u00e3o Nacional dos Munic\u00edpios","Consultas sobre candidatos 2020","destaque","Divulga\u00e7\u00e3o de Candidaturas 2020","Divulga\u00e7\u00e3o de Candidaturas Elei\u00e7\u00f5es 2020","Divulga\u00e7\u00e3o de Candidaturas Elei\u00e7\u00f5es 2020 Minas Gerais","Download Aplicativo Candidaturas 2020","Elei\u00e7\u00f5es 2020","Elei\u00e7\u00f5es 2020 Minas Gerais","Elei\u00e7\u00f5es 2020: candidatos agora s\u00f3 podem ser presos em flagrante","Elei\u00e7\u00f5es municipais 2020","Elei\u00e7\u00f5es Municipais 2020 Divulga\u00e7\u00e3o de Candidaturas","Elei\u00e7\u00f5es Municipais 2020 Minas Gerais","Elei\u00e7\u00f5es Municipais de 2020","informa\u00e7\u00f5es detalhadas sobre todos os candidatos de 2020","informa\u00e7\u00f5es sobre todos os candidatos","informa\u00e7\u00f5es sobre todos os candidatos de 2020","Kalil","Lista candidaturas Elei\u00e7\u00f5es 2020","Lista candidaturas Elei\u00e7\u00f5es 2020 Minas Gerais","Lista de todos os candidatos Elei\u00e7\u00f5es 2020","Lista de todos os candidatos Elei\u00e7\u00f5es 2020 Minas Gerais","O que fazem os prefeitos","Prefeitos que tentar\u00e3o reelei\u00e7\u00e3o","Primeiros registros de candidatura para as Elei\u00e7\u00f5es 2020 em Minas Gerais s\u00e3o recebidos pela Justi\u00e7a Eleitoral","Pris\u00e3o de candidatos","Pris\u00e3o em flagrante de candidatos","reelei\u00e7\u00e3o","Rela\u00e7\u00e3o candidaturas Elei\u00e7\u00f5es 2020","Rela\u00e7\u00e3o candidaturas Elei\u00e7\u00f5es 2020 Minas Gerais","Rela\u00e7\u00e3o de todos os candidatos Elei\u00e7\u00f5es 2020","Rela\u00e7\u00e3o de todos os candidatos Elei\u00e7\u00f5es 2020 Minas Gerais","TSE"],"articleSection":["Brasil","Elei\u00e7\u00f5es 2020","Pol\u00edtica"],"inLanguage":"pt-BR","potentialAction":[{"@type":"CommentAction","name":"Comment","target":["https:\/\/aconteceunovale.com.br\/portal\/?p=169218#respond"]}]},{"@type":"WebPage","@id":"https:\/\/aconteceunovale.com.br\/portal\/?p=169218","url":"https:\/\/aconteceunovale.com.br\/portal\/?p=169218","name":"Elei\u00e7\u00f5es 2020: candidatos agora s\u00f3 podem ser presos em flagrante - Aconteceu no Vale","isPartOf":{"@id":"https:\/\/aconteceunovale.com.br\/portal\/#website"},"primaryImageOfPage":{"@id":"https:\/\/aconteceunovale.com.br\/portal\/?p=169218#primaryimage"},"image":{"@id":"https:\/\/aconteceunovale.com.br\/portal\/?p=169218#primaryimage"},"thumbnailUrl":"https:\/\/aconteceunovale.com.br\/portal\/wp-content\/uploads\/2020\/07\/preso_homem.jpg","datePublished":"2020-10-31T19:49:23+00:00","dateModified":"2020-10-31T19:51:36+00:00","author":{"@id":"https:\/\/aconteceunovale.com.br\/portal\/#\/schema\/person\/7d2f26d1483f8a63de73da1ee0754d35"},"breadcrumb":{"@id":"https:\/\/aconteceunovale.com.br\/portal\/?p=169218#breadcrumb"},"inLanguage":"pt-BR","potentialAction":[{"@type":"ReadAction","target":["https:\/\/aconteceunovale.com.br\/portal\/?p=169218"]}]},{"@type":"ImageObject","inLanguage":"pt-BR","@id":"https:\/\/aconteceunovale.com.br\/portal\/?p=169218#primaryimage","url":"https:\/\/aconteceunovale.com.br\/portal\/wp-content\/uploads\/2020\/07\/preso_homem.jpg","contentUrl":"https:\/\/aconteceunovale.com.br\/portal\/wp-content\/uploads\/2020\/07\/preso_homem.jpg","width":675,"height":450},{"@type":"BreadcrumbList","@id":"https:\/\/aconteceunovale.com.br\/portal\/?p=169218#breadcrumb","itemListElement":[{"@type":"ListItem","position":1,"name":"In\u00edcio","item":"https:\/\/aconteceunovale.com.br\/portal\/"},{"@type":"ListItem","position":2,"name":"Elei\u00e7\u00f5es 2020: candidatos agora s\u00f3 podem ser presos em flagrante"}]},{"@type":"WebSite","@id":"https:\/\/aconteceunovale.com.br\/portal\/#website","url":"https:\/\/aconteceunovale.com.br\/portal\/","name":"Aconteceu no Vale","description":"Portal de Not\u00edcias","potentialAction":[{"@type":"SearchAction","target":{"@type":"EntryPoint","urlTemplate":"https:\/\/aconteceunovale.com.br\/portal\/?s={search_term_string}"},"query-input":{"@type":"PropertyValueSpecification","valueRequired":true,"valueName":"search_term_string"}}],"inLanguage":"pt-BR"},{"@type":"Person","@id":"https:\/\/aconteceunovale.com.br\/portal\/#\/schema\/person\/7d2f26d1483f8a63de73da1ee0754d35","name":"Reda\u00e7\u00e3o Aconteceu no Vale","description":"Equipe de reportagem do Aconteceu no Vale, portal de not\u00edcias do Vale do Jequitinhonha, em Minas Gerais. Cobrimos as 51 cidades do Vale desde 2013. Sugest\u00f5es de pauta e pedidos de corre\u00e7\u00e3o: contato@aconteceunovale.com.br","url":"https:\/\/aconteceunovale.com.br\/portal\/?author=4"}]}},"_links":{"self":[{"href":"https:\/\/aconteceunovale.com.br\/portal\/index.php?rest_route=\/wp\/v2\/posts\/169218","targetHints":{"allow":["GET"]}}],"collection":[{"href":"https:\/\/aconteceunovale.com.br\/portal\/index.php?rest_route=\/wp\/v2\/posts"}],"about":[{"href":"https:\/\/aconteceunovale.com.br\/portal\/index.php?rest_route=\/wp\/v2\/types\/post"}],"author":[{"embeddable":true,"href":"https:\/\/aconteceunovale.com.br\/portal\/index.php?rest_route=\/wp\/v2\/users\/4"}],"replies":[{"embeddable":true,"href":"https:\/\/aconteceunovale.com.br\/portal\/index.php?rest_route=%2Fwp%2Fv2%2Fcomments&post=169218"}],"version-history":[{"count":1,"href":"https:\/\/aconteceunovale.com.br\/portal\/index.php?rest_route=\/wp\/v2\/posts\/169218\/revisions"}],"predecessor-version":[{"id":169219,"href":"https:\/\/aconteceunovale.com.br\/portal\/index.php?rest_route=\/wp\/v2\/posts\/169218\/revisions\/169219"}],"wp:featuredmedia":[{"embeddable":true,"href":"https:\/\/aconteceunovale.com.br\/portal\/index.php?rest_route=\/wp\/v2\/media\/166359"}],"wp:attachment":[{"href":"https:\/\/aconteceunovale.com.br\/portal\/index.php?rest_route=%2Fwp%2Fv2%2Fmedia&parent=169218"}],"wp:term":[{"taxonomy":"category","embeddable":true,"href":"https:\/\/aconteceunovale.com.br\/portal\/index.php?rest_route=%2Fwp%2Fv2%2Fcategories&post=169218"},{"taxonomy":"post_tag","embeddable":true,"href":"https:\/\/aconteceunovale.com.br\/portal\/index.php?rest_route=%2Fwp%2Fv2%2Ftags&post=169218"}],"curies":[{"name":"wp","href":"https:\/\/api.w.org\/{rel}","templated":true}]}}