{"id":169215,"date":"2020-10-30T14:31:25","date_gmt":"2020-10-30T17:31:25","guid":{"rendered":"https:\/\/aconteceunovale.com.br\/portal\/?p=169215"},"modified":"2020-10-30T14:32:34","modified_gmt":"2020-10-30T17:32:34","slug":"acidente-deixa-cinco-pessoas-feridas-na-br-365-no-norte-de-minas","status":"publish","type":"post","link":"https:\/\/aconteceunovale.com.br\/portal\/?p=169215","title":{"rendered":"Acidente deixa cinco pessoas feridas na BR-365, no Norte de Minas"},"content":{"rendered":"\n<p>Cinco pessoas ficaram feridas em um acidente na BR-365, em Jequita\u00ed (MG), na madrugada desta sexta-feira (30\/10\/2020). Segundo informa\u00e7\u00f5es da Pol\u00edcia Rodovi\u00e1ria Federal (PRF), as v\u00edtimas viajavam em um carro que capotou na rodovia. Chovia no momento do acidente.<\/p>\n\n\n\n<p>Ap\u00f3s o capotamento, um caminhoneiro que seguia no mesmo sentido tentou desviar do carro e bateu em um barranco. Ele n\u00e3o ficou ferido.<\/p>\n\n\n\n<p>Os ocupantes do carro sofreram ferimentos leves e foram levados para o hospital de Pirapora. Duas pessoas foram socorridas pelo Samu e o restante por terceiros.<\/p>\n\n\n\n<p>Ainda de acordo com a PRF, o caminh\u00e3o seguia para a Bahia e transportava 17 toneladas de cenouras.<\/p>\n\n\n\n<figure class=\"wp-block-gallery columns-1 is-cropped wp-block-gallery-1 is-layout-flex wp-block-gallery-is-layout-flex\"><ul class=\"blocks-gallery-grid\"><li class=\"blocks-gallery-item\"><figure><img loading=\"lazy\" decoding=\"async\" width=\"678\" height=\"450\" src=\"https:\/\/aconteceunovale.com.br\/portal\/wp-content\/uploads\/2020\/10\/acidente_pirapora.jpg\" alt=\"\" data-id=\"169216\" data-full-url=\"https:\/\/aconteceunovale.com.br\/portal\/wp-content\/uploads\/2020\/10\/acidente_pirapora.jpg\" data-link=\"https:\/\/aconteceunovale.com.br\/portal\/?attachment_id=169216\" class=\"wp-image-169216\" srcset=\"https:\/\/aconteceunovale.com.br\/portal\/wp-content\/uploads\/2020\/10\/acidente_pirapora.jpg 678w, https:\/\/aconteceunovale.com.br\/portal\/wp-content\/uploads\/2020\/10\/acidente_pirapora-300x199.jpg 300w, https:\/\/aconteceunovale.com.br\/portal\/wp-content\/uploads\/2020\/10\/acidente_pirapora-633x420.jpg 633w\" sizes=\"auto, (max-width: 678px) 100vw, 678px\" \/><figcaption class=\"blocks-gallery-item__caption\"><em>Foto: Pol\u00edcia Rodovi\u00e1ria Federal\/Divulga\u00e7\u00e3o<\/em><\/figcaption><\/figure><\/li><\/ul><\/figure>\n\n\n\n<p class=\"has-white-color has-vivid-cyan-blue-background-color has-text-color has-background\">Quer saber as not\u00edcias do <strong>Aconteceu no Vale<\/strong> em primeira m\u00e3o? Siga-nos no Facebook <a rel=\"noreferrer noopener\" href=\"http:\/\/facebook.com\/aconteceunovale\" target=\"_blank\">@aconteceunovale<\/a>, Twitter <a rel=\"noreferrer noopener\" href=\"https:\/\/twitter.com\/noticiadosvales\" target=\"_blank\">@noticiadosvales<\/a> e Instagram <a rel=\"noreferrer noopener\" href=\"https:\/\/www.instagram.com\/aconteceunovale\" target=\"_blank\">@aconteceunovale<\/a>.<\/p>\n","protected":false},"excerpt":{"rendered":"<p>Cinco pessoas ficaram feridas em um acidente na BR-365, em Jequita\u00ed (MG), na madrugada desta sexta-feira (30\/10\/2020). Segundo informa\u00e7\u00f5es da Pol\u00edcia Rodovi\u00e1ria Federal (PRF), as v\u00edtimas viajavam em um carro que capotou na rodovia. Chovia no momento do acidente. Ap\u00f3s o capotamento, um caminhoneiro que seguia no mesmo sentido tentou desviar do carro e bateu [&hellip;]<\/p>\n","protected":false},"author":4,"featured_media":169216,"comment_status":"open","ping_status":"closed","sticky":false,"template":"","format":"standard","meta":{"amp_status":"","footnotes":""},"categories":[1236],"tags":[229908,229905,41514,207970,116831,183776,229907,23192,229906,207894,1018,3724,254],"class_list":["post-169215","post","type-post","status-publish","format-standard","has-post-thumbnail","hentry","category-norte_de_minas","tag-acidente-com-caminhao-de-cenoura-na-br-365","tag-acidente-deixa-cinco-pessoas-feridas-na-br-365","tag-acidente-em-jequitai","tag-acidente-na-br-365-2","tag-acidente-na-br-365-em-jequitai","tag-acidente-na-br-365-no-norte-de-minas","tag-acidente-na-regiao-de-pirapora","tag-acidente-no-norte-de-minas","tag-acidente-perto-de-jequitai","tag-br-365-2","tag-destaque","tag-jequitai","tag-pirapora"],"_links":{"self":[{"href":"https:\/\/aconteceunovale.com.br\/portal\/index.php?rest_route=\/wp\/v2\/posts\/169215","targetHints":{"allow":["GET"]}}],"collection":[{"href":"https:\/\/aconteceunovale.com.br\/portal\/index.php?rest_route=\/wp\/v2\/posts"}],"about":[{"href":"https:\/\/aconteceunovale.com.br\/portal\/index.php?rest_route=\/wp\/v2\/types\/post"}],"author":[{"embeddable":true,"href":"https:\/\/aconteceunovale.com.br\/portal\/index.php?rest_route=\/wp\/v2\/users\/4"}],"replies":[{"embeddable":true,"href":"https:\/\/aconteceunovale.com.br\/portal\/index.php?rest_route=%2Fwp%2Fv2%2Fcomments&post=169215"}],"version-history":[{"count":1,"href":"https:\/\/aconteceunovale.com.br\/portal\/index.php?rest_route=\/wp\/v2\/posts\/169215\/revisions"}],"predecessor-version":[{"id":169217,"href":"https:\/\/aconteceunovale.com.br\/portal\/index.php?rest_route=\/wp\/v2\/posts\/169215\/revisions\/169217"}],"wp:featuredmedia":[{"embeddable":true,"href":"https:\/\/aconteceunovale.com.br\/portal\/index.php?rest_route=\/wp\/v2\/media\/169216"}],"wp:attachment":[{"href":"https:\/\/aconteceunovale.com.br\/portal\/index.php?rest_route=%2Fwp%2Fv2%2Fmedia&parent=169215"}],"wp:term":[{"taxonomy":"category","embeddable":true,"href":"https:\/\/aconteceunovale.com.br\/portal\/index.php?rest_route=%2Fwp%2Fv2%2Fcategories&post=169215"},{"taxonomy":"post_tag","embeddable":true,"href":"https:\/\/aconteceunovale.com.br\/portal\/index.php?rest_route=%2Fwp%2Fv2%2Ftags&post=169215"}],"curies":[{"name":"wp","href":"https:\/\/api.w.org\/{rel}","templated":true}]}}