{"id":169212,"date":"2020-10-30T14:23:28","date_gmt":"2020-10-30T17:23:28","guid":{"rendered":"https:\/\/aconteceunovale.com.br\/portal\/?p=169212"},"modified":"2020-10-30T14:23:35","modified_gmt":"2020-10-30T17:23:35","slug":"acidente-entre-carretas-deixa-motorista-ferido-na-br-251-no-norte-de-minas","status":"publish","type":"post","link":"https:\/\/aconteceunovale.com.br\/portal\/?p=169212","title":{"rendered":"Acidente entre carretas deixa motorista ferido na BR-251, no Norte de Minas"},"content":{"rendered":"\n<p>Duas carretas colidiram frontalmente na BR-251, em Salinas (MG), na manh\u00e3 desta sexta-feira (30\/10\/2020). Segundo informa\u00e7\u00f5es do Corpo de Bombeiros, o acidente aconteceu durante uma tentativa de ultrapassagem, em local proibido, na altura do quil\u00f4metro 335 da rodovia.<\/p>\n\n\n\n<p>O motorista de uma das carretas, que transportava papel\u00e3o, foi socorrido pelo Samu com fratura exposta no joelho e levado para o hospital de Salinas. O condutor do outro ve\u00edculo n\u00e3o sofreu ferimentos.<\/p>\n\n\n\n<p>Os bombeiros jogaram serragem no local para eliminar os riscos de derrapagem. A rodovia ficou parcialmente interditada.<\/p>\n\n\n\n<figure class=\"wp-block-gallery columns-1 is-cropped wp-block-gallery-1 is-layout-flex wp-block-gallery-is-layout-flex\"><ul class=\"blocks-gallery-grid\"><li class=\"blocks-gallery-item\"><figure><img loading=\"lazy\" decoding=\"async\" width=\"678\" height=\"382\" src=\"https:\/\/aconteceunovale.com.br\/portal\/wp-content\/uploads\/2020\/10\/acidente_251.jpg\" alt=\"\" data-id=\"169213\" data-full-url=\"https:\/\/aconteceunovale.com.br\/portal\/wp-content\/uploads\/2020\/10\/acidente_251.jpg\" data-link=\"https:\/\/aconteceunovale.com.br\/portal\/?attachment_id=169213\" class=\"wp-image-169213\" srcset=\"https:\/\/aconteceunovale.com.br\/portal\/wp-content\/uploads\/2020\/10\/acidente_251.jpg 678w, https:\/\/aconteceunovale.com.br\/portal\/wp-content\/uploads\/2020\/10\/acidente_251-300x169.jpg 300w\" sizes=\"auto, (max-width: 678px) 100vw, 678px\" \/><figcaption class=\"blocks-gallery-item__caption\"><em>Foto: Corpo de Bombeiros\/Divulga\u00e7\u00e3o<\/em><\/figcaption><\/figure><\/li><\/ul><\/figure>\n\n\n\n<p class=\"has-white-color has-vivid-cyan-blue-background-color has-text-color has-background\">Quer saber as not\u00edcias do <strong>Aconteceu no Vale<\/strong> em primeira m\u00e3o? Siga-nos no Facebook <a rel=\"noreferrer noopener\" href=\"http:\/\/facebook.com\/aconteceunovale\" target=\"_blank\">@aconteceunovale<\/a>, Twitter <a rel=\"noreferrer noopener\" href=\"https:\/\/twitter.com\/noticiadosvales\" target=\"_blank\">@noticiadosvales<\/a> e Instagram <a rel=\"noreferrer noopener\" href=\"https:\/\/www.instagram.com\/aconteceunovale\" target=\"_blank\">@aconteceunovale<\/a>.<\/p>\n","protected":false},"excerpt":{"rendered":"<p>Duas carretas colidiram frontalmente na BR-251, em Salinas (MG), na manh\u00e3 desta sexta-feira (30\/10\/2020). Segundo informa\u00e7\u00f5es do Corpo de Bombeiros, o acidente aconteceu durante uma tentativa de ultrapassagem, em local proibido, na altura do quil\u00f4metro 335 da rodovia. O motorista de uma das carretas, que transportava papel\u00e3o, foi socorrido pelo Samu com fratura exposta no [&hellip;]<\/p>\n","protected":false},"author":4,"featured_media":169213,"comment_status":"open","ping_status":"closed","sticky":false,"template":"","format":"standard","meta":{"amp_status":"","footnotes":""},"categories":[1236],"tags":[229904,211535,114004,206350,80801,127247,206349,1018,190],"class_list":["post-169212","post","type-post","status-publish","format-standard","has-post-thumbnail","hentry","category-norte_de_minas","tag-acidente-entre-carretas-deixa-motorista-ferido-na-br-251","tag-acidente-entre-carretas-em-salinas","tag-acidente-entre-carretas-na-br-251","tag-acidente-na-br-251-2","tag-acidente-perto-de-salinas","tag-acidente-salinas","tag-br-251-2","tag-destaque","tag-salinas"],"_links":{"self":[{"href":"https:\/\/aconteceunovale.com.br\/portal\/index.php?rest_route=\/wp\/v2\/posts\/169212","targetHints":{"allow":["GET"]}}],"collection":[{"href":"https:\/\/aconteceunovale.com.br\/portal\/index.php?rest_route=\/wp\/v2\/posts"}],"about":[{"href":"https:\/\/aconteceunovale.com.br\/portal\/index.php?rest_route=\/wp\/v2\/types\/post"}],"author":[{"embeddable":true,"href":"https:\/\/aconteceunovale.com.br\/portal\/index.php?rest_route=\/wp\/v2\/users\/4"}],"replies":[{"embeddable":true,"href":"https:\/\/aconteceunovale.com.br\/portal\/index.php?rest_route=%2Fwp%2Fv2%2Fcomments&post=169212"}],"version-history":[{"count":1,"href":"https:\/\/aconteceunovale.com.br\/portal\/index.php?rest_route=\/wp\/v2\/posts\/169212\/revisions"}],"predecessor-version":[{"id":169214,"href":"https:\/\/aconteceunovale.com.br\/portal\/index.php?rest_route=\/wp\/v2\/posts\/169212\/revisions\/169214"}],"wp:featuredmedia":[{"embeddable":true,"href":"https:\/\/aconteceunovale.com.br\/portal\/index.php?rest_route=\/wp\/v2\/media\/169213"}],"wp:attachment":[{"href":"https:\/\/aconteceunovale.com.br\/portal\/index.php?rest_route=%2Fwp%2Fv2%2Fmedia&parent=169212"}],"wp:term":[{"taxonomy":"category","embeddable":true,"href":"https:\/\/aconteceunovale.com.br\/portal\/index.php?rest_route=%2Fwp%2Fv2%2Fcategories&post=169212"},{"taxonomy":"post_tag","embeddable":true,"href":"https:\/\/aconteceunovale.com.br\/portal\/index.php?rest_route=%2Fwp%2Fv2%2Ftags&post=169212"}],"curies":[{"name":"wp","href":"https:\/\/api.w.org\/{rel}","templated":true}]}}