{"id":169206,"date":"2020-10-30T14:06:54","date_gmt":"2020-10-30T17:06:54","guid":{"rendered":"https:\/\/aconteceunovale.com.br\/portal\/?p=169206"},"modified":"2020-10-30T14:07:45","modified_gmt":"2020-10-30T17:07:45","slug":"prf-apreende-270-passaros-silvestres-em-teofilo-otoni","status":"publish","type":"post","link":"https:\/\/aconteceunovale.com.br\/portal\/?p=169206","title":{"rendered":"PRF apreende 270 p\u00e1ssaros silvestres em Te\u00f3filo Otoni"},"content":{"rendered":"\n<p>A Pol\u00edcia Rodovi\u00e1ria Federal (PRF) apreendeu 270 p\u00e1ssaros silvestres, que eram transportados de forma ilegal na BR-116, em Te\u00f3filo Otoni (MG), durante fiscaliza\u00e7\u00e3o de rotina na madrugada desta sexta-feira (30\/10\/2020).<\/p>\n\n\n\n<p>Segundo a PRF, as aves estavam em um carro, aprisionadas em gaiolas. Foram apreendidos exemplares das esp\u00e9cies trinca-ferro, cardeal, can\u00e1rio-da-terra, galo-da-serra e p\u00e1ssaro preto.<\/p>\n\n\n\n<p>Os dois ocupantes do ve\u00edculo, de 55 e 66 anos, s\u00e3o moradores de Itaperuna (RJ) e contaram que compraram os animais em Vit\u00f3ria da Conquista (BA).<\/p>\n\n\n\n<p>Ainda conforme a PRF, ambos possuem passagens por tr\u00e1fico de animais. Eles assinaram Termo Circunstanciado de Ocorr\u00eancia, se comprometendo a comparecer ao Juizado Especial Criminal da Comarca de Te\u00f3filo Otoni, onde responder\u00e3o com base na Lei de Crimes Ambientais.<\/p>\n\n\n\n<p>Os p\u00e1ssaros apreendidos foram encaminhados \u00e0 Pol\u00edcia Militar do Meio Ambiente.<\/p>\n\n\n\n<figure class=\"wp-block-gallery columns-1 is-cropped wp-block-gallery-1 is-layout-flex wp-block-gallery-is-layout-flex\"><ul class=\"blocks-gallery-grid\"><li class=\"blocks-gallery-item\"><figure><img loading=\"lazy\" decoding=\"async\" width=\"600\" height=\"450\" src=\"https:\/\/aconteceunovale.com.br\/portal\/wp-content\/uploads\/2020\/10\/aves_teo.jpg\" alt=\"\" data-id=\"169207\" data-full-url=\"https:\/\/aconteceunovale.com.br\/portal\/wp-content\/uploads\/2020\/10\/aves_teo.jpg\" data-link=\"https:\/\/aconteceunovale.com.br\/portal\/?attachment_id=169207\" class=\"wp-image-169207\" srcset=\"https:\/\/aconteceunovale.com.br\/portal\/wp-content\/uploads\/2020\/10\/aves_teo.jpg 600w, https:\/\/aconteceunovale.com.br\/portal\/wp-content\/uploads\/2020\/10\/aves_teo-300x225.jpg 300w, https:\/\/aconteceunovale.com.br\/portal\/wp-content\/uploads\/2020\/10\/aves_teo-80x60.jpg 80w, https:\/\/aconteceunovale.com.br\/portal\/wp-content\/uploads\/2020\/10\/aves_teo-265x198.jpg 265w, https:\/\/aconteceunovale.com.br\/portal\/wp-content\/uploads\/2020\/10\/aves_teo-560x420.jpg 560w\" sizes=\"auto, (max-width: 600px) 100vw, 600px\" \/><figcaption class=\"blocks-gallery-item__caption\"><em>Foto: PRF \/ Divulga\u00e7\u00e3o<\/em><\/figcaption><\/figure><\/li><\/ul><\/figure>\n\n\n\n<p class=\"has-white-color has-vivid-cyan-blue-background-color has-text-color has-background\">Quer saber as not\u00edcias do <strong>Aconteceu no Vale<\/strong> em primeira m\u00e3o? Siga-nos no Facebook <a rel=\"noreferrer noopener\" href=\"http:\/\/facebook.com\/aconteceunovale\" target=\"_blank\">@aconteceunovale<\/a>, Twitter <a rel=\"noreferrer noopener\" href=\"https:\/\/twitter.com\/noticiadosvales\" target=\"_blank\">@noticiadosvales<\/a> e Instagram <a rel=\"noreferrer noopener\" href=\"https:\/\/www.instagram.com\/aconteceunovale\" target=\"_blank\">@aconteceunovale<\/a>.<\/p>\n","protected":false},"excerpt":{"rendered":"<p>A Pol\u00edcia Rodovi\u00e1ria Federal (PRF) apreendeu 270 p\u00e1ssaros silvestres, que eram transportados de forma ilegal na BR-116, em Te\u00f3filo Otoni (MG), durante fiscaliza\u00e7\u00e3o de rotina na madrugada desta sexta-feira (30\/10\/2020). Segundo a PRF, as aves estavam em um carro, aprisionadas em gaiolas. Foram apreendidos exemplares das esp\u00e9cies trinca-ferro, cardeal, can\u00e1rio-da-terra, galo-da-serra e p\u00e1ssaro preto. Os [&hellip;]<\/p>\n","protected":false},"author":4,"featured_media":169207,"comment_status":"open","ping_status":"closed","sticky":false,"template":"","format":"standard","meta":{"amp_status":"","footnotes":""},"categories":[122],"tags":[229894,168491,229895,1018,168492,229896,229893,164,229897,2842],"class_list":["post-169206","post","type-post","status-publish","format-standard","has-post-thumbnail","hentry","category-mucuri","tag-apreensao-de-aves-em-teofilo-otoni","tag-apreensao-de-passaros-em-teofilo-otoni","tag-aves-apreendidas-em-teofilo-otoni","tag-destaque","tag-passaros-apreendidos-em-teofilo-otoni","tag-presos-por-trafico-de-animais-em-teofilo-otoni","tag-prf-apreende-270-passaros-silvestres-em-teofilo-otoni","tag-teofilo-otoni","tag-trafico-de-aves","tag-vitoria-da-conquista"],"_links":{"self":[{"href":"https:\/\/aconteceunovale.com.br\/portal\/index.php?rest_route=\/wp\/v2\/posts\/169206","targetHints":{"allow":["GET"]}}],"collection":[{"href":"https:\/\/aconteceunovale.com.br\/portal\/index.php?rest_route=\/wp\/v2\/posts"}],"about":[{"href":"https:\/\/aconteceunovale.com.br\/portal\/index.php?rest_route=\/wp\/v2\/types\/post"}],"author":[{"embeddable":true,"href":"https:\/\/aconteceunovale.com.br\/portal\/index.php?rest_route=\/wp\/v2\/users\/4"}],"replies":[{"embeddable":true,"href":"https:\/\/aconteceunovale.com.br\/portal\/index.php?rest_route=%2Fwp%2Fv2%2Fcomments&post=169206"}],"version-history":[{"count":1,"href":"https:\/\/aconteceunovale.com.br\/portal\/index.php?rest_route=\/wp\/v2\/posts\/169206\/revisions"}],"predecessor-version":[{"id":169208,"href":"https:\/\/aconteceunovale.com.br\/portal\/index.php?rest_route=\/wp\/v2\/posts\/169206\/revisions\/169208"}],"wp:featuredmedia":[{"embeddable":true,"href":"https:\/\/aconteceunovale.com.br\/portal\/index.php?rest_route=\/wp\/v2\/media\/169207"}],"wp:attachment":[{"href":"https:\/\/aconteceunovale.com.br\/portal\/index.php?rest_route=%2Fwp%2Fv2%2Fmedia&parent=169206"}],"wp:term":[{"taxonomy":"category","embeddable":true,"href":"https:\/\/aconteceunovale.com.br\/portal\/index.php?rest_route=%2Fwp%2Fv2%2Fcategories&post=169206"},{"taxonomy":"post_tag","embeddable":true,"href":"https:\/\/aconteceunovale.com.br\/portal\/index.php?rest_route=%2Fwp%2Fv2%2Ftags&post=169206"}],"curies":[{"name":"wp","href":"https:\/\/api.w.org\/{rel}","templated":true}]}}