{"id":169191,"date":"2020-10-30T11:39:17","date_gmt":"2020-10-30T14:39:17","guid":{"rendered":"https:\/\/aconteceunovale.com.br\/portal\/?p=169191"},"modified":"2020-10-30T11:47:29","modified_gmt":"2020-10-30T14:47:29","slug":"secretaria-de-saude-divulga-orientacoes-sobre-visitas-aos-cemiterios-no-dia-de-finados","status":"publish","type":"post","link":"https:\/\/aconteceunovale.com.br\/portal\/?p=169191","title":{"rendered":"Secretaria de Sa\u00fade divulga orienta\u00e7\u00f5es sobre visitas aos cemit\u00e9rios no Dia de Finados"},"content":{"rendered":"\n<p>No Brasil, o Dia dos Finados, celebrado na pr\u00f3xima segunda-feira, (2\/11), \u00e9 um momento de visitas aos cemit\u00e9rios para relembrar parentes e amigos que morreram. Neste ano de pandemia, a tradi\u00e7\u00e3o precisa ser acompanhada por medidas sanit\u00e1rias para evitar o cont\u00e1gio pela covid-19. Por isso, a&nbsp;<a href=\"https:\/\/www.saude.mg.gov.br\/\" target=\"_blank\" rel=\"noreferrer noopener\">Secretaria de Estado de Sa\u00fade de Minas Gerais (SES-MG)<\/a>&nbsp;divulgou uma nota t\u00e9cnica com orienta\u00e7\u00f5es que visam conter a dissemina\u00e7\u00e3o da doen\u00e7a. Conhe\u00e7a o documento&nbsp;<a href=\"http:\/\/agenciaminas.mg.gov.br\/ckeditor_assets\/attachments\/9628\/nota_orientativa_para_visitacao_no_dia_de_finados_-_versao_final.docx\" target=\"_blank\" rel=\"noreferrer noopener\">clicando aqui<\/a>.<\/p>\n\n\n\n<p>\u201cComo s\u00e3o esperadas centenas de pessoas em cemit\u00e9rios, p\u00fablicos e privados, dos 853 munic\u00edpios do estado, a SES-MG estabeleceu orienta\u00e7\u00f5es para auxiliar visitantes e trabalhadores que atuam no setor, com com\u00e9rcio de flores e coroas. \u00c9 importante refor\u00e7ar as medidas sanit\u00e1rias e de higiene pessoal\u201d, explica a superintendente de Vigil\u00e2ncia Epidemiol\u00f3gica da SES-MG, Jana\u00edna Passos.&nbsp;<\/p>\n\n\n\n<p>Quem participar de celebra\u00e7\u00f5es e rituais no Dia de Finados deve usar m\u00e1scara, respeitar as medidas de distanciamento social, evitar aglomera\u00e7\u00f5es e seguir todas as precau\u00e7\u00f5es para evitar a transmiss\u00e3o do coronav\u00edrus. Al\u00e9m disso, \u00e9 recomendado que as visitas sejam breves, sem apertos de m\u00e3o e contato f\u00edsico. Se poss\u00edvel, a popula\u00e7\u00e3o deve ainda evitar entrar em contato com objetos de decora\u00e7\u00e3o, como fotos, crucifixos e arranjos de flores.<\/p>\n\n\n\n<p><strong>Grupos&nbsp;de risco<\/strong><\/p>\n\n\n\n<p>Para integrantes dos grupos de risco, como crian\u00e7as, idosos, gr\u00e1vidas e pessoas com imunossupress\u00e3o ou doen\u00e7a cr\u00f4nica, o recomendado \u00e9 n\u00e3o participar de celebra\u00e7\u00f5es e visitas neste feriado. Por\u00e9m, caso decidam ir a um cemit\u00e9rio, a orienta\u00e7\u00e3o \u00e9 que escolham um hor\u00e1rio com menor de fluxo de pessoas, como in\u00edcio da manh\u00e3 ou final da tarde.<\/p>\n\n\n\n<p>\u201cAqueles com sinais ou sintomas de s\u00edndromes gripais, como febre, sintomas respirat\u00f3rios, tosse, congest\u00e3o nasal, dificuldade para respirar, falta de ar, dor de garganta, dores no corpo, dor de cabe\u00e7a, perda do olfato e paladar, tamb\u00e9m devem evitar as visitas\u201d, recomenda Jana\u00edna Passos.<\/p>\n\n\n\n<p><strong>Orienta\u00e7\u00f5es aos cemit\u00e9rios<\/strong><\/p>\n\n\n\n<p>Como se trata de uma data de intensa movimenta\u00e7\u00e3o,&nbsp;cemit\u00e9rios p\u00fablicos e privados devem seguir as medidas sanit\u00e1rias previstas no protocolo do&nbsp;<a href=\"https:\/\/www.mg.gov.br\/minasconsciente\" target=\"_blank\" rel=\"noreferrer noopener\">Plano Minas Consciente<\/a>.&nbsp;&nbsp;<\/p>\n\n\n\n<p>\u00c9&nbsp;preciso que os cemit\u00e9rios disponibilizem dispensadores de \u00e1lcool gel 70% na entrada e em pontos estrat\u00e9gicos. Al\u00e9m disso, \u00e9 preciso ter lavat\u00f3rio com dispensador de sabonete l\u00edquido e papel toalha, lixeira com tampa e pedal. Estes locais devem higienizar constantemente pisos, \u00e1reas de circula\u00e7\u00e3o, sanit\u00e1rios, ma\u00e7anetas, torneiras, corrim\u00e3o, interruptores, e todas as superf\u00edcies met\u00e1licas com desinfetantes a base de cloro para piso e \u00e1lcool 70%.<\/p>\n\n\n\n<p>Para evitar aglomera\u00e7\u00f5es, o recomendado \u00e9 que todos os espa\u00e7os controlem o fluxo de entrada. \u00c9 permitida a perman\u00eancia de uma pessoa a cada 10 metros quadrados, para ambientes fechados, e uma pessoa a cada 4 metros quadrados, para ambientes abertos. As vagas nos estacionamentos devem ser limitadas \u00e0 propor\u00e7\u00e3o de 50% de sua capacidade, com distanciamento entre elas.<\/p>\n\n\n\n<p><strong>Com\u00e9rcio<\/strong><\/p>\n\n\n\n<p>A nota t\u00e9cnica divulgada pela SES-MG tamb\u00e9m orienta sobre a comercializa\u00e7\u00e3o de artigos como coroas e arranjos de flores, velas, f\u00f3sforos. A venda destes produtos \u00e9 permitida, mas \u00e9 preciso seguir o protocolo sanit\u00e1rio do Minas Consciente. O plano estabelece distanciamento de 2 metros entre pessoas e baias de trabalho, sinalizando as \u00e1reas de circula\u00e7\u00e3o interna, incluindo espa\u00e7os pr\u00f3ximos a g\u00f4ndolas e prateleiras.<\/p>\n\n\n\n<p>No caso de vendas ao ar livre, deve-se evitar aglomera\u00e7\u00f5es, solicitar o distanciamento de 2 metros entre as pessoas, manter dispon\u00edvel \u00e1lcool gel 70% para uso pr\u00f3prio e para uso dos clientes. Al\u00e9m disso, os comerciantes devem priorizar m\u00e9todos eletr\u00f4nicos de pagamento, mantendo a higieniza\u00e7\u00e3o frequente das m\u00e1quinas de cart\u00e3o e das m\u00e3os.<\/p>\n\n\n\n<p class=\"has-white-color has-vivid-cyan-blue-background-color has-text-color has-background\">Quer saber as not\u00edcias do <strong>Aconteceu no Vale<\/strong> em primeira m\u00e3o? Siga-nos no Facebook <a rel=\"noreferrer noopener\" href=\"http:\/\/facebook.com\/aconteceunovale\" target=\"_blank\">@aconteceunovale<\/a>, Twitter <a rel=\"noreferrer noopener\" href=\"https:\/\/twitter.com\/noticiadosvales\" target=\"_blank\">@noticiadosvales<\/a> e Instagram <a rel=\"noreferrer noopener\" href=\"https:\/\/www.instagram.com\/aconteceunovale\" target=\"_blank\">@aconteceunovale<\/a>.<\/p>\n","protected":false},"excerpt":{"rendered":"<p>No Brasil, o Dia dos Finados, celebrado na pr\u00f3xima segunda-feira, (2\/11), \u00e9 um momento de visitas aos cemit\u00e9rios para relembrar parentes e amigos que morreram. Neste ano de pandemia, a tradi\u00e7\u00e3o precisa ser acompanhada por medidas sanit\u00e1rias para evitar o cont\u00e1gio pela covid-19. Por isso, a&nbsp;Secretaria de Estado de Sa\u00fade de Minas Gerais (SES-MG)&nbsp;divulgou uma [&hellip;]<\/p>\n","protected":false},"author":4,"featured_media":169192,"comment_status":"open","ping_status":"closed","sticky":false,"template":"","format":"standard","meta":{"amp_status":"","footnotes":""},"categories":[123,40242],"tags":[21447,229883,229884,229881,52113,229882],"class_list":["post-169191","post","type-post","status-publish","format-standard","has-post-thumbnail","hentry","category-gerais","category-saude-2","tag-dia-de-finados","tag-dia-de-finados-2020","tag-janaina-passos","tag-secretaria-de-saude-divulga-orientacoes-sobre-visitas-aos-cemiterios-no-dia-de-finados","tag-ses-mg","tag-visitas-aos-cemiterios-no-dia-de-finados"],"_links":{"self":[{"href":"https:\/\/aconteceunovale.com.br\/portal\/index.php?rest_route=\/wp\/v2\/posts\/169191","targetHints":{"allow":["GET"]}}],"collection":[{"href":"https:\/\/aconteceunovale.com.br\/portal\/index.php?rest_route=\/wp\/v2\/posts"}],"about":[{"href":"https:\/\/aconteceunovale.com.br\/portal\/index.php?rest_route=\/wp\/v2\/types\/post"}],"author":[{"embeddable":true,"href":"https:\/\/aconteceunovale.com.br\/portal\/index.php?rest_route=\/wp\/v2\/users\/4"}],"replies":[{"embeddable":true,"href":"https:\/\/aconteceunovale.com.br\/portal\/index.php?rest_route=%2Fwp%2Fv2%2Fcomments&post=169191"}],"version-history":[{"count":1,"href":"https:\/\/aconteceunovale.com.br\/portal\/index.php?rest_route=\/wp\/v2\/posts\/169191\/revisions"}],"predecessor-version":[{"id":169193,"href":"https:\/\/aconteceunovale.com.br\/portal\/index.php?rest_route=\/wp\/v2\/posts\/169191\/revisions\/169193"}],"wp:featuredmedia":[{"embeddable":true,"href":"https:\/\/aconteceunovale.com.br\/portal\/index.php?rest_route=\/wp\/v2\/media\/169192"}],"wp:attachment":[{"href":"https:\/\/aconteceunovale.com.br\/portal\/index.php?rest_route=%2Fwp%2Fv2%2Fmedia&parent=169191"}],"wp:term":[{"taxonomy":"category","embeddable":true,"href":"https:\/\/aconteceunovale.com.br\/portal\/index.php?rest_route=%2Fwp%2Fv2%2Fcategories&post=169191"},{"taxonomy":"post_tag","embeddable":true,"href":"https:\/\/aconteceunovale.com.br\/portal\/index.php?rest_route=%2Fwp%2Fv2%2Ftags&post=169191"}],"curies":[{"name":"wp","href":"https:\/\/api.w.org\/{rel}","templated":true}]}}