{"id":169188,"date":"2020-10-30T10:47:07","date_gmt":"2020-10-30T13:47:07","guid":{"rendered":"https:\/\/aconteceunovale.com.br\/portal\/?p=169188"},"modified":"2020-10-30T10:47:47","modified_gmt":"2020-10-30T13:47:47","slug":"prorrogado-prazo-para-renovar-matricula-na-rede-estadual","status":"publish","type":"post","link":"https:\/\/aconteceunovale.com.br\/portal\/?p=169188","title":{"rendered":"Prorrogado prazo para renovar matr\u00edcula na rede estadual"},"content":{"rendered":"\n<p>Estudantes da rede p\u00fablica estadual de ensino de Minas Gerais que desejam permanecer, em 2021, na mesma escola que estudaram neste ano ganharam mais tempo para fazer a renova\u00e7\u00e3o de matr\u00edcula. O prazo foi prorrogado e a renova\u00e7\u00e3o poder\u00e1 ser feita at\u00e9 a pr\u00f3xima ter\u00e7a-feira (3\/11).&nbsp;<\/p>\n\n\n\n<p>Todo o processo est\u00e1 sendo feito on-line e deve ser formalizado pelos pais\/respons\u00e1veis ou pelo pr\u00f3prio aluno, quando maior de idade, no endere\u00e7o&nbsp;<a href=\"http:\/\/renovacao.educacao.mg.gov.br\/\" target=\"_blank\" rel=\"noreferrer noopener\">renovacao.educacao.mg.gov.br<\/a>.&nbsp;<\/p>\n\n\n\n<p><strong>Sem conex\u00e3o<\/strong><\/p>\n\n\n\n<p>Para os alunos que n\u00e3o t\u00eam acesso \u00e0 internet, as fam\u00edlias &#8211; ou o aluno maior de 18 anos &#8211; devem entrar em contato com a escola, por telefone, aplicativo de mensagens ou outros meios dispon\u00edveis, tamb\u00e9m at\u00e9 o dia 3\/11, para manifestar \u00e0 gest\u00e3o da unidade de ensino o interesse de continuidade de estudos onde se encontram matriculados.<\/p>\n\n\n\n<p><strong>Mudan\u00e7a<\/strong><\/p>\n\n\n\n<p>Para quem precisa mudar de escola ou vir de outra rede de ensino para ingressar na rede p\u00fablica estadual, ser\u00e1 necess\u00e1rio aguardar o momento do cadastramento escolar que, de acordo com a Resolu\u00e7\u00e3o SEE n\u00ba 4.421, dever\u00e1 ocorrer em novembro.<\/p>\n\n\n\n<p><strong>Passo a passo<\/strong><\/p>\n\n\n\n<p>Para realizar a renova\u00e7\u00e3o da matr\u00edcula, os pais \/respons\u00e1veis, ou o aluno maior de 18 anos, devem acessar o site&nbsp;<a href=\"http:\/\/renovacao.educacao.mg.gov.br\/\" target=\"_blank\" rel=\"noreferrer noopener\">renovacao.educacao.mg.gov.br<\/a>. Ser\u00e1 necess\u00e1rio inserir o n\u00famero da matr\u00edcula, no campo destinado ao login, e a data de nascimento com dia, m\u00eas e ano com os quatro d\u00edgitos no espa\u00e7o destinado \u00e0 senha.<\/p>\n\n\n\n<p>Caso o estudante n\u00e3o tenha o n\u00famero da matr\u00edcula, o pr\u00f3prio sistema ajuda a localizar a informa\u00e7\u00e3o. Basta clicar em \u201crecuperar n\u00famero de matr\u00edcula do aluno\u201d. Ao selecionar essa op\u00e7\u00e3o, o sistema solicitar\u00e1 identifica\u00e7\u00e3o da escola onde o aluno est\u00e1 matriculado, seu nome completo, data de nascimento e o nome da m\u00e3e ou do pai.<\/p>\n\n\n\n<p>Ao concluir o procedimento de renova\u00e7\u00e3o da matr\u00edcula, ser\u00e1 disponibilizado aos pais\/respons\u00e1veis ou ao pr\u00f3prio aluno, quando maior de idade, o comprovante de renova\u00e7\u00e3o que poder\u00e1 ser impresso ou salvo em formato PDF.<\/p>\n\n\n\n<p>Para auxiliar alunos e as fam\u00edlias na realiza\u00e7\u00e3o do processo, a\u00a0<a rel=\"noreferrer noopener\" href=\"http:\/\/www.educacao.mg.gov.br\/\" target=\"_blank\">Secretaria de Estado de Educa\u00e7\u00e3o de Minas Gerais (SEE\/MG)<\/a>\u00a0publicou um guia com informa\u00e7\u00f5es sobre o assunto.\u00a0<a rel=\"noreferrer noopener\" href=\"http:\/\/agenciaminas.mg.gov.br\/ckeditor_assets\/attachments\/9631\/orientacoes_renovacao_de_matricula_1.pdf\" target=\"_blank\">Clique aqui\u00a0para ver o material<\/a>.<\/p>\n\n\n\n<p class=\"has-white-color has-vivid-cyan-blue-background-color has-text-color has-background\">Quer saber as not\u00edcias do <strong>Aconteceu no Vale<\/strong> em primeira m\u00e3o? Siga-nos no Facebook <a rel=\"noreferrer noopener\" href=\"http:\/\/facebook.com\/aconteceunovale\" target=\"_blank\">@aconteceunovale<\/a>, Twitter <a rel=\"noreferrer noopener\" href=\"https:\/\/twitter.com\/noticiadosvales\" target=\"_blank\">@noticiadosvales<\/a> e Instagram <a rel=\"noreferrer noopener\" href=\"https:\/\/www.instagram.com\/aconteceunovale\" target=\"_blank\">@aconteceunovale<\/a>.<\/p>\n","protected":false},"excerpt":{"rendered":"<p>Estudantes da rede p\u00fablica estadual de ensino de Minas Gerais que desejam permanecer, em 2021, na mesma escola que estudaram neste ano ganharam mais tempo para fazer a renova\u00e7\u00e3o de matr\u00edcula. O prazo foi prorrogado e a renova\u00e7\u00e3o poder\u00e1 ser feita at\u00e9 a pr\u00f3xima ter\u00e7a-feira (3\/11).&nbsp; Todo o processo est\u00e1 sendo feito on-line e deve [&hellip;]<\/p>\n","protected":false},"author":4,"featured_media":169189,"comment_status":"open","ping_status":"closed","sticky":false,"template":"","format":"standard","meta":{"amp_status":"","footnotes":""},"categories":[40238,123],"tags":[229392,229393,229616,229390,229388,229389,133841,229391],"class_list":["post-169188","post","type-post","status-publish","format-standard","has-post-thumbnail","hentry","category-educacao-2","category-gerais","tag-endereco-para-renovacao-de-matricula-para-2021","tag-renovacao-de-matricula-em-minas-gerais","tag-renovacao-de-matricula-na-rede-estadual-vai-ate-30-de-outubro","tag-renovacao-de-matricula-para-2021","tag-renovacao-de-matricula-para-2021-na-rede-estadual","tag-renovacao-de-matricula-para-2021-na-rede-estadual-em-minas-gerais","tag-see-mg","tag-site-para-renovacao-de-matricula-para-2021"],"_links":{"self":[{"href":"https:\/\/aconteceunovale.com.br\/portal\/index.php?rest_route=\/wp\/v2\/posts\/169188","targetHints":{"allow":["GET"]}}],"collection":[{"href":"https:\/\/aconteceunovale.com.br\/portal\/index.php?rest_route=\/wp\/v2\/posts"}],"about":[{"href":"https:\/\/aconteceunovale.com.br\/portal\/index.php?rest_route=\/wp\/v2\/types\/post"}],"author":[{"embeddable":true,"href":"https:\/\/aconteceunovale.com.br\/portal\/index.php?rest_route=\/wp\/v2\/users\/4"}],"replies":[{"embeddable":true,"href":"https:\/\/aconteceunovale.com.br\/portal\/index.php?rest_route=%2Fwp%2Fv2%2Fcomments&post=169188"}],"version-history":[{"count":1,"href":"https:\/\/aconteceunovale.com.br\/portal\/index.php?rest_route=\/wp\/v2\/posts\/169188\/revisions"}],"predecessor-version":[{"id":169190,"href":"https:\/\/aconteceunovale.com.br\/portal\/index.php?rest_route=\/wp\/v2\/posts\/169188\/revisions\/169190"}],"wp:featuredmedia":[{"embeddable":true,"href":"https:\/\/aconteceunovale.com.br\/portal\/index.php?rest_route=\/wp\/v2\/media\/169189"}],"wp:attachment":[{"href":"https:\/\/aconteceunovale.com.br\/portal\/index.php?rest_route=%2Fwp%2Fv2%2Fmedia&parent=169188"}],"wp:term":[{"taxonomy":"category","embeddable":true,"href":"https:\/\/aconteceunovale.com.br\/portal\/index.php?rest_route=%2Fwp%2Fv2%2Fcategories&post=169188"},{"taxonomy":"post_tag","embeddable":true,"href":"https:\/\/aconteceunovale.com.br\/portal\/index.php?rest_route=%2Fwp%2Fv2%2Ftags&post=169188"}],"curies":[{"name":"wp","href":"https:\/\/api.w.org\/{rel}","templated":true}]}}