{"id":169186,"date":"2020-10-30T09:48:15","date_gmt":"2020-10-30T12:48:15","guid":{"rendered":"https:\/\/aconteceunovale.com.br\/portal\/?p=169186"},"modified":"2020-10-30T09:49:07","modified_gmt":"2020-10-30T12:49:07","slug":"minas-gerais-prorroga-campanha-de-vacinacao-ate-20-de-novembro","status":"publish","type":"post","link":"https:\/\/aconteceunovale.com.br\/portal\/?p=169186","title":{"rendered":"Minas Gerais prorroga campanha de vacina\u00e7\u00e3o at\u00e9 20 de novembro"},"content":{"rendered":"\n<p>A&nbsp;<a href=\"http:\/\/www.saude.mg.gov.br\/\" target=\"_blank\" rel=\"noreferrer noopener\">Secretaria de Estado de Sa\u00fade de Minas Gerais (SES-MG)<\/a>&nbsp;prorrogou a Campanha Nacional de Vacina\u00e7\u00e3o contra o sarampo, a Campanha Nacional de Multivacina\u00e7\u00e3o e a Campanha Nacional de Vacina\u00e7\u00e3o contra a poliomielite em Minas Gerais. O objetivo \u00e9 aumentar as coberturas vacinais e evitar doen\u00e7as.<\/p>\n\n\n\n<p>Segundo Joseanne Dias Gusm\u00e3o, coordenadora de imuniza\u00e7\u00e3o da SES-MG, at\u00e9 o dia 26 de outubro apenas 35,35% das pessoas na faixa et\u00e1ria de 20 a 49 anos tinham se vacinado na Campanha Nacional de Vacina\u00e7\u00e3o Indiscriminada contra o Sarampo.<\/p>\n\n\n\n<p>\u201cEssa baixa procura nos levou a decidir ampliar o per\u00edodo da campanha. Em rela\u00e7\u00e3o ao sarampo, muita gente n\u00e3o sabe, mas mesmo que as pessoas, dentro desta faixa de idade, estejam com o cart\u00e3o de vacina em dia, dever\u00e3o ir at\u00e9 uma unidade de Sa\u00fade para vacinar\u201d, explica a coordenadora do Programa de Imuniza\u00e7\u00e3o da SES-MG.<\/p>\n\n\n\n<p>A Campanha Nacional de Vacina\u00e7\u00e3o contra a Poliomielite tamb\u00e9m foi prorrogada com o objetivo de obter altas e homog\u00eaneas coberturas vacinais para crian\u00e7as de 1 ano a menores de 5 anos de idade. A cobertura vacinal contra a poliomielite no estado est\u00e1 em 54%, abaixo da meta de 95% preconizada pelo Programa Nacional de Imuniza\u00e7\u00f5es (PNI).&nbsp;<\/p>\n\n\n\n<p>\u201cA vacina\u00e7\u00e3o \u00e9 a \u00fanica forma de proteger contra a poliomielite e evitar a reintrodu\u00e7\u00e3o da doen\u00e7a em nosso estado. Por isso, devemos levar as crian\u00e7as para vacinar e, assim, manter altas as coberturas vacinais\u201d, comenta Josianne Gusm\u00e3o.<\/p>\n\n\n\n<h2 class=\"wp-block-heading\"><strong>Atualiza\u00e7\u00e3o<\/strong><\/h2>\n\n\n\n<p>A coordenadora lembra ainda que a Campanha Nacional de Multivacina\u00e7\u00e3o continua no estado com objetivo de atualizar as cadernetas de vacina\u00e7\u00e3o de crian\u00e7as e adolescentes menores de 15 anos de idade.<\/p>\n\n\n\n<p>Nesta campanha s\u00e3o oferecidas todas as vacinas do calend\u00e1rio b\u00e1sico de vacina\u00e7\u00e3o da crian\u00e7a e do adolescente visando diminuir o risco de transmiss\u00e3o de enfermidades imunopreven\u00edveis, assim como reduzir as taxas de abandono do esquema vacinal.&nbsp;&nbsp;<\/p>\n\n\n\n<p>\u201cA multivacina\u00e7\u00e3o tem como objetivo a an\u00e1lise do esquema de vacina\u00e7\u00e3o das crian\u00e7as e dos adolescentes para verificar se est\u00e1 completo. E, para aqueles que estiverem faltando alguma vacina, ser\u00e1 realizada a administra\u00e7\u00e3o, garantindo assim a prote\u00e7\u00e3o contra diversas doen\u00e7as imunopreven\u00edveis, melhorando tamb\u00e9m as coberturas vacinais no pa\u00eds\u201d, afirma Josianne.<\/p>\n\n\n\n<p class=\"has-white-color has-vivid-cyan-blue-background-color has-text-color has-background\">Quer saber as not\u00edcias do <strong>Aconteceu no Vale<\/strong> em primeira m\u00e3o? Siga-nos no Facebook <a rel=\"noreferrer noopener\" href=\"http:\/\/facebook.com\/aconteceunovale\" target=\"_blank\">@aconteceunovale<\/a>, Twitter <a rel=\"noreferrer noopener\" href=\"https:\/\/twitter.com\/noticiadosvales\" target=\"_blank\">@noticiadosvales<\/a> e Instagram <a rel=\"noreferrer noopener\" href=\"https:\/\/www.instagram.com\/aconteceunovale\" target=\"_blank\">@aconteceunovale<\/a>.<\/p>\n","protected":false},"excerpt":{"rendered":"<p>A&nbsp;Secretaria de Estado de Sa\u00fade de Minas Gerais (SES-MG)&nbsp;prorrogou a Campanha Nacional de Vacina\u00e7\u00e3o contra o sarampo, a Campanha Nacional de Multivacina\u00e7\u00e3o e a Campanha Nacional de Vacina\u00e7\u00e3o contra a poliomielite em Minas Gerais. O objetivo \u00e9 aumentar as coberturas vacinais e evitar doen\u00e7as. Segundo Joseanne Dias Gusm\u00e3o, coordenadora de imuniza\u00e7\u00e3o da SES-MG, at\u00e9 o [&hellip;]<\/p>\n","protected":false},"author":4,"featured_media":161616,"comment_status":"open","ping_status":"closed","sticky":false,"template":"","format":"standard","meta":{"amp_status":"","footnotes":""},"categories":[123,40242],"tags":[229876,46374,1018,229880,208587,229878,229875,134903,55953,229879,52113,229877,208586,192531],"class_list":["post-169186","post","type-post","status-publish","format-standard","has-post-thumbnail","hentry","category-gerais","category-saude-2","tag-campanha-de-vacinacao-contra-o-sarampo-em-minas-gerais","tag-campanha-de-vacinacao-em-minas-gerais","tag-destaque","tag-imunizacao-contra-a-polio-em-minas-gerais","tag-imunizacao-contra-o-sarampo-em-minas-gerais","tag-joseanne-dias-gusmao","tag-minas-gerais-prorroga-campanha-de-vacinacao-ate-20-de-novembro","tag-pni","tag-poliomielite-minas-gerais","tag-sarampo-minas-gerais","tag-ses-mg","tag-vacinacao-contra-a-poliomielite-em-minas-gerais","tag-vacinacao-contra-o-sarampo-em-minas-gerais","tag-vacinacao-em-minas-gerais"],"_links":{"self":[{"href":"https:\/\/aconteceunovale.com.br\/portal\/index.php?rest_route=\/wp\/v2\/posts\/169186","targetHints":{"allow":["GET"]}}],"collection":[{"href":"https:\/\/aconteceunovale.com.br\/portal\/index.php?rest_route=\/wp\/v2\/posts"}],"about":[{"href":"https:\/\/aconteceunovale.com.br\/portal\/index.php?rest_route=\/wp\/v2\/types\/post"}],"author":[{"embeddable":true,"href":"https:\/\/aconteceunovale.com.br\/portal\/index.php?rest_route=\/wp\/v2\/users\/4"}],"replies":[{"embeddable":true,"href":"https:\/\/aconteceunovale.com.br\/portal\/index.php?rest_route=%2Fwp%2Fv2%2Fcomments&post=169186"}],"version-history":[{"count":1,"href":"https:\/\/aconteceunovale.com.br\/portal\/index.php?rest_route=\/wp\/v2\/posts\/169186\/revisions"}],"predecessor-version":[{"id":169187,"href":"https:\/\/aconteceunovale.com.br\/portal\/index.php?rest_route=\/wp\/v2\/posts\/169186\/revisions\/169187"}],"wp:featuredmedia":[{"embeddable":true,"href":"https:\/\/aconteceunovale.com.br\/portal\/index.php?rest_route=\/wp\/v2\/media\/161616"}],"wp:attachment":[{"href":"https:\/\/aconteceunovale.com.br\/portal\/index.php?rest_route=%2Fwp%2Fv2%2Fmedia&parent=169186"}],"wp:term":[{"taxonomy":"category","embeddable":true,"href":"https:\/\/aconteceunovale.com.br\/portal\/index.php?rest_route=%2Fwp%2Fv2%2Fcategories&post=169186"},{"taxonomy":"post_tag","embeddable":true,"href":"https:\/\/aconteceunovale.com.br\/portal\/index.php?rest_route=%2Fwp%2Fv2%2Ftags&post=169186"}],"curies":[{"name":"wp","href":"https:\/\/api.w.org\/{rel}","templated":true}]}}