{"id":169135,"date":"2020-10-27T20:05:24","date_gmt":"2020-10-27T23:05:24","guid":{"rendered":"https:\/\/aconteceunovale.com.br\/portal\/?p=169135"},"modified":"2020-10-27T20:07:16","modified_gmt":"2020-10-27T23:07:16","slug":"dois-novos-radares-entram-em-operacao-nas-rodovias-estaduais","status":"publish","type":"post","link":"https:\/\/aconteceunovale.com.br\/portal\/?p=169135","title":{"rendered":"Dois novos radares entram em opera\u00e7\u00e3o nas rodovias estaduais"},"content":{"rendered":"\n<p>Dois novos radares operam em modo educativo at\u00e9 a pr\u00f3xima segunda-feira (2\/11), nas rodovias sob responsabilidade do&nbsp;<a href=\"http:\/\/www.deer.mg.gov.br\/\" target=\"_blank\" rel=\"noreferrer noopener\">Departamento de Edifica\u00e7\u00f5es e Estradas de Rodagem de Minas Gerais (DER\/MG)<\/a>. Eles est\u00e3o instalados na LMG-806, no&nbsp;km&nbsp;6, em Ribeir\u00e3o das Neves, na Grande BH, e na MGC-120, no&nbsp;km&nbsp;388, em Ferros, regi\u00e3o Central do estado.<\/p>\n\n\n\n<p>Os aparelhos v\u00e3o come\u00e7ar&nbsp;a operar em modo definitivo, gerando infra\u00e7\u00f5es de tr\u00e2nsito,&nbsp;na ter\u00e7a-feira (3\/11). Os equipamentos v\u00e3o autuar ve\u00edculos que excederem a velocidade m\u00e1xima permitida, que \u00e9 de 40 quil\u00f4metros por hora na LMG-806 e de 60 quil\u00f4metros por hora na MGC-120.<\/p>\n\n\n\n<p>Com os novos dispositivos, as rodovias mineiras sob responsabilidade do DER\/MG passam a ser monitoradas por 466 radares fixos.<\/p>\n\n\n\n<p><strong>Seguran\u00e7a<\/strong><\/p>\n\n\n\n<p>O controle eletr\u00f4nico de velocidade tem como principal objetivo garantir a seguran\u00e7a dos usu\u00e1rios que transitam pelas rodovias mineiras. Por isso, o DER\/MG sempre orienta os motoristas a respeitarem os limites estabelecidos para cada trecho, independentemente&nbsp;da presen\u00e7a dos equipamentos.<\/p>\n\n\n\n<p>O DER-MG disponibiliza a rela\u00e7\u00e3o completa, incluindo localiza\u00e7\u00e3o e velocidade m\u00e1xima permitida, de todos os radares fixos em opera\u00e7\u00e3o no estado\u00a0<a rel=\"noreferrer noopener\" href=\"http:\/\/www.deer.mg.gov.br\/transportes\/localizacao-de-radares\" target=\"_blank\">neste link<\/a>.\u00a0<\/p>\n\n\n\n<figure class=\"wp-block-table\"><table><tbody><tr><td>&nbsp;<strong>Rodovia<\/strong>&nbsp;<\/td><td><strong>&nbsp;km&nbsp;<\/strong><\/td><td>&nbsp;<strong>Munic\u00edpio<\/strong>&nbsp;<\/td><td><strong>&nbsp;Velocidade regulamentada&nbsp;<\/strong><\/td><td>&nbsp;<strong>In\u00edcio de opera\u00e7\u00e3o&nbsp;<\/strong><strong>&nbsp;(modo educativo)<\/strong><\/td><td><strong>&nbsp;In\u00edcio de autua\u00e7\u00e3o&nbsp;<\/strong><\/td><\/tr><tr><td>\u00a0LMG-806\u00a0<\/td><td>&nbsp;6,0&nbsp;<\/td><td>&nbsp;Ribeir\u00e3o da Neves&nbsp;<\/td><td>&nbsp;40 km\/h&nbsp;<\/td><td>&nbsp;27\/10\/2020&nbsp;<\/td><td>&nbsp;3\/11\/2020&nbsp;<\/td><\/tr><tr><td>&nbsp;MGC-120&nbsp;<\/td><td>&nbsp;388&nbsp;<\/td><td>&nbsp;Ferros&nbsp;<\/td><td>&nbsp;60 km\/h&nbsp;<\/td><td>&nbsp;27\/10\/2020&nbsp;<\/td><td>&nbsp;3\/11\/2020&nbsp;<\/td><\/tr><\/tbody><\/table><\/figure>\n\n\n\n<p class=\"has-white-color has-vivid-cyan-blue-background-color has-text-color has-background\">Quer saber as not\u00edcias do <strong>Aconteceu no Vale<\/strong> em primeira m\u00e3o? Siga-nos no Facebook <a rel=\"noreferrer noopener\" href=\"http:\/\/facebook.com\/aconteceunovale\" target=\"_blank\">@aconteceunovale<\/a>, Twitter <a rel=\"noreferrer noopener\" href=\"https:\/\/twitter.com\/noticiadosvales\" target=\"_blank\">@noticiadosvales<\/a> e Instagram <a rel=\"noreferrer noopener\" href=\"https:\/\/www.instagram.com\/aconteceunovale\" target=\"_blank\">@aconteceunovale<\/a>.<\/p>\n","protected":false},"excerpt":{"rendered":"<p>Dois novos radares operam em modo educativo at\u00e9 a pr\u00f3xima segunda-feira (2\/11), nas rodovias sob responsabilidade do&nbsp;Departamento de Edifica\u00e7\u00f5es e Estradas de Rodagem de Minas Gerais (DER\/MG). Eles est\u00e3o instalados na LMG-806, no&nbsp;km&nbsp;6, em Ribeir\u00e3o das Neves, na Grande BH, e na MGC-120, no&nbsp;km&nbsp;388, em Ferros, regi\u00e3o Central do estado. Os aparelhos v\u00e3o come\u00e7ar&nbsp;a operar [&hellip;]<\/p>\n","protected":false},"author":4,"featured_media":169136,"comment_status":"open","ping_status":"closed","sticky":false,"template":"","format":"standard","meta":{"amp_status":"","footnotes":""},"categories":[123],"tags":[215389,1018,229150,3378,229821,229822,229820,229818,229819,143478,3674],"class_list":["post-169135","post","type-post","status-publish","format-standard","has-post-thumbnail","hentry","category-gerais","tag-der-mg-2","tag-destaque","tag-dois-novos-radares-entram-em-operacao-nas-rodovias-mineiras","tag-ferros","tag-lista-de-radar-em-minas-gerais","tag-lista-de-radar-estradas-de-minas-gerais","tag-radar-em-ferros","tag-radar-em-ribeirao-das-neves","tag-radar-na-br-120","tag-radar-na-mgc-120","tag-ribeirao-das-neves"],"_links":{"self":[{"href":"https:\/\/aconteceunovale.com.br\/portal\/index.php?rest_route=\/wp\/v2\/posts\/169135","targetHints":{"allow":["GET"]}}],"collection":[{"href":"https:\/\/aconteceunovale.com.br\/portal\/index.php?rest_route=\/wp\/v2\/posts"}],"about":[{"href":"https:\/\/aconteceunovale.com.br\/portal\/index.php?rest_route=\/wp\/v2\/types\/post"}],"author":[{"embeddable":true,"href":"https:\/\/aconteceunovale.com.br\/portal\/index.php?rest_route=\/wp\/v2\/users\/4"}],"replies":[{"embeddable":true,"href":"https:\/\/aconteceunovale.com.br\/portal\/index.php?rest_route=%2Fwp%2Fv2%2Fcomments&post=169135"}],"version-history":[{"count":1,"href":"https:\/\/aconteceunovale.com.br\/portal\/index.php?rest_route=\/wp\/v2\/posts\/169135\/revisions"}],"predecessor-version":[{"id":169137,"href":"https:\/\/aconteceunovale.com.br\/portal\/index.php?rest_route=\/wp\/v2\/posts\/169135\/revisions\/169137"}],"wp:featuredmedia":[{"embeddable":true,"href":"https:\/\/aconteceunovale.com.br\/portal\/index.php?rest_route=\/wp\/v2\/media\/169136"}],"wp:attachment":[{"href":"https:\/\/aconteceunovale.com.br\/portal\/index.php?rest_route=%2Fwp%2Fv2%2Fmedia&parent=169135"}],"wp:term":[{"taxonomy":"category","embeddable":true,"href":"https:\/\/aconteceunovale.com.br\/portal\/index.php?rest_route=%2Fwp%2Fv2%2Fcategories&post=169135"},{"taxonomy":"post_tag","embeddable":true,"href":"https:\/\/aconteceunovale.com.br\/portal\/index.php?rest_route=%2Fwp%2Fv2%2Ftags&post=169135"}],"curies":[{"name":"wp","href":"https:\/\/api.w.org\/{rel}","templated":true}]}}