{"id":169090,"date":"2020-10-23T20:00:21","date_gmt":"2020-10-23T23:00:21","guid":{"rendered":"https:\/\/aconteceunovale.com.br\/portal\/?p=169090"},"modified":"2020-10-23T20:05:24","modified_gmt":"2020-10-23T23:05:24","slug":"aumento-da-margem-do-consignado-com-mercado-aquecido-empresta-inaugura-loja-em-coronel-fabriciano","status":"publish","type":"post","link":"https:\/\/aconteceunovale.com.br\/portal\/?p=169090","title":{"rendered":"Aumento da margem do consignado: com mercado aquecido, Empresta inaugura loja em Coronel Fabriciano"},"content":{"rendered":"\n<h3 class=\"has-text-align-center wp-block-heading\"><strong><em><a href=\"https:\/\/bit.ly\/34pl0Zi\" target=\"_blank\" rel=\"noreferrer noopener\">Empresta<\/a> expande neg\u00f3cios com novas lojas no Leste e Oeste de Minas Gerais<\/em><\/strong><\/h3>\n\n\n\n<p>A Empresta inaugura nesta ter\u00e7a-feira, 27, \u00e0s 9h, uma nova loja na Rua Duque de Caxias, n\u00ba 6, em Coronel Fabriciano. A empresa, que est\u00e1 em um momento de expans\u00e3o, tem visto a demanda de cr\u00e9dito subir cada vez mais, principalmente por conta do aumento de 5% da margem do empr\u00e9stimo consignado para aposentados e pensionistas do INSS.<\/p>\n\n\n\n<p>Nos pr\u00f3ximos meses, outras duas lojas ser\u00e3o abertas nas cidades de Ipatinga e Nova Serrana. O consultor de campo e neg\u00f3cios da Empresta, Vanderley Meireles, acredita que \u201ca expans\u00e3o da Empresta para o leste e oeste de Minas Gerais acontece em um momento que o mercado est\u00e1 muito aquecido, o que favorece ainda mais o crescimento da empresa\u201d.<\/p>\n\n\n\n<p>As lojas Empresta oferecem diferentes produtos de cr\u00e9dito para a popula\u00e7\u00e3o. Entre os mais populares est\u00e3o as op\u00e7\u00f5es de consignado, o empr\u00e9stimo e o cart\u00e3o consignado, voltados para aposentados ou pensionistas do INSS e servidores p\u00fablicos.<\/p>\n\n\n\n<p>Por\u00e9m, aut\u00f4nomos e trabalhadores da rede privada (CLT) tamb\u00e9m poder\u00e3o contratar os servi\u00e7os da loja. Al\u00e9m do empr\u00e9stimo e cart\u00e3o consignado, ser\u00e3o oferecidos: cons\u00f3rcio, refinanciamento imobili\u00e1rio e automotivo, seguro e empr\u00e9stimo pessoal.<\/p>\n\n\n\n<p>Os grandes diferenciais da Empresta s\u00e3o sua excel\u00eancia no atendimento e a agilidade na contrata\u00e7\u00e3o dos seus servi\u00e7os e produtos, por conta do uso da tecnologia e times integrados em todo o processo operacional.<\/p>\n\n\n\n<p>Vanderley ressalta que al\u00e9m da excel\u00eancia no atendimento, a Empresta se destaca em outros dois pontos. \u201cN\u00f3s temos as melhores condi\u00e7\u00f5es de pagamento do Brasil, e estamos sempre muito bem localizados, em Coronel Fabriciano, por exemplo, estamos do lado da prefeitura, uma regi\u00e3o central da cidade\u201d.<\/p>\n\n\n\n<p>O franqueado Empresta recebe suporte desde o plano de neg\u00f3cios, ao escolher o melhor ponto comercial para a loja, at\u00e9 o dia a dia do neg\u00f3cio. Para investir em uma de nossas franquias voc\u00ea n\u00e3o precisa ter experi\u00eancia no mercado financeiro, pois s\u00e3o oferecidos treinamentos e voc\u00ea sempre contar\u00e1 com o apoio da Empresta.<\/p>\n\n\n\n<figure class=\"wp-block-gallery columns-1 is-cropped wp-block-gallery-1 is-layout-flex wp-block-gallery-is-layout-flex\"><ul class=\"blocks-gallery-grid\"><li class=\"blocks-gallery-item\"><figure><img loading=\"lazy\" decoding=\"async\" width=\"670\" height=\"350\" src=\"https:\/\/aconteceunovale.com.br\/portal\/wp-content\/uploads\/2020\/10\/loja_empresta.png\" alt=\"\" data-id=\"169091\" data-full-url=\"https:\/\/aconteceunovale.com.br\/portal\/wp-content\/uploads\/2020\/10\/loja_empresta.png\" data-link=\"https:\/\/aconteceunovale.com.br\/portal\/?attachment_id=169091\" class=\"wp-image-169091\" srcset=\"https:\/\/aconteceunovale.com.br\/portal\/wp-content\/uploads\/2020\/10\/loja_empresta.png 670w, https:\/\/aconteceunovale.com.br\/portal\/wp-content\/uploads\/2020\/10\/loja_empresta-300x157.png 300w\" sizes=\"auto, (max-width: 670px) 100vw, 670px\" \/><figcaption class=\"blocks-gallery-item__caption\"><em>Foto: Divulga\u00e7\u00e3o<\/em><\/figcaption><\/figure><\/li><\/ul><\/figure>\n\n\n\n<h3 class=\"wp-block-heading\"><strong>Sobre a Empresta<\/strong><\/h3>\n\n\n\n<p>H\u00e1 25 anos no mercado financeiro, a <a href=\"https:\/\/bit.ly\/34pl0Zi\" target=\"_blank\" rel=\"noreferrer noopener\">Empresta<\/a> possui o objetivo de oferecer as melhores solu\u00e7\u00f5es de cr\u00e9dito para seus clientes. Para isso, \u00e9 parceira dos principais bancos, e oferece cr\u00e9dito consignado de maneira f\u00e1cil e r\u00e1pida com as melhores condi\u00e7\u00f5es do Brasil.<\/p>\n\n\n\n<p>A Empresta est\u00e1 presente em oito estados e o Distrito Federal, j\u00e1 atendeu mais de 900 mil clientes, e possui mais de 50 unidades, entre lojas pr\u00f3prias e franquias, em todo o pa\u00eds. Al\u00e9m disso, \u00e9 parceira da Associa\u00e7\u00e3o Brasileira de Franchising (ABF), tendo conquistado por dois anos consecutivos o Selo de Excel\u00eancia em Franchising e j\u00e1 recebeu mais de 80 pr\u00eamios de bancos parceiros em campanhas de Qualidade e Vendas.<\/p>\n\n\n\n<p>Hor\u00e1rio de funcionamento da loja: de segunda-feira a sexta-feira, de 8h30 \u00e0s 17h30.<\/p>\n\n\n\n<h3 class=\"wp-block-heading\"><strong>Redes sociais<\/strong><\/h3>\n\n\n\n<p>Para acompanhar o que acontece na Empresta ou receber dicas sobre o mercado financeiro, siga nossas redes sociais:<\/p>\n\n\n\n<ul class=\"wp-block-list\"><li>YouTube: <a rel=\"noreferrer noopener\" href=\"https:\/\/www.youtube.com\/channel\/UCMAfESDHP3h-X9iDtUoyvTg\" target=\"_blank\">Empresta Bem Melhor<\/a><\/li><li>Linkedin: <a rel=\"noreferrer noopener\" href=\"https:\/\/www.linkedin.com\/company\/empresta-solucoes-e-negocios\/\" target=\"_blank\">Empresta Bem Melhor<\/a><\/li><li>Facebook: <a href=\"https:\/\/www.facebook.com\/Empresta-Bem-Melhor-1802176823397557\/\" target=\"_blank\" rel=\"noreferrer noopener\">Empresta Bem Melhor<\/a><\/li><li>Instagram: <a rel=\"noreferrer noopener\" href=\"https:\/\/www.instagram.com\/emprestabemmelhor\/\" target=\"_blank\">@emprestabemmelhor<\/a><\/li><li>Blog: <a rel=\"noreferrer noopener\" href=\"https:\/\/empresta.com.br\/blog\/\" target=\"_blank\">Blog Empresta<\/a><\/li><\/ul>\n\n\n\n<h3 class=\"wp-block-heading\"><strong>Contato<\/strong><\/h3>\n\n\n\n<p>Para mais informa\u00e7\u00f5es, entre em contato com:<\/p>\n\n\n\n<p><strong>Davidson Planas &#8211; Gerente de Marketing<\/strong><\/p>\n\n\n\n<p>(31) 99267-7161<\/p>\n\n\n\n<p><a href=\"mailto:davidson.planas@empresta.com.br\" target=\"_blank\" rel=\"noreferrer noopener\">davidson.planas@empresta.com.br<\/a><\/p>\n\n\n\n<p><a href=\"https:\/\/bit.ly\/34pl0Zi\" target=\"_blank\" rel=\"noreferrer noopener\">https:\/\/empresta.com.br\/<\/a><\/p>\n","protected":false},"excerpt":{"rendered":"<p>Empresta expande neg\u00f3cios com novas lojas no Leste e Oeste de Minas Gerais A Empresta inaugura nesta ter\u00e7a-feira, 27, \u00e0s 9h, uma nova loja na Rua Duque de Caxias, n\u00ba 6, em Coronel Fabriciano. A empresa, que est\u00e1 em um momento de expans\u00e3o, tem visto a demanda de cr\u00e9dito subir cada vez mais, principalmente por [&hellip;]<\/p>\n","protected":false},"author":4,"featured_media":169091,"comment_status":"open","ping_status":"closed","sticky":false,"template":"","format":"standard","meta":{"amp_status":"","footnotes":""},"categories":[121],"tags":[229744,229743,229748,229751,229749,229750,201,229747,229745,229746,1515,229752],"class_list":["post-169090","post","type-post","status-publish","format-standard","has-post-thumbnail","hentry","category-leste","tag-aumento-da-margem-do-consignado","tag-empresta-inaugura-loja-em-coronel-fabriciano","tag-emprestimo-consignado-em-coronel-fabriciano","tag-emprestimo-consignado-para-aposentados-e-pensionistas-do-inss-em-coronel-fabriciano","tag-emprestimo-em-coronel-fabriciano","tag-inauguracao-de-loja-da-empresta-em-coronel-fabriciano","tag-ipatinga","tag-loja-empresta-em-coronel-fabriciano","tag-margem-do-consignado","tag-mercado-de-credito-consignado","tag-nova-serrana","tag-vanderley-meireles"],"_links":{"self":[{"href":"https:\/\/aconteceunovale.com.br\/portal\/index.php?rest_route=\/wp\/v2\/posts\/169090","targetHints":{"allow":["GET"]}}],"collection":[{"href":"https:\/\/aconteceunovale.com.br\/portal\/index.php?rest_route=\/wp\/v2\/posts"}],"about":[{"href":"https:\/\/aconteceunovale.com.br\/portal\/index.php?rest_route=\/wp\/v2\/types\/post"}],"author":[{"embeddable":true,"href":"https:\/\/aconteceunovale.com.br\/portal\/index.php?rest_route=\/wp\/v2\/users\/4"}],"replies":[{"embeddable":true,"href":"https:\/\/aconteceunovale.com.br\/portal\/index.php?rest_route=%2Fwp%2Fv2%2Fcomments&post=169090"}],"version-history":[{"count":2,"href":"https:\/\/aconteceunovale.com.br\/portal\/index.php?rest_route=\/wp\/v2\/posts\/169090\/revisions"}],"predecessor-version":[{"id":169093,"href":"https:\/\/aconteceunovale.com.br\/portal\/index.php?rest_route=\/wp\/v2\/posts\/169090\/revisions\/169093"}],"wp:featuredmedia":[{"embeddable":true,"href":"https:\/\/aconteceunovale.com.br\/portal\/index.php?rest_route=\/wp\/v2\/media\/169091"}],"wp:attachment":[{"href":"https:\/\/aconteceunovale.com.br\/portal\/index.php?rest_route=%2Fwp%2Fv2%2Fmedia&parent=169090"}],"wp:term":[{"taxonomy":"category","embeddable":true,"href":"https:\/\/aconteceunovale.com.br\/portal\/index.php?rest_route=%2Fwp%2Fv2%2Fcategories&post=169090"},{"taxonomy":"post_tag","embeddable":true,"href":"https:\/\/aconteceunovale.com.br\/portal\/index.php?rest_route=%2Fwp%2Fv2%2Ftags&post=169090"}],"curies":[{"name":"wp","href":"https:\/\/api.w.org\/{rel}","templated":true}]}}