{"id":169070,"date":"2020-10-23T12:49:22","date_gmt":"2020-10-23T15:49:22","guid":{"rendered":"https:\/\/aconteceunovale.com.br\/portal\/?p=169070"},"modified":"2020-10-23T12:49:31","modified_gmt":"2020-10-23T15:49:31","slug":"policia-civil-prende-suspeita-de-trafico-e-apreende-cocaina-em-montes-claros","status":"publish","type":"post","link":"https:\/\/aconteceunovale.com.br\/portal\/?p=169070","title":{"rendered":"Pol\u00edcia Civil prende suspeita de tr\u00e1fico e apreende coca\u00edna em Montes Claros"},"content":{"rendered":"\n<p>A Pol\u00edcia Civil de Minas Gerais (PCMG) prendeu em flagrante, na tarde de quinta-feira (22\/10\/2020), uma suspeita de envolvimento com o tr\u00e1fico de drogas em Montes Claros. Na casa da mulher, de 20 anos, os policiais apreenderam cerca de 1,5 quilo de coca\u00edna. Segundo apurado, ela \u00e9 respons\u00e1vel por armazenar entorpecentes em sua resid\u00eancia para a associa\u00e7\u00e3o criminosa que atua no bairro Santos Reis.<\/p>\n\n\n\n<p>O trabalho investigativo durou cerca de vinte dias, sendo poss\u00edvel identificar a investigada e o im\u00f3vel em que o entorpecente estava guardado. O delegado Alberto Ten\u00f3rio explica que a mulher n\u00e3o possui registros policiais, motivo pelo qual traficantes deixavam a droga na casa dela. \u201cEles fazem isso para n\u00e3o levantar suspeitas da Pol\u00edcia Civil, acreditando que pessoas id\u00f4neas n\u00e3o s\u00e3o investigadas&#8221;, explica.<\/p>\n\n\n\n<p>A PCMG esclarece que quem armazena drogas em suas resid\u00eancias incorre na mesma pena da pessoa que comercializa as subst\u00e2ncias. E, ainda, est\u00e1 sujeito a responder pelo crime de associa\u00e7\u00e3o para o tr\u00e1fico, cujas penas agregadas podem superar 20 anos.<\/p>\n\n\n\n<p>Finalizado o procedimento da autua\u00e7\u00e3o em flagrante, a suspeita foi encaminhada ao sistema prisional, ficando \u00e0 disposi\u00e7\u00e3o da Justi\u00e7a.<\/p>\n\n\n\n<figure class=\"wp-block-gallery columns-1 is-cropped wp-block-gallery-1 is-layout-flex wp-block-gallery-is-layout-flex\"><ul class=\"blocks-gallery-grid\"><li class=\"blocks-gallery-item\"><figure><img loading=\"lazy\" decoding=\"async\" width=\"648\" height=\"414\" src=\"https:\/\/aconteceunovale.com.br\/portal\/wp-content\/uploads\/2020\/10\/trafico_moc.jpeg\" alt=\"\" data-id=\"169071\" class=\"wp-image-169071\" srcset=\"https:\/\/aconteceunovale.com.br\/portal\/wp-content\/uploads\/2020\/10\/trafico_moc.jpeg 648w, https:\/\/aconteceunovale.com.br\/portal\/wp-content\/uploads\/2020\/10\/trafico_moc-300x192.jpeg 300w\" sizes=\"auto, (max-width: 648px) 100vw, 648px\" \/><figcaption class=\"blocks-gallery-item__caption\"><em>Foto: Divulga\u00e7\u00e3o\/PCMG<\/em><\/figcaption><\/figure><\/li><\/ul><\/figure>\n\n\n\n<p class=\"has-white-color has-vivid-cyan-blue-background-color has-text-color has-background\">Quer saber as not\u00edcias do <strong>Aconteceu no Vale<\/strong> em primeira m\u00e3o? Siga-nos no Facebook <a rel=\"noreferrer noopener\" href=\"http:\/\/facebook.com\/aconteceunovale\" target=\"_blank\">@aconteceunovale<\/a>, Twitter <a rel=\"noreferrer noopener\" href=\"https:\/\/twitter.com\/noticiadosvales\" target=\"_blank\">@noticiadosvales<\/a> e Instagram <a rel=\"noreferrer noopener\" href=\"https:\/\/www.instagram.com\/aconteceunovale\" target=\"_blank\">@aconteceunovale<\/a>.<\/p>\n","protected":false},"excerpt":{"rendered":"<p>A Pol\u00edcia Civil de Minas Gerais (PCMG) prendeu em flagrante, na tarde de quinta-feira (22\/10\/2020), uma suspeita de envolvimento com o tr\u00e1fico de drogas em Montes Claros. Na casa da mulher, de 20 anos, os policiais apreenderam cerca de 1,5 quilo de coca\u00edna. Segundo apurado, ela \u00e9 respons\u00e1vel por armazenar entorpecentes em sua resid\u00eancia para [&hellip;]<\/p>\n","protected":false},"author":4,"featured_media":169071,"comment_status":"open","ping_status":"closed","sticky":false,"template":"","format":"standard","meta":{"amp_status":"","footnotes":""},"categories":[1236],"tags":[216273,139739,1018,210,109589,604,229710,154238,147782,124014],"class_list":["post-169070","post","type-post","status-publish","format-standard","has-post-thumbnail","hentry","category-norte_de_minas","tag-alberto-tenorio","tag-delegado-alberto-tenorio","tag-destaque","tag-montes-claros","tag-mulher-presa-em-montes-claros","tag-pcmg","tag-policia-civil-prende-suspeita-de-trafico-e-apreende-cocaina-em-montes-claros","tag-prisao-de-traficante-em-montes-claros","tag-traficante-presa-em-montes-claros","tag-trafico-em-montes-claros"],"_links":{"self":[{"href":"https:\/\/aconteceunovale.com.br\/portal\/index.php?rest_route=\/wp\/v2\/posts\/169070","targetHints":{"allow":["GET"]}}],"collection":[{"href":"https:\/\/aconteceunovale.com.br\/portal\/index.php?rest_route=\/wp\/v2\/posts"}],"about":[{"href":"https:\/\/aconteceunovale.com.br\/portal\/index.php?rest_route=\/wp\/v2\/types\/post"}],"author":[{"embeddable":true,"href":"https:\/\/aconteceunovale.com.br\/portal\/index.php?rest_route=\/wp\/v2\/users\/4"}],"replies":[{"embeddable":true,"href":"https:\/\/aconteceunovale.com.br\/portal\/index.php?rest_route=%2Fwp%2Fv2%2Fcomments&post=169070"}],"version-history":[{"count":1,"href":"https:\/\/aconteceunovale.com.br\/portal\/index.php?rest_route=\/wp\/v2\/posts\/169070\/revisions"}],"predecessor-version":[{"id":169072,"href":"https:\/\/aconteceunovale.com.br\/portal\/index.php?rest_route=\/wp\/v2\/posts\/169070\/revisions\/169072"}],"wp:featuredmedia":[{"embeddable":true,"href":"https:\/\/aconteceunovale.com.br\/portal\/index.php?rest_route=\/wp\/v2\/media\/169071"}],"wp:attachment":[{"href":"https:\/\/aconteceunovale.com.br\/portal\/index.php?rest_route=%2Fwp%2Fv2%2Fmedia&parent=169070"}],"wp:term":[{"taxonomy":"category","embeddable":true,"href":"https:\/\/aconteceunovale.com.br\/portal\/index.php?rest_route=%2Fwp%2Fv2%2Fcategories&post=169070"},{"taxonomy":"post_tag","embeddable":true,"href":"https:\/\/aconteceunovale.com.br\/portal\/index.php?rest_route=%2Fwp%2Fv2%2Ftags&post=169070"}],"curies":[{"name":"wp","href":"https:\/\/api.w.org\/{rel}","templated":true}]}}