{"id":169067,"date":"2020-10-23T00:26:35","date_gmt":"2020-10-23T03:26:35","guid":{"rendered":"https:\/\/aconteceunovale.com.br\/portal\/?p=169067"},"modified":"2020-10-23T00:26:46","modified_gmt":"2020-10-23T03:26:46","slug":"ciclone-subtropical-pode-passar-por-minas-gerais","status":"publish","type":"post","link":"https:\/\/aconteceunovale.com.br\/portal\/?p=169067","title":{"rendered":"Ciclone subtropical pode passar por Minas Gerais"},"content":{"rendered":"\n<p>O instituto de meteorologia\u00a0Climatempo emitiu um alerta\u00a0para a forma\u00e7\u00e3o de um ciclone subtropical no pr\u00f3ximo domingo (25), com grande chance\u00a0de temporais, acompanhados de ventos fortes em boa parte de Minas, norte do Rio de Janeiro, sul da Bahia e todo o Estado do Esp\u00edrito Santo.\u00a0<\/p>\n\n\n\n<p>Os especialistas indicam que&nbsp;entre&nbsp;sexta-feira (23) e segunda-feira (26) h\u00e1 previs\u00e3o de nuvens carregadas com a ocorr\u00eancia de tempestades. Al\u00e9m de provocar ventania de at\u00e9 80Km\/h, o ciclone deve causar grande volume&nbsp;de chuva, podendo o acumulado chegar&nbsp;a 100 mil\u00edmetros,&nbsp;aumentando assim o risco de alagamentos e inunda\u00e7\u00f5es.<\/p>\n\n\n\n<p>Um ciclone subtropical \u00e9 um sistema h\u00edbrido, ou seja, ele n\u00e3o \u00e9 nem um ciclone extratropical e nem um furac\u00e3o, ele seria um&nbsp;meio termo. N\u00e3o precisa de uma frente fria para se formar, mas tamb\u00e9m n\u00e3o tem um centro de baixa press\u00e3o t\u00e3o intenso quanto de um ciclone tropical.<\/p>\n\n\n\n<p>Se confirmado, esse ser\u00e1 o d\u00e9cimo sistema catalogado pela Marinha do Brasil, e deve ser batizado de Mani.<\/p>\n\n\n\n<figure class=\"wp-block-gallery columns-1 is-cropped wp-block-gallery-1 is-layout-flex wp-block-gallery-is-layout-flex\"><ul class=\"blocks-gallery-grid\"><li class=\"blocks-gallery-item\"><figure><img loading=\"lazy\" decoding=\"async\" width=\"667\" height=\"450\" src=\"https:\/\/aconteceunovale.com.br\/portal\/wp-content\/uploads\/2020\/10\/ciclone_mg.jpg\" alt=\"\" data-id=\"169068\" data-full-url=\"https:\/\/aconteceunovale.com.br\/portal\/wp-content\/uploads\/2020\/10\/ciclone_mg.jpg\" data-link=\"https:\/\/aconteceunovale.com.br\/portal\/?attachment_id=169068\" class=\"wp-image-169068\" srcset=\"https:\/\/aconteceunovale.com.br\/portal\/wp-content\/uploads\/2020\/10\/ciclone_mg.jpg 667w, https:\/\/aconteceunovale.com.br\/portal\/wp-content\/uploads\/2020\/10\/ciclone_mg-300x202.jpg 300w, https:\/\/aconteceunovale.com.br\/portal\/wp-content\/uploads\/2020\/10\/ciclone_mg-623x420.jpg 623w\" sizes=\"auto, (max-width: 667px) 100vw, 667px\" \/><figcaption class=\"blocks-gallery-item__caption\"><em>Poss\u00edvel forma\u00e7\u00e3o do ciclone subtropical Mani (cr\u00e9ditos: Clima Tempo)<\/em><\/figcaption><\/figure><\/li><\/ul><\/figure>\n\n\n\n<p class=\"has-white-color has-vivid-cyan-blue-background-color has-text-color has-background\">Quer saber as not\u00edcias do <strong>Aconteceu no Vale<\/strong> em primeira m\u00e3o? Siga-nos no Facebook <a rel=\"noreferrer noopener\" href=\"http:\/\/facebook.com\/aconteceunovale\" target=\"_blank\">@aconteceunovale<\/a>, Twitter <a rel=\"noreferrer noopener\" href=\"https:\/\/twitter.com\/noticiadosvales\" target=\"_blank\">@noticiadosvales<\/a> e Instagram <a rel=\"noreferrer noopener\" href=\"https:\/\/www.instagram.com\/aconteceunovale\" target=\"_blank\">@aconteceunovale<\/a>.<\/p>\n","protected":false},"excerpt":{"rendered":"<p>O instituto de meteorologia\u00a0Climatempo emitiu um alerta\u00a0para a forma\u00e7\u00e3o de um ciclone subtropical no pr\u00f3ximo domingo (25), com grande chance\u00a0de temporais, acompanhados de ventos fortes em boa parte de Minas, norte do Rio de Janeiro, sul da Bahia e todo o Estado do Esp\u00edrito Santo.\u00a0 Os especialistas indicam que&nbsp;entre&nbsp;sexta-feira (23) e segunda-feira (26) h\u00e1 previs\u00e3o [&hellip;]<\/p>\n","protected":false},"author":4,"featured_media":169068,"comment_status":"open","ping_status":"closed","sticky":false,"template":"","format":"standard","meta":{"amp_status":"","footnotes":""},"categories":[6,123],"tags":[229709,229705,229708,229704,229707,229706],"class_list":["post-169067","post","type-post","status-publish","format-standard","has-post-thumbnail","hentry","category-br","category-gerais","tag-ciclone-mani","tag-ciclone-minas-gerais","tag-ciclone-subtropical","tag-ciclone-subtropical-pode-passar-por-minas-gerais","tag-tempestade-minas-gerais","tag-temporais-minas-gerais"],"_links":{"self":[{"href":"https:\/\/aconteceunovale.com.br\/portal\/index.php?rest_route=\/wp\/v2\/posts\/169067","targetHints":{"allow":["GET"]}}],"collection":[{"href":"https:\/\/aconteceunovale.com.br\/portal\/index.php?rest_route=\/wp\/v2\/posts"}],"about":[{"href":"https:\/\/aconteceunovale.com.br\/portal\/index.php?rest_route=\/wp\/v2\/types\/post"}],"author":[{"embeddable":true,"href":"https:\/\/aconteceunovale.com.br\/portal\/index.php?rest_route=\/wp\/v2\/users\/4"}],"replies":[{"embeddable":true,"href":"https:\/\/aconteceunovale.com.br\/portal\/index.php?rest_route=%2Fwp%2Fv2%2Fcomments&post=169067"}],"version-history":[{"count":1,"href":"https:\/\/aconteceunovale.com.br\/portal\/index.php?rest_route=\/wp\/v2\/posts\/169067\/revisions"}],"predecessor-version":[{"id":169069,"href":"https:\/\/aconteceunovale.com.br\/portal\/index.php?rest_route=\/wp\/v2\/posts\/169067\/revisions\/169069"}],"wp:featuredmedia":[{"embeddable":true,"href":"https:\/\/aconteceunovale.com.br\/portal\/index.php?rest_route=\/wp\/v2\/media\/169068"}],"wp:attachment":[{"href":"https:\/\/aconteceunovale.com.br\/portal\/index.php?rest_route=%2Fwp%2Fv2%2Fmedia&parent=169067"}],"wp:term":[{"taxonomy":"category","embeddable":true,"href":"https:\/\/aconteceunovale.com.br\/portal\/index.php?rest_route=%2Fwp%2Fv2%2Fcategories&post=169067"},{"taxonomy":"post_tag","embeddable":true,"href":"https:\/\/aconteceunovale.com.br\/portal\/index.php?rest_route=%2Fwp%2Fv2%2Ftags&post=169067"}],"curies":[{"name":"wp","href":"https:\/\/api.w.org\/{rel}","templated":true}]}}