{"id":169042,"date":"2020-10-20T23:03:31","date_gmt":"2020-10-21T02:03:31","guid":{"rendered":"https:\/\/aconteceunovale.com.br\/portal\/?p=169042"},"modified":"2020-10-20T23:04:07","modified_gmt":"2020-10-21T02:04:07","slug":"br-135-ganha-cinco-novos-radares","status":"publish","type":"post","link":"https:\/\/aconteceunovale.com.br\/portal\/?p=169042","title":{"rendered":"BR-135 ganha cinco novos radares"},"content":{"rendered":"\n<p>A BR-135, no Norte do estado, recebeu cinco novos radares fixos com objetivo de controlar os limites de velocidade e minimizar os riscos de acidentes de tr\u00e2nsito. Eles come\u00e7aram a operar em modo educativo nesta ter\u00e7a-feira (20\/10) e, a partir do dia 27\/10, passar\u00e3o a gerar multas.<\/p>\n\n\n\n<p>Os equipamentos est\u00e3o instalados nos km 368,1; 368,65 e 369,25, no munic\u00edpio de Montes Claros; no km 513 em Buen\u00f3polis, e no km 595, em Corinto. As velocidades permitidas variam de 60 a 100 km\/h, dependendo do trecho e do tipo de ve\u00edculo, conforme tabela abaixo.<\/p>\n\n\n\n<figure class=\"wp-block-image size-large\"><img loading=\"lazy\" decoding=\"async\" width=\"584\" height=\"375\" src=\"https:\/\/aconteceunovale.com.br\/portal\/wp-content\/uploads\/2020\/10\/radar_135_1.jpg\" alt=\"\" class=\"wp-image-169043\" srcset=\"https:\/\/aconteceunovale.com.br\/portal\/wp-content\/uploads\/2020\/10\/radar_135_1.jpg 584w, https:\/\/aconteceunovale.com.br\/portal\/wp-content\/uploads\/2020\/10\/radar_135_1-300x193.jpg 300w\" sizes=\"auto, (max-width: 584px) 100vw, 584px\" \/><\/figure>\n\n\n\n<h2 class=\"wp-block-heading\"><strong>Seguran\u00e7a<\/strong><\/h2>\n\n\n\n<p>Independentemente da presen\u00e7a dos radares, o\u00a0Departamento de Edifica\u00e7\u00f5es e Estradas de Rodagem de Minas Gerais (DER-MG)\u00a0alerta que a seguran\u00e7a nos deslocamentos rodovi\u00e1rios depende, sobretudo, do respeito aos limites de velocidade, \u00e0 sinaliza\u00e7\u00e3o e \u00e0s leis de tr\u00e2nsito.<\/p>\n\n\n\n<h2 class=\"wp-block-heading\"><strong>Radares<\/strong><\/h2>\n\n\n\n<p>As rodovias mineiras contam, a partir de agora, com 464 radares em opera\u00e7\u00e3o\u00a0na malha rodovi\u00e1ria sob responsabilidade do DER-MG. A localiza\u00e7\u00e3o de cada um dos radares fixos que j\u00e1 est\u00e3o em opera\u00e7\u00e3o nas rodovias estaduais pode ser consultada\u00a0<a rel=\"noreferrer noopener\" href=\"http:\/\/www.deer.mg.gov.br\/transportes\/localizacao-de-radares\" target=\"_blank\">neste link<\/a>.<\/p>\n\n\n\n<p class=\"has-white-color has-vivid-cyan-blue-background-color has-text-color has-background\">Quer saber as not\u00edcias do <strong>Aconteceu no Vale<\/strong> em primeira m\u00e3o? Siga-nos no Facebook <a rel=\"noreferrer noopener\" href=\"http:\/\/facebook.com\/aconteceunovale\" target=\"_blank\">@aconteceunovale<\/a>, Twitter <a rel=\"noreferrer noopener\" href=\"https:\/\/twitter.com\/noticiadosvales\" target=\"_blank\">@noticiadosvales<\/a> e Instagram <a rel=\"noreferrer noopener\" href=\"https:\/\/www.instagram.com\/aconteceunovale\" target=\"_blank\">@aconteceunovale<\/a>.<\/p>\n","protected":false},"excerpt":{"rendered":"<p>A BR-135, no Norte do estado, recebeu cinco novos radares fixos com objetivo de controlar os limites de velocidade e minimizar os riscos de acidentes de tr\u00e2nsito. Eles come\u00e7aram a operar em modo educativo nesta ter\u00e7a-feira (20\/10) e, a partir do dia 27\/10, passar\u00e3o a gerar multas. Os equipamentos est\u00e3o instalados nos km 368,1; 368,65 [&hellip;]<\/p>\n","protected":false},"author":4,"featured_media":169044,"comment_status":"open","ping_status":"closed","sticky":false,"template":"","format":"standard","meta":{"amp_status":"","footnotes":""},"categories":[1236],"tags":[207131,229670,960,1534,215389,1018,210,229672,229671],"class_list":["post-169042","post","type-post","status-publish","format-standard","has-post-thumbnail","hentry","category-norte_de_minas","tag-br-135-2","tag-br-135-ganha-cinco-novos-radares","tag-buenopolis","tag-corinto","tag-der-mg-2","tag-destaque","tag-montes-claros","tag-novo-radar-na-br-135","tag-radar-na-br-135"],"_links":{"self":[{"href":"https:\/\/aconteceunovale.com.br\/portal\/index.php?rest_route=\/wp\/v2\/posts\/169042","targetHints":{"allow":["GET"]}}],"collection":[{"href":"https:\/\/aconteceunovale.com.br\/portal\/index.php?rest_route=\/wp\/v2\/posts"}],"about":[{"href":"https:\/\/aconteceunovale.com.br\/portal\/index.php?rest_route=\/wp\/v2\/types\/post"}],"author":[{"embeddable":true,"href":"https:\/\/aconteceunovale.com.br\/portal\/index.php?rest_route=\/wp\/v2\/users\/4"}],"replies":[{"embeddable":true,"href":"https:\/\/aconteceunovale.com.br\/portal\/index.php?rest_route=%2Fwp%2Fv2%2Fcomments&post=169042"}],"version-history":[{"count":1,"href":"https:\/\/aconteceunovale.com.br\/portal\/index.php?rest_route=\/wp\/v2\/posts\/169042\/revisions"}],"predecessor-version":[{"id":169045,"href":"https:\/\/aconteceunovale.com.br\/portal\/index.php?rest_route=\/wp\/v2\/posts\/169042\/revisions\/169045"}],"wp:featuredmedia":[{"embeddable":true,"href":"https:\/\/aconteceunovale.com.br\/portal\/index.php?rest_route=\/wp\/v2\/media\/169044"}],"wp:attachment":[{"href":"https:\/\/aconteceunovale.com.br\/portal\/index.php?rest_route=%2Fwp%2Fv2%2Fmedia&parent=169042"}],"wp:term":[{"taxonomy":"category","embeddable":true,"href":"https:\/\/aconteceunovale.com.br\/portal\/index.php?rest_route=%2Fwp%2Fv2%2Fcategories&post=169042"},{"taxonomy":"post_tag","embeddable":true,"href":"https:\/\/aconteceunovale.com.br\/portal\/index.php?rest_route=%2Fwp%2Fv2%2Ftags&post=169042"}],"curies":[{"name":"wp","href":"https:\/\/api.w.org\/{rel}","templated":true}]}}