{"id":169038,"date":"2020-10-20T13:05:57","date_gmt":"2020-10-20T16:05:57","guid":{"rendered":"https:\/\/aconteceunovale.com.br\/portal\/?p=169038"},"modified":"2020-10-20T13:08:32","modified_gmt":"2020-10-20T16:08:32","slug":"capelinha-confirma-primeiro-obito-de-paciente-infectado-pelo-novo-coronavirus","status":"publish","type":"post","link":"https:\/\/aconteceunovale.com.br\/portal\/?p=169038","title":{"rendered":"Capelinha confirma primeiro \u00f3bito de paciente infectado pelo novo coronav\u00edrus"},"content":{"rendered":"\n<p>A Prefeitura de Capelinha, no Vale do Jequitinhonha, confirmou nesta ter\u00e7a-feira (20\/10) o primeiro \u00f3bito de paciente infectado pelo novo coronav\u00edrus. A v\u00edtima \u00e9 um homem de 78 anos que possu\u00eda outras comorbidades. Ele estava internado no Hospital S\u00e3o Vicente de Paulo e faleceu no in\u00edcio da noite de ontem (19).<\/p>\n\n\n\n<p>Segundo a nota da prefeitura, o paciente recebeu toda a assist\u00eancia e tratamentos poss\u00edveis. A infec\u00e7\u00e3o pelo novo coronav\u00edrus (que causa a doen\u00e7a Covid-19) foi confirmada atrav\u00e9s de exame laboratorial liberado na manh\u00e3 de hoje (20).<\/p>\n\n\n\n<p><em>\u201cO Governo Municipal de Capelinha se solidariza com a fam\u00edlia e alerta a popula\u00e7\u00e3o quanto a import\u00e2ncia de cumprir as medidas preventivas, como manter o distanciamento social, n\u00e3o promover aglomera\u00e7\u00f5es (mesmo que sejam pequenas ou em fam\u00edlia), n\u00e3o sair para as ruas sem necessidade, cumprir o isolamento (quando determinado pelos profissionais de sa\u00fade), usar m\u00e1scara da forma correta e higienizar as m\u00e3os, sempre que poss\u00edvel, com sab\u00e3o e\/ou \u00e1lcool 70%\u201d<\/em>, finaliza a nota.<\/p>\n\n\n\n<h2 class=\"wp-block-heading\"><strong>Nota da prefeitura<\/strong><\/h2>\n\n\n\n<figure class=\"wp-block-image size-large\"><img decoding=\"async\" src=\"https:\/\/aconteceunovale.com.br\/postagens\/obito_capelinha_1.png\" alt=\"\"\/><\/figure>\n\n\n\n<h2 class=\"wp-block-heading\"><strong>Nota do hospital<\/strong><\/h2>\n\n\n\n<figure class=\"wp-block-image size-large\"><img loading=\"lazy\" decoding=\"async\" width=\"949\" height=\"662\" src=\"https:\/\/aconteceunovale.com.br\/portal\/wp-content\/uploads\/2020\/10\/nota_hospital_cap.png\" alt=\"\" class=\"wp-image-169040\" srcset=\"https:\/\/aconteceunovale.com.br\/portal\/wp-content\/uploads\/2020\/10\/nota_hospital_cap.png 949w, https:\/\/aconteceunovale.com.br\/portal\/wp-content\/uploads\/2020\/10\/nota_hospital_cap-300x209.png 300w, https:\/\/aconteceunovale.com.br\/portal\/wp-content\/uploads\/2020\/10\/nota_hospital_cap-768x536.png 768w, https:\/\/aconteceunovale.com.br\/portal\/wp-content\/uploads\/2020\/10\/nota_hospital_cap-100x70.png 100w, https:\/\/aconteceunovale.com.br\/portal\/wp-content\/uploads\/2020\/10\/nota_hospital_cap-696x486.png 696w, https:\/\/aconteceunovale.com.br\/portal\/wp-content\/uploads\/2020\/10\/nota_hospital_cap-602x420.png 602w\" sizes=\"auto, (max-width: 949px) 100vw, 949px\" \/><\/figure>\n\n\n\n<h2 class=\"wp-block-heading\"><strong>\u00daltimo boletim epidemiol\u00f3gico<\/strong><\/h2>\n\n\n\n<figure class=\"wp-block-image size-large\"><img decoding=\"async\" src=\"https:\/\/aconteceunovale.com.br\/postagens\/corona_cap_19outubro_1.png\" alt=\"\"\/><\/figure>\n\n\n\n<p class=\"has-white-color has-vivid-cyan-blue-background-color has-text-color has-background\">Quer saber as not\u00edcias do <strong>Aconteceu no Vale<\/strong> em primeira m\u00e3o? Siga-nos no Facebook <a rel=\"noreferrer noopener\" href=\"http:\/\/facebook.com\/aconteceunovale\" target=\"_blank\">@aconteceunovale<\/a>, Twitter <a rel=\"noreferrer noopener\" href=\"https:\/\/twitter.com\/noticiadosvales\" target=\"_blank\">@noticiadosvales<\/a> e Instagram <a rel=\"noreferrer noopener\" href=\"https:\/\/www.instagram.com\/aconteceunovale\" target=\"_blank\">@aconteceunovale<\/a>.<\/p>\n","protected":false},"excerpt":{"rendered":"<p>A Prefeitura de Capelinha, no Vale do Jequitinhonha, confirmou nesta ter\u00e7a-feira (20\/10) o primeiro \u00f3bito de paciente infectado pelo novo coronav\u00edrus. A v\u00edtima \u00e9 um homem de 78 anos que possu\u00eda outras comorbidades. Ele estava internado no Hospital S\u00e3o Vicente de Paulo e faleceu no in\u00edcio da noite de ontem (19). Segundo a nota da [&hellip;]<\/p>\n","protected":false},"author":4,"featured_media":169039,"comment_status":"open","ping_status":"closed","sticky":false,"template":"","format":"standard","meta":{"amp_status":"","footnotes":""},"categories":[40242,120],"tags":[132,229666,224754,227487,218007,221398,224309,223916,223915,224224,218179,218765,1018,224739,218198,229669,224738,218201,229668,65998,224633,224348,229667],"class_list":["post-169038","post","type-post","status-publish","format-standard","has-post-thumbnail","hentry","category-saude-2","category-jequi","tag-capelinha","tag-capelinha-confirma-primeiro-obito-de-paciente-infectado-pelo-novo-coronavirus","tag-capelinha-registra-mais-dois-casos-de-coronavirus","tag-capelinha-registra-mais-tres-casos-de-covid-19","tag-caso-de-coronavirus-em-capelinha","tag-caso-de-covid-19-em-capelinha","tag-confirmado-o-quarto-caso-de-covid-19-em-capelinha","tag-confirmado-o-segundo-caso-de-coronavirus-em-capelinha","tag-confirmado-o-segundo-caso-de-covid-19-em-capelinha","tag-confirmado-o-terceiro-caso-de-covid-19-em-capelinha","tag-coronavirus-em-capelinha","tag-covid-19-em-capelinha","tag-destaque","tag-funcionamento-do-comercio-de-capelinha","tag-morte-por-coronavirus-em-capelinha","tag-morte-por-covid-19-em-capelinha","tag-novas-regras-para-o-comercio-de-capelinha-passam-a-valer-neste-sabado","tag-obito-por-coronavirus-em-capelinha","tag-obito-por-covid-19-em-capelinha","tag-prefeitura-de-capelinha","tag-prefeitura-de-capelinha-confirma-dois-novos-casos-de-covid-19","tag-prefeitura-de-capelinha-confirma-quinto-caso-de-covid-19","tag-primeiro-obito-por-covid-19-em-capelinha"],"_links":{"self":[{"href":"https:\/\/aconteceunovale.com.br\/portal\/index.php?rest_route=\/wp\/v2\/posts\/169038","targetHints":{"allow":["GET"]}}],"collection":[{"href":"https:\/\/aconteceunovale.com.br\/portal\/index.php?rest_route=\/wp\/v2\/posts"}],"about":[{"href":"https:\/\/aconteceunovale.com.br\/portal\/index.php?rest_route=\/wp\/v2\/types\/post"}],"author":[{"embeddable":true,"href":"https:\/\/aconteceunovale.com.br\/portal\/index.php?rest_route=\/wp\/v2\/users\/4"}],"replies":[{"embeddable":true,"href":"https:\/\/aconteceunovale.com.br\/portal\/index.php?rest_route=%2Fwp%2Fv2%2Fcomments&post=169038"}],"version-history":[{"count":1,"href":"https:\/\/aconteceunovale.com.br\/portal\/index.php?rest_route=\/wp\/v2\/posts\/169038\/revisions"}],"predecessor-version":[{"id":169041,"href":"https:\/\/aconteceunovale.com.br\/portal\/index.php?rest_route=\/wp\/v2\/posts\/169038\/revisions\/169041"}],"wp:featuredmedia":[{"embeddable":true,"href":"https:\/\/aconteceunovale.com.br\/portal\/index.php?rest_route=\/wp\/v2\/media\/169039"}],"wp:attachment":[{"href":"https:\/\/aconteceunovale.com.br\/portal\/index.php?rest_route=%2Fwp%2Fv2%2Fmedia&parent=169038"}],"wp:term":[{"taxonomy":"category","embeddable":true,"href":"https:\/\/aconteceunovale.com.br\/portal\/index.php?rest_route=%2Fwp%2Fv2%2Fcategories&post=169038"},{"taxonomy":"post_tag","embeddable":true,"href":"https:\/\/aconteceunovale.com.br\/portal\/index.php?rest_route=%2Fwp%2Fv2%2Ftags&post=169038"}],"curies":[{"name":"wp","href":"https:\/\/api.w.org\/{rel}","templated":true}]}}