{"id":169034,"date":"2020-10-18T23:41:12","date_gmt":"2020-10-19T02:41:12","guid":{"rendered":"https:\/\/aconteceunovale.com.br\/portal\/?p=169034"},"modified":"2020-10-18T23:41:42","modified_gmt":"2020-10-19T02:41:42","slug":"justica-mantem-paralisacao-de-atividades-em-fazenda-no-norte-de-minas-por-dano-ambiental","status":"publish","type":"post","link":"https:\/\/aconteceunovale.com.br\/portal\/?p=169034","title":{"rendered":"Justi\u00e7a mant\u00e9m paralisa\u00e7\u00e3o de atividades em fazenda no Norte de Minas por dano ambiental"},"content":{"rendered":"\n<p>O Tribunal de Justi\u00e7a de Minas Gerais (TJMG) manteve a decis\u00e3o liminar da 1\u00aa Vara C\u00edvel, Criminal e da Inf\u00e2ncia e Juventude Comarca de Luz, que paralisou as atividades da Fazenda Lagoa Encantada por acusa\u00e7\u00f5es de desmatamento em \u00e1reas de preserva\u00e7\u00e3o permanente e reserva legal e o barramento do rio Itacarambi, na \u00e1rea rural de S\u00e3o Jo\u00e3o das Miss\u00f5es.<\/p>\n\n\n\n<p>De acordo com a den\u00fancia do Minist\u00e9rio P\u00fablico (MPMG), a Fazenda Lagoa Encantada\/S\u00e3o Bernardo apresentava diversas irregularidades. Al\u00e9m dos desmatamentos, a constru\u00e7\u00e3o do dique de concreto&nbsp;impediu&nbsp;o des\u00e1gue do rio Itacarambi no rio S\u00e3o Francisco, prejudicando a reprodu\u00e7\u00e3o de esp\u00e9cies e a pesca artesanal dos moradores da comunidade.<\/p>\n\n\n\n<p>A decis\u00e3o da 1\u00aa Vara C\u00edvel, Criminal e da Inf\u00e2ncia e Juventude Comarca de Luz determinou a paralisa\u00e7\u00e3o de interven\u00e7\u00f5es n\u00e3o autorizadas at\u00e9 que a fazenda apresente as licen\u00e7as emitidas por \u00f3rg\u00e3os ambientais, autorizando a retomada somente mediante regulariza\u00e7\u00e3o.<\/p>\n\n\n\n<h2 class=\"wp-block-heading\"><strong>Recurso<\/strong><\/h2>\n\n\n\n<p>A defesa da Fazenda Lagoa Encantada\/S\u00e3o Bernardo alegou que os propriet\u00e1rios adquiriram a propriedade da Colonial Agropecu\u00e1ria e que esta n\u00e3o se caracterizava como regi\u00e3o de floresta prim\u00e1ria, j\u00e1 havendo pastagens abertas. Sustentaram que atualmente a fazenda possui \u00e1reas de reserva legal e de preserva\u00e7\u00e3o permanente isoladas por cercas com vegeta\u00e7\u00e3o preservada.<\/p>\n\n\n\n<p>No que diz respeito \u00e0 barragem, a defesa disse que ela existe desde 1965 e que passou por melhorias em 1985. Alegou tamb\u00e9m que o barramento desvia o curso natural do rio Itacarambi que, em um de seus bra\u00e7os, abastece seis outras lagoas o que n\u00e3o acarreta preju\u00edzo ambiental. Diante disso, sustentou que a destrui\u00e7\u00e3o da obra causaria preju\u00edzos para a fauna e flora da regi\u00e3o. A Procuradoria Geral de Justi\u00e7a deu parecer contr\u00e1rio ao recurso e favor\u00e1vel \u00e0\u00a0manuten\u00e7\u00e3o da senten\u00e7a.<\/p>\n\n\n\n<h2 class=\"wp-block-heading\"><strong>Irregularidades<\/strong><\/h2>\n\n\n\n<p>O relator, desembargador Afr\u00e2nio Vilela, destacou que o C\u00f3digo Florestal determina que todo im\u00f3vel rural mantenha determinada \u00e1rea de cobertura vegetal nativa e regulamenta a quantidade de \u00e1rea que deve ser preservada em cada caso. No da Fazenda Lagoa Encantada, o magistrado observou que os laudos t\u00e9cnicos apontaram que houve interven\u00e7\u00e3o em \u00e1reas de reserva legal e APP. Com rela\u00e7\u00e3o ao barramento, o relator afirmou que depoimentos de moradores da regi\u00e3o, registrados no boletim de ocorr\u00eancia, indicam a ocorr\u00eancia de danos \u00e0 reprodu\u00e7\u00e3o de esp\u00e9cies e \u00e0 pesca artesanal na regi\u00e3o.<\/p>\n\n\n\n<p>Diante disso, o relator determinou que as atividades que causam danos sejam paralisadas at\u00e9 que sejam produzidas mais provas e esclarecimentos sobre a situa\u00e7\u00e3o. \u201cVale ressaltar que, ao contr\u00e1rio do que quer fazer crer, a decis\u00e3o agravada n\u00e3o determinou a demoli\u00e7\u00e3o do barramento constru\u00eddo para retorno do curso normal do rio Itacarambi. A decis\u00e3o recorrida se limita a impedir a continuidade de a\u00e7\u00f5es irregulares, n\u00e3o licenciadas, causadoras de danos ambientais.\u201d concluiu o magistrado.<\/p>\n\n\n\n<p>Votaram de acordo com o relator os desembargadores Marcelo Rodrigues e Rimundo Messias J\u00fanior.<\/p>\n\n\n\n<p>Leia o\u00a0<a rel=\"noreferrer noopener\" target=\"_blank\" href=\"https:\/\/www5.tjmg.jus.br\/jurisprudencia\/pesquisaNumeroCNJEspelhoAcordao.do?numeroRegistro=1&amp;totalLinhas=1&amp;linhasPorPagina=10&amp;numeroUnico=1.0393.18.003238-4%2F001&amp;pesquisaNumeroCNJ=Pesquisar\">ac\u00f3rd\u00e3o<\/a>\u00a0e\u00a0<a rel=\"noreferrer noopener\" target=\"_blank\" href=\"https:\/\/www4.tjmg.jus.br\/juridico\/sf\/proc_resultado2.jsp?tipoPesquisa2=1&amp;txtProcesso=10393180032384001&amp;nomePessoa=&amp;tipoPessoa=X&amp;naturezaProcesso=0&amp;situacaoParte=X&amp;codigoOAB2=&amp;tipoOAB=N&amp;ufOAB=MG&amp;numero=20&amp;select=1&amp;listaProcessos=10393180032384001&amp;tipoConsulta=1&amp;natureza=0&amp;ativoBaixado=X&amp;comrCodigo=0024\">movimenta\u00e7\u00e3o<\/a>\u00a0do processo.\u00a0<\/p>\n\n\n\n<p class=\"has-white-color has-vivid-cyan-blue-background-color has-text-color has-background\">Quer saber as not\u00edcias do <strong>Aconteceu no Vale<\/strong> em primeira m\u00e3o? Siga-nos no Facebook <a rel=\"noreferrer noopener\" href=\"http:\/\/facebook.com\/aconteceunovale\" target=\"_blank\">@aconteceunovale<\/a>, Twitter <a rel=\"noreferrer noopener\" href=\"https:\/\/twitter.com\/noticiadosvales\" target=\"_blank\">@noticiadosvales<\/a> e Instagram <a rel=\"noreferrer noopener\" href=\"https:\/\/www.instagram.com\/aconteceunovale\" target=\"_blank\">@aconteceunovale<\/a>.<\/p>\n","protected":false},"excerpt":{"rendered":"<p>O Tribunal de Justi\u00e7a de Minas Gerais (TJMG) manteve a decis\u00e3o liminar da 1\u00aa Vara C\u00edvel, Criminal e da Inf\u00e2ncia e Juventude Comarca de Luz, que paralisou as atividades da Fazenda Lagoa Encantada por acusa\u00e7\u00f5es de desmatamento em \u00e1reas de preserva\u00e7\u00e3o permanente e reserva legal e o barramento do rio Itacarambi, na \u00e1rea rural de [&hellip;]<\/p>\n","protected":false},"author":4,"featured_media":169035,"comment_status":"open","ping_status":"closed","sticky":false,"template":"","format":"standard","meta":{"amp_status":"","footnotes":""},"categories":[1236],"tags":[229665,229663,229662,19675,229664,6330,1810,270],"class_list":["post-169034","post","type-post","status-publish","format-standard","has-post-thumbnail","hentry","category-norte_de_minas","tag-fazenda-lagoa-encantada","tag-justica-mantem-paralisacao-de-atividades-em-fazenda-no-municipio-de-sao-joao-das-missoes-por-dano-ambiental","tag-justica-mantem-paralisacao-de-atividades-em-fazenda-no-norte-de-minas-por-dano-ambiental","tag-mpmg","tag-rio-itacarambi","tag-rio-sao-francisco","tag-sao-joao-das-missoes","tag-tjmg"],"_links":{"self":[{"href":"https:\/\/aconteceunovale.com.br\/portal\/index.php?rest_route=\/wp\/v2\/posts\/169034","targetHints":{"allow":["GET"]}}],"collection":[{"href":"https:\/\/aconteceunovale.com.br\/portal\/index.php?rest_route=\/wp\/v2\/posts"}],"about":[{"href":"https:\/\/aconteceunovale.com.br\/portal\/index.php?rest_route=\/wp\/v2\/types\/post"}],"author":[{"embeddable":true,"href":"https:\/\/aconteceunovale.com.br\/portal\/index.php?rest_route=\/wp\/v2\/users\/4"}],"replies":[{"embeddable":true,"href":"https:\/\/aconteceunovale.com.br\/portal\/index.php?rest_route=%2Fwp%2Fv2%2Fcomments&post=169034"}],"version-history":[{"count":1,"href":"https:\/\/aconteceunovale.com.br\/portal\/index.php?rest_route=\/wp\/v2\/posts\/169034\/revisions"}],"predecessor-version":[{"id":169036,"href":"https:\/\/aconteceunovale.com.br\/portal\/index.php?rest_route=\/wp\/v2\/posts\/169034\/revisions\/169036"}],"wp:featuredmedia":[{"embeddable":true,"href":"https:\/\/aconteceunovale.com.br\/portal\/index.php?rest_route=\/wp\/v2\/media\/169035"}],"wp:attachment":[{"href":"https:\/\/aconteceunovale.com.br\/portal\/index.php?rest_route=%2Fwp%2Fv2%2Fmedia&parent=169034"}],"wp:term":[{"taxonomy":"category","embeddable":true,"href":"https:\/\/aconteceunovale.com.br\/portal\/index.php?rest_route=%2Fwp%2Fv2%2Fcategories&post=169034"},{"taxonomy":"post_tag","embeddable":true,"href":"https:\/\/aconteceunovale.com.br\/portal\/index.php?rest_route=%2Fwp%2Fv2%2Ftags&post=169034"}],"curies":[{"name":"wp","href":"https:\/\/api.w.org\/{rel}","templated":true}]}}