{"id":169031,"date":"2020-10-18T23:29:48","date_gmt":"2020-10-19T02:29:48","guid":{"rendered":"https:\/\/aconteceunovale.com.br\/portal\/?p=169031"},"modified":"2020-10-18T23:29:59","modified_gmt":"2020-10-19T02:29:59","slug":"servico-de-agua-e-esgoto-de-governador-valadares-e-condenado-por-morte-de-peixes","status":"publish","type":"post","link":"https:\/\/aconteceunovale.com.br\/portal\/?p=169031","title":{"rendered":"Servi\u00e7o de \u00e1gua e esgoto de Governador Valadares \u00e9 condenado por morte de peixes"},"content":{"rendered":"\n<p>Condenada por dano ao meio ambiente, a empresa de servi\u00e7o aut\u00f4nomo de \u00e1gua e esgoto de Governador Valadares deve pagar multas de R$ 400 mil, al\u00e9m de realizar repeixamento na lagoa do Bairro Jardim P\u00e9rola e elaborar projeto de recupera\u00e7\u00e3o que contemple recursos h\u00eddricos e da fauna. A decis\u00e3o \u00e9 do juiz da 5\u00aa Vara C\u00edvel da comarca, Danilo Couto Lobato Bicalho, que negou embargos declarat\u00f3rios no \u00faltimo dia 1\u00ba de outubro.<\/p>\n\n\n\n<p>O Minist\u00e9rio P\u00fablico pediu a condena\u00e7\u00e3o sob o argumento de que laudos e procedimentos investigat\u00f3rios comprovaram que a empresa estava lan\u00e7ando grande quantidade de esgoto&nbsp;<em>in natura<\/em>&nbsp;na lagoa, o que causou a morte de diversos peixes. Segundo a den\u00fancia, as obras da prefeitura em v\u00e1rios bairros teriam provocado o desvio da rede de esgoto para a rede pluvial, que \u00e9 direcionada para a lagoa.<\/p>\n\n\n\n<p>A empresa negou que fosse respons\u00e1vel pela morte dos peixes e ressaltou que a rede coletora de Valadares foi constru\u00edda em 1980 e dimensionada para uma popula\u00e7\u00e3o inferior \u00e0 atual. Com isso, alegou que a vaz\u00e3o de esgoto \u00e9 muito maior do que a capacidade do sistema.<\/p>\n\n\n\n<p>Ao analisar os laudos juntados ao processo, o juiz Danilo Couto Bicalho disse que n\u00e3o precisava ser graduado em engenharia civil ou sanit\u00e1ria para concluir que a execu\u00e7\u00e3o da obra p\u00fablica ocorreu de forma equivocada. Ele ressaltou que a empresa poderia ter constru\u00eddo uma rede provis\u00f3ria de coleta de esgoto ou erguido \u201cum \u2018piscin\u00e3o\u2019 provis\u00f3rio ou cisterna, mediante o uso de bombas de suc\u00e7\u00e3o e caminh\u00e3o de transporte de dejetos, que suportassem o recebimento de esgoto da rede trocada, at\u00e9 a conclus\u00e3o da obra\u201d.<\/p>\n\n\n\n<p>Na condena\u00e7\u00e3o, o magistrado obrigou tamb\u00e9m a empresa a fazer um repeixamento da lagoa com 1 mil alevinos de esp\u00e9cimes nativas do local, com prazos e formas a serem indicados pelo \u00f3rg\u00e3o ambiental.<\/p>\n\n\n\n<p>A decis\u00e3o \u00e9 pass\u00edvel de recurso, por ser de primeira inst\u00e2ncia.<\/p>\n\n\n\n<p class=\"has-white-color has-vivid-cyan-blue-background-color has-text-color has-background\">Quer saber as not\u00edcias do <strong>Aconteceu no Vale<\/strong> em primeira m\u00e3o? Siga-nos no Facebook <a rel=\"noreferrer noopener\" href=\"http:\/\/facebook.com\/aconteceunovale\" target=\"_blank\">@aconteceunovale<\/a>, Twitter <a rel=\"noreferrer noopener\" href=\"https:\/\/twitter.com\/noticiadosvales\" target=\"_blank\">@noticiadosvales<\/a> e Instagram <a rel=\"noreferrer noopener\" href=\"https:\/\/www.instagram.com\/aconteceunovale\" target=\"_blank\">@aconteceunovale<\/a>.<\/p>\n","protected":false},"excerpt":{"rendered":"<p>Condenada por dano ao meio ambiente, a empresa de servi\u00e7o aut\u00f4nomo de \u00e1gua e esgoto de Governador Valadares deve pagar multas de R$ 400 mil, al\u00e9m de realizar repeixamento na lagoa do Bairro Jardim P\u00e9rola e elaborar projeto de recupera\u00e7\u00e3o que contemple recursos h\u00eddricos e da fauna. A decis\u00e3o \u00e9 do juiz da 5\u00aa Vara [&hellip;]<\/p>\n","protected":false},"author":4,"featured_media":169032,"comment_status":"open","ping_status":"closed","sticky":false,"template":"","format":"standard","meta":{"amp_status":"","footnotes":""},"categories":[121],"tags":[1018,247,18800,229658,229661,229659,229660,49318,229657,18801],"class_list":["post-169031","post","type-post","status-publish","format-standard","has-post-thumbnail","hentry","category-leste","tag-destaque","tag-governador-valadares","tag-gv","tag-morte-de-peixes-em-governador-valadares","tag-morte-de-peixes-na-lagoa-do-bairro-jardim-perola","tag-morte-de-peixes-na-lagoa-do-perola","tag-repeixamento-em-governador-valadares","tag-saae-de-governador-valadares","tag-servico-de-agua-e-esgoto-de-governador-valadares-e-condenado-por-morte-de-peixes","tag-valadares"],"_links":{"self":[{"href":"https:\/\/aconteceunovale.com.br\/portal\/index.php?rest_route=\/wp\/v2\/posts\/169031","targetHints":{"allow":["GET"]}}],"collection":[{"href":"https:\/\/aconteceunovale.com.br\/portal\/index.php?rest_route=\/wp\/v2\/posts"}],"about":[{"href":"https:\/\/aconteceunovale.com.br\/portal\/index.php?rest_route=\/wp\/v2\/types\/post"}],"author":[{"embeddable":true,"href":"https:\/\/aconteceunovale.com.br\/portal\/index.php?rest_route=\/wp\/v2\/users\/4"}],"replies":[{"embeddable":true,"href":"https:\/\/aconteceunovale.com.br\/portal\/index.php?rest_route=%2Fwp%2Fv2%2Fcomments&post=169031"}],"version-history":[{"count":1,"href":"https:\/\/aconteceunovale.com.br\/portal\/index.php?rest_route=\/wp\/v2\/posts\/169031\/revisions"}],"predecessor-version":[{"id":169033,"href":"https:\/\/aconteceunovale.com.br\/portal\/index.php?rest_route=\/wp\/v2\/posts\/169031\/revisions\/169033"}],"wp:featuredmedia":[{"embeddable":true,"href":"https:\/\/aconteceunovale.com.br\/portal\/index.php?rest_route=\/wp\/v2\/media\/169032"}],"wp:attachment":[{"href":"https:\/\/aconteceunovale.com.br\/portal\/index.php?rest_route=%2Fwp%2Fv2%2Fmedia&parent=169031"}],"wp:term":[{"taxonomy":"category","embeddable":true,"href":"https:\/\/aconteceunovale.com.br\/portal\/index.php?rest_route=%2Fwp%2Fv2%2Fcategories&post=169031"},{"taxonomy":"post_tag","embeddable":true,"href":"https:\/\/aconteceunovale.com.br\/portal\/index.php?rest_route=%2Fwp%2Fv2%2Ftags&post=169031"}],"curies":[{"name":"wp","href":"https:\/\/api.w.org\/{rel}","templated":true}]}}