{"id":169029,"date":"2020-10-18T23:25:32","date_gmt":"2020-10-19T02:25:32","guid":{"rendered":"https:\/\/aconteceunovale.com.br\/portal\/?p=169029"},"modified":"2020-10-18T23:25:49","modified_gmt":"2020-10-19T02:25:49","slug":"homem-que-praticou-racismo-contra-cunhado-em-coronel-fabriciano-e-condenado","status":"publish","type":"post","link":"https:\/\/aconteceunovale.com.br\/portal\/?p=169029","title":{"rendered":"Homem que praticou racismo contra cunhado em Coronel Fabriciano \u00e9 condenado"},"content":{"rendered":"\n<p>Um homem que foi v\u00edtima de racismo ser\u00e1 indenizado em R$ 10 mil por danos morais. As ofensas foram feitas por seu cunhado durante discuss\u00e3o em local p\u00fablico, ap\u00f3s o agressor desconfiar que a v\u00edtima estaria tendo um caso com sua esposa.<\/p>\n\n\n\n<p>A decis\u00e3o da 10\u00aa C\u00e2mara C\u00edvel do Tribunal de Justi\u00e7a de Minas Gerais (TJMG) manteve integralmente a condena\u00e7\u00e3o da Comarca de Coronel Fabriciano.<\/p>\n\n\n\n<p>De acordo com a senten\u00e7a, a v\u00edtima estava na rodovi\u00e1ria de Coronel Fabriciano quando seu cunhado se aproximou, proferindo ofensas racistas como \u201ccrioulo, macaco, negro sem vergonha\u201d.<\/p>\n\n\n\n<p>O agressor tamb\u00e9m o amea\u00e7ou de morte por supor que ele estaria mantendo um relacionamento amoroso com sua esposa, que trabalhava na rodovi\u00e1ria.<\/p>\n\n\n\n<p>Na primeira inst\u00e2ncia, o ofensor foi condenado a pagar indeniza\u00e7\u00e3o de R$ 10 mil, por danos morais. Para o juiz Bruno Dias Junqueira Pereira, da 2\u00aa Vara C\u00edvel da Comarca de Coronel Fabriciano \u201ctrata-se de conduta altamente reprov\u00e1vel, que atinge a esfera \u00edntima da v\u00edtima, sua honra subjetiva e sua identidade, desqualificada exclusivamente em raz\u00e3o da cor de sua pele, o que certamente causou-lhe abalo moral cuja repara\u00e7\u00e3o \u00e9 inestim\u00e1vel.\u201d<\/p>\n\n\n\n<h2 class=\"wp-block-heading\"><strong>Recurso<\/strong><\/h2>\n\n\n\n<p>O acusado recorreu da decis\u00e3o. Em sua defesa, alegou que os xingamentos foram proferidos por ambas as partes e em um momento acalorado, n\u00e3o podendo ser considerado um ato de racismo.<\/p>\n\n\n\n<p>Ele disse ainda que &#8220;uma discuss\u00e3o entre fam\u00edlia n\u00e3o pode ser elevada ao patamar de inj\u00faria racial, \u00e9 no m\u00ednimo desconcertante&#8221;.<\/p>\n\n\n\n<h2 class=\"wp-block-heading\">&nbsp;<strong>Ato criminoso<\/strong><\/h2>\n\n\n\n<p>A relatora, desembargadora Mari\u00e2ngela Meyer, destacou que uma testemunha comprovou que o acusado ofendeu a v\u00edtima com termos racistas e o amea\u00e7ou de morte, praticando ato criminoso.<\/p>\n\n\n\n<p>Quanto ao argumento de que se tratou de uma discuss\u00e3o entre parentes, a magistrada afirmou que \u201cn\u00e3o h\u00e1 contexto que justifique a pr\u00e1tica de ofensas raciais\u201d. Por fim, ela disse que tamb\u00e9m n\u00e3o h\u00e1 provas de que as agress\u00f5es foram m\u00fatuas, como tentou alegar o agressor.<\/p>\n\n\n\n<p>Diante disso, o TJMG manteve a condena\u00e7\u00e3o e a indeniza\u00e7\u00e3o a ser paga no valor de R$ 10 mil.<\/p>\n\n\n\n<p>Votaram de acordo com a relatora os desembargadores Claret de Moraes e Jaqueline Cal\u00e1bria de Albuquerque.<\/p>\n\n\n\n<p>Leia o\u00a0<a rel=\"noreferrer noopener\" target=\"_blank\" href=\"https:\/\/www5.tjmg.jus.br\/jurisprudencia\/pesquisaNumeroCNJEspelhoAcordao.do?numeroRegistro=1&amp;totalLinhas=1&amp;linhasPorPagina=10&amp;numeroUnico=1.0000.20.527174-5%2F001&amp;pesquisaNumeroCNJ=Pesquisar\">ac\u00f3rd\u00e3o<\/a>\u00a0e acompanhe a\u00a0<a rel=\"noreferrer noopener\" target=\"_blank\" href=\"https:\/\/www4.tjmg.jus.br\/juridico\/sf\/proc_resultado2.jsp?tipoPesquisa2=1&amp;txtProcesso=10000205271745001&amp;nomePessoa=&amp;tipoPessoa=X&amp;naturezaProcesso=0&amp;situacaoParte=X&amp;codigoOAB2=&amp;tipoOAB=N&amp;ufOAB=MG&amp;numero=20&amp;select=1&amp;listaProcessos=10000205271745001&amp;tipoConsulta=1&amp;natureza=0&amp;ativoBaixado=X&amp;comrCodigo=0024\">movimenta\u00e7\u00e3o<\/a>.\u00a0<\/p>\n\n\n\n<p class=\"has-white-color has-vivid-cyan-blue-background-color has-text-color has-background\">Quer saber as not\u00edcias do <strong>Aconteceu no Vale<\/strong> em primeira m\u00e3o? Siga-nos no Facebook <a rel=\"noreferrer noopener\" href=\"http:\/\/facebook.com\/aconteceunovale\" target=\"_blank\">@aconteceunovale<\/a>, Twitter <a rel=\"noreferrer noopener\" href=\"https:\/\/twitter.com\/noticiadosvales\" target=\"_blank\">@noticiadosvales<\/a> e Instagram <a rel=\"noreferrer noopener\" href=\"https:\/\/www.instagram.com\/aconteceunovale\" target=\"_blank\">@aconteceunovale<\/a>.<\/p>\n","protected":false},"excerpt":{"rendered":"<p>Um homem que foi v\u00edtima de racismo ser\u00e1 indenizado em R$ 10 mil por danos morais. As ofensas foram feitas por seu cunhado durante discuss\u00e3o em local p\u00fablico, ap\u00f3s o agressor desconfiar que a v\u00edtima estaria tendo um caso com sua esposa. A decis\u00e3o da 10\u00aa C\u00e2mara C\u00edvel do Tribunal de Justi\u00e7a de Minas Gerais [&hellip;]<\/p>\n","protected":false},"author":4,"featured_media":153477,"comment_status":"open","ping_status":"closed","sticky":false,"template":"","format":"standard","meta":{"amp_status":"","footnotes":""},"categories":[121],"tags":[229656,1524,1018,217871,229655,105792,270],"class_list":["post-169029","post","type-post","status-publish","format-standard","has-post-thumbnail","hentry","category-leste","tag-condenado-por-racismo-em-coronel-fabriciano","tag-coronel-fabriciano","tag-destaque","tag-fabriciano","tag-homem-que-praticou-racismo-contra-cunhado-em-coronel-fabriciano-e-condenado","tag-racismo-em-coronel-fabriciano","tag-tjmg"],"_links":{"self":[{"href":"https:\/\/aconteceunovale.com.br\/portal\/index.php?rest_route=\/wp\/v2\/posts\/169029","targetHints":{"allow":["GET"]}}],"collection":[{"href":"https:\/\/aconteceunovale.com.br\/portal\/index.php?rest_route=\/wp\/v2\/posts"}],"about":[{"href":"https:\/\/aconteceunovale.com.br\/portal\/index.php?rest_route=\/wp\/v2\/types\/post"}],"author":[{"embeddable":true,"href":"https:\/\/aconteceunovale.com.br\/portal\/index.php?rest_route=\/wp\/v2\/users\/4"}],"replies":[{"embeddable":true,"href":"https:\/\/aconteceunovale.com.br\/portal\/index.php?rest_route=%2Fwp%2Fv2%2Fcomments&post=169029"}],"version-history":[{"count":1,"href":"https:\/\/aconteceunovale.com.br\/portal\/index.php?rest_route=\/wp\/v2\/posts\/169029\/revisions"}],"predecessor-version":[{"id":169030,"href":"https:\/\/aconteceunovale.com.br\/portal\/index.php?rest_route=\/wp\/v2\/posts\/169029\/revisions\/169030"}],"wp:featuredmedia":[{"embeddable":true,"href":"https:\/\/aconteceunovale.com.br\/portal\/index.php?rest_route=\/wp\/v2\/media\/153477"}],"wp:attachment":[{"href":"https:\/\/aconteceunovale.com.br\/portal\/index.php?rest_route=%2Fwp%2Fv2%2Fmedia&parent=169029"}],"wp:term":[{"taxonomy":"category","embeddable":true,"href":"https:\/\/aconteceunovale.com.br\/portal\/index.php?rest_route=%2Fwp%2Fv2%2Fcategories&post=169029"},{"taxonomy":"post_tag","embeddable":true,"href":"https:\/\/aconteceunovale.com.br\/portal\/index.php?rest_route=%2Fwp%2Fv2%2Ftags&post=169029"}],"curies":[{"name":"wp","href":"https:\/\/api.w.org\/{rel}","templated":true}]}}