{"id":169012,"date":"2020-10-17T18:27:00","date_gmt":"2020-10-17T21:27:00","guid":{"rendered":"https:\/\/aconteceunovale.com.br\/portal\/?p=169012"},"modified":"2020-10-17T18:27:42","modified_gmt":"2020-10-17T21:27:42","slug":"governo-do-brasil-zera-imposto-de-importacao-da-soja-e-do-milho","status":"publish","type":"post","link":"https:\/\/aconteceunovale.com.br\/portal\/?p=169012","title":{"rendered":"Governo do Brasil zera imposto de importa\u00e7\u00e3o da soja e do milho"},"content":{"rendered":"\n<p>Maior exportador mundial de soja, o Brasil decidiu suspender a cobran\u00e7a de impostos de importa\u00e7\u00e3o do&nbsp;gr\u00e3o,&nbsp;bem como do farelo e do \u00f3leo de soja,&nbsp;at\u00e9&nbsp;15 de janeiro&nbsp;de 2021. A decis\u00e3o da C\u00e2mara de Com\u00e9rcio Exterior (Camex), do Minist\u00e9rio da Economia, se aplica tamb\u00e9m \u00e0 importa\u00e7\u00e3o de milho, cuja al\u00edquota de importa\u00e7\u00e3o ser\u00e1 zerada at\u00e9&nbsp;31 de mar\u00e7o do pr\u00f3ximo ano.<\/p>\n\n\n\n<p>As medidas tempor\u00e1rias foram&nbsp;foram&nbsp;aprovadas&nbsp;ontem&nbsp;(16),&nbsp;durante reuni\u00e3o&nbsp;do Comit\u00ea Executivo de Gest\u00e3o &#8211; \u00f3rg\u00e3o da Camex respons\u00e1vel por, entre outras coisas, estabelecer o percentual ou valor aplicado no c\u00e1lculo de&nbsp;um tributo e formular diretrizes da pol\u00edtica tarif\u00e1ria na importa\u00e7\u00e3o e na exporta\u00e7\u00e3o.<\/p>\n\n\n\n<p>A proposta de reduzir as al\u00edquotas&nbsp;da soja partiu do Minist\u00e9rio da Agricultura,&nbsp;Pecu\u00e1ria e Abastecimento, enquanto o Minist\u00e9rio da Economia prop\u00f4s \u00e0 Camex que zerasse o tributo cobrado das importa\u00e7\u00f5es de milho como forma de conter a alta de pre\u00e7os dos alimentos.<\/p>\n\n\n\n<p>No fim&nbsp;de setembro, quando teve in\u00edcio o plantio da safra de soja para 2020\/2021, a Associa\u00e7\u00e3o Brasileira dos Produtores de Soja (Aprosoja) estimou que a \u00e1rea semeada com a principal&nbsp;<em>commoditie<\/em>&nbsp;brasileira&nbsp;deve aumentar 3,8% em compara\u00e7\u00e3o ao ciclo 2019\/2020, e que a produ\u00e7\u00e3o crescer\u00e1 3,4% rela\u00e7\u00e3o ao per\u00edodo anterior, podendo superar 129 milh\u00f5es de toneladas.<\/p>\n\n\n\n<p>De acordo com a Confedera\u00e7\u00e3o Nacional da Agricultura (CNA), a soja em gr\u00e3os, o farelo de soja e o milho est\u00e3o entre os cinco principais produtos exportados pelo Brasil durante o m\u00eas&nbsp;de setembro, junto com o a\u00e7\u00facar de cana em bruto e a carne bovina&nbsp;<em>in natura<\/em>. Somados, os cinco produtos representam mais da metade (55,4%) de toda a exporta\u00e7\u00e3o nacional mensal \u2013 que foi&nbsp;4,8% superior ao resultado do mesmo m\u00eas de 2019. Al\u00e9m disso, a soja em gr\u00e3os ocupa o topo do<em>&nbsp;ranking<\/em>&nbsp;dos produtos exportados que o pa\u00eds vendeu para outras na\u00e7\u00f5es entre janeiro e setembro, com um acr\u00e9scimo de US$ 5,9 bi em rela\u00e7\u00e3o ao per\u00edodo anterior, o que representa um ganho da ordem de quase 28%.<\/p>\n\n\n\n<h2 class=\"wp-block-heading\">Arroz<\/h2>\n\n\n\n<p>No come\u00e7o\u00a0de setembro, o governo j\u00e1 havia adotado\u00a0medida semelhante em rela\u00e7\u00e3o ao arroz em casca e beneficiado, cujo\u00a0imposto de importa\u00e7\u00e3o foi zerado\u00a0at\u00e9\u00a031 de dezembro\u00a0deste ano. Na ocasi\u00e3o, a ministra\u00a0da Agricultura, Tereza Cristina,\u00a0afirmou\u00a0que a medida era necess\u00e1ria para tentar conter a alta do pre\u00e7o do produto\u00a0e evitar um eventual desabastecimento.<\/p>\n\n\n\n<p>\u201cAs medidas que podiam ser tomadas, foram tomadas, para fazer a estabilidade e o equil\u00edbrio para esse produto&#8221;, disse a ministra em um v\u00eddeo publicado em suas redes sociais. \u201cO Brasil abriu m\u00e3o, tirou a al\u00edquota de importa\u00e7\u00e3o, para que o produto [arroz] de fora pudesse entrar e trazer um equil\u00edbrio para os pre\u00e7os. Abrimos somente uma cota, porque n\u00e3o temos necessidade de muito arroz, mas isso \u00e9 uma cota de reserva, para que possamos\u00a0ter\u00a0a tranquilidade de que o pre\u00e7o vai voltar, vai ser equilibrado, e que o produto continuar\u00e1 na g\u00f4ndola para todos os brasileiros&#8221;, disse Tereza Cristina, \u00e0 \u00e9poca.<\/p>\n\n\n\n<p class=\"has-white-color has-vivid-cyan-blue-background-color has-text-color has-background\">Quer saber as not\u00edcias do <strong>Aconteceu no Vale<\/strong> em primeira m\u00e3o? Siga-nos no Facebook <a rel=\"noreferrer noopener\" href=\"http:\/\/facebook.com\/aconteceunovale\" target=\"_blank\">@aconteceunovale<\/a>, Twitter <a rel=\"noreferrer noopener\" href=\"https:\/\/twitter.com\/noticiadosvales\" target=\"_blank\">@noticiadosvales<\/a> e Instagram <a rel=\"noreferrer noopener\" href=\"https:\/\/www.instagram.com\/aconteceunovale\" target=\"_blank\">@aconteceunovale<\/a>.<\/p>\n","protected":false},"excerpt":{"rendered":"<p>Maior exportador mundial de soja, o Brasil decidiu suspender a cobran\u00e7a de impostos de importa\u00e7\u00e3o do&nbsp;gr\u00e3o,&nbsp;bem como do farelo e do \u00f3leo de soja,&nbsp;at\u00e9&nbsp;15 de janeiro&nbsp;de 2021. A decis\u00e3o da C\u00e2mara de Com\u00e9rcio Exterior (Camex), do Minist\u00e9rio da Economia, se aplica tamb\u00e9m \u00e0 importa\u00e7\u00e3o de milho, cuja al\u00edquota de importa\u00e7\u00e3o ser\u00e1 zerada at\u00e9&nbsp;31 de mar\u00e7o [&hellip;]<\/p>\n","protected":false},"author":4,"featured_media":125864,"comment_status":"open","ping_status":"closed","sticky":false,"template":"","format":"standard","meta":{"amp_status":"","footnotes":""},"categories":[6,28848],"tags":[229640,218866,1018,229639,229638,229637,229635,229636,71863,184661,85341],"class_list":["post-169012","post","type-post","status-publish","format-standard","has-post-thumbnail","hentry","category-br","category-mundo","tag-aprosoja","tag-camex","tag-destaque","tag-importacao-de-graos","tag-importacao-de-milho","tag-importacao-de-soja","tag-imposto-de-importacao-da-soja","tag-imposto-de-importacao-do-milho","tag-milho","tag-ministerio-da-economia","tag-soja"],"_links":{"self":[{"href":"https:\/\/aconteceunovale.com.br\/portal\/index.php?rest_route=\/wp\/v2\/posts\/169012","targetHints":{"allow":["GET"]}}],"collection":[{"href":"https:\/\/aconteceunovale.com.br\/portal\/index.php?rest_route=\/wp\/v2\/posts"}],"about":[{"href":"https:\/\/aconteceunovale.com.br\/portal\/index.php?rest_route=\/wp\/v2\/types\/post"}],"author":[{"embeddable":true,"href":"https:\/\/aconteceunovale.com.br\/portal\/index.php?rest_route=\/wp\/v2\/users\/4"}],"replies":[{"embeddable":true,"href":"https:\/\/aconteceunovale.com.br\/portal\/index.php?rest_route=%2Fwp%2Fv2%2Fcomments&post=169012"}],"version-history":[{"count":1,"href":"https:\/\/aconteceunovale.com.br\/portal\/index.php?rest_route=\/wp\/v2\/posts\/169012\/revisions"}],"predecessor-version":[{"id":169013,"href":"https:\/\/aconteceunovale.com.br\/portal\/index.php?rest_route=\/wp\/v2\/posts\/169012\/revisions\/169013"}],"wp:featuredmedia":[{"embeddable":true,"href":"https:\/\/aconteceunovale.com.br\/portal\/index.php?rest_route=\/wp\/v2\/media\/125864"}],"wp:attachment":[{"href":"https:\/\/aconteceunovale.com.br\/portal\/index.php?rest_route=%2Fwp%2Fv2%2Fmedia&parent=169012"}],"wp:term":[{"taxonomy":"category","embeddable":true,"href":"https:\/\/aconteceunovale.com.br\/portal\/index.php?rest_route=%2Fwp%2Fv2%2Fcategories&post=169012"},{"taxonomy":"post_tag","embeddable":true,"href":"https:\/\/aconteceunovale.com.br\/portal\/index.php?rest_route=%2Fwp%2Fv2%2Ftags&post=169012"}],"curies":[{"name":"wp","href":"https:\/\/api.w.org\/{rel}","templated":true}]}}