{"id":169008,"date":"2020-10-17T09:41:37","date_gmt":"2020-10-17T12:41:37","guid":{"rendered":"https:\/\/aconteceunovale.com.br\/portal\/?p=169008"},"modified":"2020-10-17T09:41:48","modified_gmt":"2020-10-17T12:41:48","slug":"candidato-a-prefeito-de-materlandia-tem-candidatura-indeferida-pela-justica-eleitoral","status":"publish","type":"post","link":"https:\/\/aconteceunovale.com.br\/portal\/?p=169008","title":{"rendered":"Candidato a prefeito de Materl\u00e2ndia tem candidatura indeferida pela Justi\u00e7a Eleitoral"},"content":{"rendered":"\n<p>O candidato a prefeito de Materl\u00e2ndia (MG) pelo Avante, Marques Serafim de Pinho, teve sua candidatura indeferida pela Justi\u00e7a Eleitoral. O pedido foi protocolado pelo Minist\u00e9rio P\u00fablico Eleitoral de Minas Gerais e pela \u201cColiga\u00e7\u00e3o COM A FOR\u00c7A DO POVO, RUMO AO PROGRESSO\u201d em virtude de irregularidade nas contas relativas ao Conv\u00eanio 1.835\/2001, pelo TCU, realizado entre o Munic\u00edpio de Matel\u00e2ndia e a FUNASA, na Tomada de Contas Especial n\u00ba. 003.798\/2013-5, transitada em julgado desde 09 de agosto de 2016.<\/p>\n\n\n\n<p>A decis\u00e3o de indeferimento da candidatura foi proferida pela ju\u00edza da comarca de Sabin\u00f3polis, Dra. Rafaella Rodrigues Moreira Lima, j\u00e1 que Materl\u00e2ndia pertence \u00e0 242\u00aa Zona Eleitoral.<\/p>\n\n\n\n<p>Com a decis\u00e3o da Justi\u00e7a Eleitoral, Materl\u00e2ndia passa a ter apenas um candidato com o nome deferido para o cargo de prefeito nas elei\u00e7\u00f5es municipais 2020. Joventino Maria Ferreira (PDT), candidato a chefe do Executivo Municipal, forma a chapa \u201cCom a for\u00e7a do povo, rumo ao progresso\u201d com Leonardo (DEM), candidato a vice.<\/p>\n\n\n\n<p>O ex-prefeito e candidato, Marques Serafim de Pinho, ainda poder\u00e1 recorrer, antes que se torne definitiva a senten\u00e7a de indeferimento.<\/p>\n\n\n\n<div class=\"wp-block-file\"><a href=\"https:\/\/aconteceunovale.com.br\/portal\/wp-content\/uploads\/2020\/10\/Sentenca-Indeferimento-Registro-Marquinho.pdf\"><strong>\u2022 Leia a \u00edntegra da senten\u00e7a<\/strong><\/a><a href=\"https:\/\/aconteceunovale.com.br\/portal\/wp-content\/uploads\/2020\/10\/Sentenca-Indeferimento-Registro-Marquinho.pdf\" class=\"wp-block-file__button\" download>Visualizar<\/a><\/div>\n\n\n\n<figure class=\"wp-block-image size-large\"><img loading=\"lazy\" decoding=\"async\" width=\"684\" height=\"446\" src=\"https:\/\/aconteceunovale.com.br\/portal\/wp-content\/uploads\/2020\/10\/indeferido_materlandia.png\" alt=\"\" class=\"wp-image-169010\" srcset=\"https:\/\/aconteceunovale.com.br\/portal\/wp-content\/uploads\/2020\/10\/indeferido_materlandia.png 684w, https:\/\/aconteceunovale.com.br\/portal\/wp-content\/uploads\/2020\/10\/indeferido_materlandia-300x196.png 300w, https:\/\/aconteceunovale.com.br\/portal\/wp-content\/uploads\/2020\/10\/indeferido_materlandia-644x420.png 644w\" sizes=\"auto, (max-width: 684px) 100vw, 684px\" \/><figcaption><em>Print de tela do Sistema de Divulga\u00e7\u00e3o de Candidaturas (17\/10\/2020)<\/em><\/figcaption><\/figure>\n","protected":false},"excerpt":{"rendered":"<p>O candidato a prefeito de Materl\u00e2ndia (MG) pelo Avante, Marques Serafim de Pinho, teve sua candidatura indeferida pela Justi\u00e7a Eleitoral. O pedido foi protocolado pelo Minist\u00e9rio P\u00fablico Eleitoral de Minas Gerais e pela \u201cColiga\u00e7\u00e3o COM A FOR\u00c7A DO POVO, RUMO AO PROGRESSO\u201d em virtude de irregularidade nas contas relativas ao Conv\u00eanio 1.835\/2001, pelo TCU, realizado [&hellip;]<\/p>\n","protected":false},"author":4,"featured_media":146278,"comment_status":"open","ping_status":"closed","sticky":false,"template":"","format":"standard","meta":{"amp_status":"","footnotes":""},"categories":[215642,121,40240],"tags":[229626,229631,229628,1018,229629,229630,466,229627,229632,229634,198613,301,198609,229633,310],"class_list":["post-169008","post","type-post","status-publish","format-standard","has-post-thumbnail","hentry","category-eleicoes-2020","category-leste","category-politica-2","tag-candidato-a-prefeito-de-materlandia-tem-candidatura-indeferida-pela-justica-eleitoral","tag-candidato-materlandia","tag-candidatura-indeferida-em-materlandia","tag-destaque","tag-eleicoes-2020-em-materlandia","tag-eleicoes-em-materlandia","tag-funasa","tag-impugnacao-de-candidato-a-prefeito-em-materlandia","tag-indeferido-materlandia","tag-joventino-maria-ferreira","tag-marques-serafim-de-pinho","tag-materlandia","tag-municipio-de-materlandia","tag-prefeitura-de-materlandia","tag-sabinopolis"],"_links":{"self":[{"href":"https:\/\/aconteceunovale.com.br\/portal\/index.php?rest_route=\/wp\/v2\/posts\/169008","targetHints":{"allow":["GET"]}}],"collection":[{"href":"https:\/\/aconteceunovale.com.br\/portal\/index.php?rest_route=\/wp\/v2\/posts"}],"about":[{"href":"https:\/\/aconteceunovale.com.br\/portal\/index.php?rest_route=\/wp\/v2\/types\/post"}],"author":[{"embeddable":true,"href":"https:\/\/aconteceunovale.com.br\/portal\/index.php?rest_route=\/wp\/v2\/users\/4"}],"replies":[{"embeddable":true,"href":"https:\/\/aconteceunovale.com.br\/portal\/index.php?rest_route=%2Fwp%2Fv2%2Fcomments&post=169008"}],"version-history":[{"count":1,"href":"https:\/\/aconteceunovale.com.br\/portal\/index.php?rest_route=\/wp\/v2\/posts\/169008\/revisions"}],"predecessor-version":[{"id":169011,"href":"https:\/\/aconteceunovale.com.br\/portal\/index.php?rest_route=\/wp\/v2\/posts\/169008\/revisions\/169011"}],"wp:featuredmedia":[{"embeddable":true,"href":"https:\/\/aconteceunovale.com.br\/portal\/index.php?rest_route=\/wp\/v2\/media\/146278"}],"wp:attachment":[{"href":"https:\/\/aconteceunovale.com.br\/portal\/index.php?rest_route=%2Fwp%2Fv2%2Fmedia&parent=169008"}],"wp:term":[{"taxonomy":"category","embeddable":true,"href":"https:\/\/aconteceunovale.com.br\/portal\/index.php?rest_route=%2Fwp%2Fv2%2Fcategories&post=169008"},{"taxonomy":"post_tag","embeddable":true,"href":"https:\/\/aconteceunovale.com.br\/portal\/index.php?rest_route=%2Fwp%2Fv2%2Ftags&post=169008"}],"curies":[{"name":"wp","href":"https:\/\/api.w.org\/{rel}","templated":true}]}}