{"id":169006,"date":"2020-10-17T07:37:42","date_gmt":"2020-10-17T10:37:42","guid":{"rendered":"https:\/\/aconteceunovale.com.br\/portal\/?p=169006"},"modified":"2020-10-17T07:38:59","modified_gmt":"2020-10-17T10:38:59","slug":"producao-brasileira-de-aco-cresce-75","status":"publish","type":"post","link":"https:\/\/aconteceunovale.com.br\/portal\/?p=169006","title":{"rendered":"Produ\u00e7\u00e3o brasileira de a\u00e7o cresce 7,5%"},"content":{"rendered":"\n<p>A produ\u00e7\u00e3o brasileira de a\u00e7o somou 2,6 milh\u00f5es de toneladas em setembro deste ano, com aumento de 7,5% em compara\u00e7\u00e3o ao mesmo m\u00eas de 2019. Em rela\u00e7\u00e3o a agosto deste ano, por\u00e9m, houve retra\u00e7\u00e3o de 4,7%, atribu\u00edda \u00e0 queda da produ\u00e7\u00e3o de semiacabados, de 31,9%. Em setembro, foram produzidas 456 mil toneladas de semiacabados para vendas.<img decoding=\"async\" src=\"https:\/\/agenciabrasil.ebc.com.br\/ebc.png?id=1390813&amp;o=node\"><img decoding=\"async\" src=\"https:\/\/agenciabrasil.ebc.com.br\/ebc.gif?id=1390813&amp;o=node\"><\/p>\n\n\n\n<p>Segundo o Instituto A\u00e7o Brasil, no m\u00eas passado, a produ\u00e7\u00e3o de laminados foi de 1,9 milh\u00e3o de toneladas, inferior em 2,6% \u00e0 registrada em setembro do ano passado.<\/p>\n\n\n\n<p>As vendas internas evolu\u00edram 7,1% em setembro, comparativamente ao m\u00eas anterior, e 11,8% ante setembro de 2019, confirmando a r\u00e1pida recupera\u00e7\u00e3o do mercado interno, disse o presidente executivo do Instituto A\u00e7o Brasil, Marco Polo de Mello Lopes.<\/p>\n\n\n\n<p>&#8220;As vendas internas de laminados em setembro ficaram 15,5% acima da m\u00e9dia das vendas de 2018 e 2019. N\u00e3o procedem, portanto, as especula\u00e7\u00f5es de que estaria havendo desabastecimento do mercado interno, devido ao retardamento no religamento dos altos-fornos do setor e ao incremento das exporta\u00e7\u00f5es. Estas, em setembro, ficaram 14,2% abaixo da m\u00e9dia das exporta\u00e7\u00f5es realizadas em 2019.&#8221; Lopes informou que o consumo aparente de produtos sider\u00fargicos subiu 8% em setembro rela\u00e7\u00e3o a agosto, sobretudo por causa do crescimento das vendas internas.<\/p>\n\n\n\n<h2 class=\"wp-block-heading\">Melhores n\u00edveis<\/h2>\n\n\n\n<p>Marco Lopes lembrou que, em abril deste ano, no per\u00edodo mais grave da crise de demanda, devido \u00e0 pandemia do novo coronav\u00edrus, a ind\u00fastria brasileira do a\u00e7o operou com apenas 42% da capacidade instalada e foi , sendo obrigada a desligar altos-fornos, aciarias e lamina\u00e7\u00f5es. Com a recupera\u00e7\u00e3o do mercado interno, as empresas religaram seus equipamentos e passaram a produzir e a vender para o mercado interno em n\u00edveis superiores aos de janeiro e fevereiro de 2020, acrescentou.<\/p>\n\n\n\n<p>O consumo aparente de produtos sider\u00fargicos atingiu 1,9 milh\u00e3o de toneladas, 8,2% acima do registrado em igual m\u00eas do ano passado.<\/p>\n\n\n\n<p>De acordo com o Instituto A\u00e7o Brasil, as exporta\u00e7\u00f5es de setembro, em compara\u00e7\u00e3o com as do mesmo m\u00eas de 2019, tiveram queda de 20,9% em volume e de 27,4% em valor. Foram vendidas 756 mil toneladas, com receita de US$ 379 milh\u00f5es. Isso ocorreu tamb\u00e9m com as importa\u00e7\u00f5es, que totalizaram 142 mil toneladas em setembro (-22,9%) e US$ 171 milh\u00f5es em valor (-19%).<\/p>\n\n\n\n<h2 class=\"wp-block-heading\">Acumulado<\/h2>\n\n\n\n<p>No acumulado de janeiro a setembro deste ano, a produ\u00e7\u00e3o nacional de a\u00e7o bruto totalizou 22,3 milh\u00f5es de toneladas, com redu\u00e7\u00e3o de 9,7% ante o mesmo per\u00edodo do ano anterior. A produ\u00e7\u00e3o de laminados ficou em 15,5 milh\u00f5es de toneladas, com queda de 10,8% em rela\u00e7\u00e3o ao mesmo per\u00edodo de 2019. Na produ\u00e7\u00e3o de semiacabados (5,9 milh\u00f5es de toneladas), houve retra\u00e7\u00e3o de 10,4% na mesma base de compara\u00e7\u00e3o.<\/p>\n\n\n\n<p>As vendas internas de janeiro a setembro atingiram 13,5 milh\u00f5es de toneladas, com queda de 4,2% em rela\u00e7\u00e3o a igual per\u00edodo do ano passado. O consumo aparente nacional de produtos sider\u00fargicos foi de&nbsp; 14,9 milh\u00f5es de toneladas no acumulado at\u00e9 setembro, representando queda de 5,5% ante o apurado no mesmo per\u00edodo de 2019.<\/p>\n\n\n\n<p>De janeiro a setembro, as importa\u00e7\u00f5es alcan\u00e7aram 1,5 milh\u00e3o de toneladas, com redu\u00e7\u00e3o de 22,9% em volume e recuo de 18,6% em valor (US$ 1,6 bilh\u00e3o) em rela\u00e7\u00e3o a igual per\u00edodo do ano passado. As exporta\u00e7\u00f5es somaram 8,6 milh\u00f5es de toneladas no acumulado at\u00e9 setembro, com queda de 9,9% em rela\u00e7\u00e3o a igual per\u00edodo de 2019. Em termos de valor, que atingiu US$ 4,2 bilh\u00f5es.houve queda de 25,5%.<\/p>\n\n\n\n<h2 class=\"wp-block-heading\">Destaques<\/h2>\n\n\n\n<p>Considerando a distribui\u00e7\u00e3o regional da produ\u00e7\u00e3o, o estado de Minas Gerais manteve-se na lideran\u00e7a, com 817 mil toneladas de a\u00e7o bruto e participa\u00e7\u00e3o de 31,8% do total, seguido pelo Rio de Janeiro, com 764 mil toneladas e 29,7% de participa\u00e7\u00e3o.<\/p>\n\n\n\n<p>No&nbsp;<em>ranking<\/em>&nbsp;da produ\u00e7\u00e3o mundial, o Brasil ficou na nona posi\u00e7\u00e3o entre os meses de janeiro e agosto deste ano, com total de 19,77 milh\u00f5es de toneladas, 11,6% abaixo do mesmo per\u00edodo de 2019. De janeiro a agosto, a China foi a l\u00edder entre os pa\u00edses produtores, com 690,76 milh\u00f5es de toneladas, aumento de 3,9% ante igual per\u00edodo do ano passado.<\/p>\n\n\n\n<h2 class=\"wp-block-heading\">Confian\u00e7a<\/h2>\n\n\n\n<p>O Instituto A\u00e7o Brasil divulgou ainda o \u00cdndice de Confian\u00e7a da Ind\u00fastria do A\u00e7o (ICIA) referente ao m\u00eas de outubro.<\/p>\n\n\n\n<p>Segundo Marco Polo de Mello Lopes, neste m\u00eas, o \u00edndice alcan\u00e7ou 85,2 pontos, evoluindo 13 pontos na compara\u00e7\u00e3o com o apurado em setembro. \u201cA r\u00e1pida recupera\u00e7\u00e3o da atividade da ind\u00fastria do a\u00e7o elevou a confian\u00e7a dos empres\u00e1rios do setor para patamares recordes em todos os indicadores de situa\u00e7\u00e3o atual e de perspectivas&#8221;, afirmou Lopes.<\/p>\n\n\n\n<p class=\"has-white-color has-vivid-cyan-blue-background-color has-text-color has-background\">Quer saber as not\u00edcias do <strong>Aconteceu no Vale<\/strong> em primeira m\u00e3o? Siga-nos no Facebook <a rel=\"noreferrer noopener\" href=\"http:\/\/facebook.com\/aconteceunovale\" target=\"_blank\">@aconteceunovale<\/a>, Twitter <a rel=\"noreferrer noopener\" href=\"https:\/\/twitter.com\/noticiadosvales\" target=\"_blank\">@noticiadosvales<\/a> e Instagram <a rel=\"noreferrer noopener\" href=\"https:\/\/www.instagram.com\/aconteceunovale\" target=\"_blank\">@aconteceunovale<\/a>.<\/p>\n","protected":false},"excerpt":{"rendered":"<p>A produ\u00e7\u00e3o brasileira de a\u00e7o somou 2,6 milh\u00f5es de toneladas em setembro deste ano, com aumento de 7,5% em compara\u00e7\u00e3o ao mesmo m\u00eas de 2019. Em rela\u00e7\u00e3o a agosto deste ano, por\u00e9m, houve retra\u00e7\u00e3o de 4,7%, atribu\u00edda \u00e0 queda da produ\u00e7\u00e3o de semiacabados, de 31,9%. Em setembro, foram produzidas 456 mil toneladas de semiacabados para [&hellip;]<\/p>\n","protected":false},"author":4,"featured_media":167962,"comment_status":"open","ping_status":"closed","sticky":false,"template":"","format":"standard","meta":{"amp_status":"","footnotes":""},"categories":[6,28848],"tags":[111529,131210,34432,111531,42558,111537,131211,31374,131207,131212,229625,131208,111530],"class_list":["post-169006","post","type-post","status-publish","format-standard","has-post-thumbnail","hentry","category-br","category-mundo","tag-aco","tag-associacao-mundial-do-aco","tag-exportacoes","tag-iabr","tag-importacao","tag-instituto-aco-brasil","tag-laminados","tag-producao","tag-producao-brasileira-de-aco-bruto","tag-producao-brasileira-de-aco-bruto-tem-queda-de-quase-9-ate-novembro","tag-producao-brasileira-de-aco-cresce","tag-producao-de-aco-bruto","tag-siderurgia"],"_links":{"self":[{"href":"https:\/\/aconteceunovale.com.br\/portal\/index.php?rest_route=\/wp\/v2\/posts\/169006","targetHints":{"allow":["GET"]}}],"collection":[{"href":"https:\/\/aconteceunovale.com.br\/portal\/index.php?rest_route=\/wp\/v2\/posts"}],"about":[{"href":"https:\/\/aconteceunovale.com.br\/portal\/index.php?rest_route=\/wp\/v2\/types\/post"}],"author":[{"embeddable":true,"href":"https:\/\/aconteceunovale.com.br\/portal\/index.php?rest_route=\/wp\/v2\/users\/4"}],"replies":[{"embeddable":true,"href":"https:\/\/aconteceunovale.com.br\/portal\/index.php?rest_route=%2Fwp%2Fv2%2Fcomments&post=169006"}],"version-history":[{"count":1,"href":"https:\/\/aconteceunovale.com.br\/portal\/index.php?rest_route=\/wp\/v2\/posts\/169006\/revisions"}],"predecessor-version":[{"id":169007,"href":"https:\/\/aconteceunovale.com.br\/portal\/index.php?rest_route=\/wp\/v2\/posts\/169006\/revisions\/169007"}],"wp:featuredmedia":[{"embeddable":true,"href":"https:\/\/aconteceunovale.com.br\/portal\/index.php?rest_route=\/wp\/v2\/media\/167962"}],"wp:attachment":[{"href":"https:\/\/aconteceunovale.com.br\/portal\/index.php?rest_route=%2Fwp%2Fv2%2Fmedia&parent=169006"}],"wp:term":[{"taxonomy":"category","embeddable":true,"href":"https:\/\/aconteceunovale.com.br\/portal\/index.php?rest_route=%2Fwp%2Fv2%2Fcategories&post=169006"},{"taxonomy":"post_tag","embeddable":true,"href":"https:\/\/aconteceunovale.com.br\/portal\/index.php?rest_route=%2Fwp%2Fv2%2Ftags&post=169006"}],"curies":[{"name":"wp","href":"https:\/\/api.w.org\/{rel}","templated":true}]}}