{"id":169004,"date":"2020-10-17T07:34:23","date_gmt":"2020-10-17T10:34:23","guid":{"rendered":"https:\/\/aconteceunovale.com.br\/portal\/?p=169004"},"modified":"2020-10-17T07:35:21","modified_gmt":"2020-10-17T10:35:21","slug":"pesquisa-mostra-casos-compativeis-com-a-recorrencia-de-covid-19","status":"publish","type":"post","link":"https:\/\/aconteceunovale.com.br\/portal\/?p=169004","title":{"rendered":"Pesquisa mostra casos compat\u00edveis com a recorr\u00eancia de Covid-19"},"content":{"rendered":"\n<p>Pesquisadores cearenses identificaram 12&nbsp;casos de pessoas que adoeceram duas vezes por covid-19. O estudo \u00e9 conduzido por pela Secret\u00e1ria de Sa\u00fade do Cear\u00e1, Fiocruz, e Universidade de Fortaleza (Unifor).<img decoding=\"async\" src=\"https:\/\/agenciabrasil.ebc.com.br\/ebc.png?id=1390887&amp;o=node\"><img decoding=\"async\" src=\"https:\/\/agenciabrasil.ebc.com.br\/ebc.gif?id=1390887&amp;o=node\"><\/p>\n\n\n\n<p>Um dos respons\u00e1veis pela pesquisa,\u00a0o\u00a0infectologista do Hospital S\u00e3o Jos\u00e9, Keny Colares,\u00a0relata que\u00a0o estudo teve in\u00edcio depois que\u00a0algumas pessoas passaram\u00a0a informar as\u00a0autoridades de sa\u00fade que estavam tendo sintomas de covid-19\u00a0pela\u00a0segunda\u00a0vez.<\/p>\n\n\n\n<p>\u201cGente que tinha tido o sintoma em mar\u00e7o e abril, o teste tinha dado positivo e tinha ficado bom. No final\u00a0de maio, come\u00e7o\u00a0de junho, essas\u00a0pessoas\u00a0come\u00e7aram a\u00a0ter\u00a0sintomas novamente.\u00a0A\u00a0gente viu que havia casos\u00a0semelhantes relatados, o mais importante deles, registrado na China, onde acharam cinco casos entre um grupo de\u00a0cerca de\u00a090 indiv\u00edduos. Saiu a primeira nota t\u00e9cnica em julho, comunicando seis casos com essas caracter\u00edsticas. N\u00f3s estamos concluindo uma nota ampliando esses casos para 12 casos&#8221;, revelou.\u00a0<\/p>\n\n\n\n<p>Keny Colares&nbsp;explica que os casos&nbsp;estudados t\u00eam&nbsp;caracter\u00edsticas&nbsp;compat\u00edveis com a recorr\u00eancia, oriunda da mesma infec\u00e7\u00e3o \u2013&nbsp;que \u00e9&nbsp;quando a pessoa tem a doen\u00e7a, melhora, e&nbsp;volta a manifestar&nbsp;sintomas.<\/p>\n\n\n\n<p>O infectologista\u00a0destaca que o grupo\u00a0vai\u00a0aprofundar os estudos\u00a0para\u00a0saber se essa nova manifesta\u00e7\u00e3o da doen\u00e7a foi na realidade uma\u00a0reinfec\u00e7\u00e3o. Neste caso, a pessoa ficou curada, teve novo contato com o v\u00edrus e se contaminou de novo. Essa semana, um caso desse foi confirmado nos Estados Unidos.<\/p>\n\n\n\n<p>\u201cO que est\u00e1 publicado a\u00ed na literatura, foi estudado o material do v\u00edrus da primeira infec\u00e7\u00e3o e da\u00a0segunda\u00a0infec\u00e7\u00e3o, comparando o c\u00f3digo gen\u00e9tico desses dois v\u00edrus mostrando que era v\u00edrus diferentes. Provavelmente, a pessoa se contaminou novamente e est\u00e3o sendo chamados de reinfec\u00e7\u00e3o. Os nossos casos, talvez a gente n\u00e3o tenha como\u00a0comprovar se \u00e9 reinfec\u00e7\u00e3o porque a gente ainda n\u00e3o conseguiu fazer esses testes de estudo do genoma desses v\u00edrus. N\u00f3s estamos buscando recolher esse material para conseguir fazer&#8221;, explicou.\u00a0<\/p>\n\n\n\n<p>A&nbsp;Secretaria de Sa\u00fade do&nbsp;Cear\u00e1&nbsp;ainda est\u00e1 apurando a situa\u00e7\u00e3o de&nbsp;160 pessoas de diversas regi\u00f5es do Cear\u00e1 que testaram positivo duas vezes para a covid-19.&nbsp;Os casos s\u00e3o pacientes que, realizaram dois exames RT-PCR&nbsp;com uma diferen\u00e7a de&nbsp;21 dias ou mais e tiveram resultado positivo para a doen\u00e7a&nbsp;em ambos.<\/p>\n\n\n\n<p>Para o m\u00e9dico, a principal li\u00e7\u00e3o para esse momento &#8211;&nbsp; ainda de muitas incertezas &#8211;&nbsp;\u00e9 que devemos manter os cuidados para evitar a dissemina\u00e7\u00e3o do novo coronav\u00edrus.<\/p>\n\n\n\n<p>Em setembro, o artigo sobre os Sintomas Cl\u00ednicos Recorrentes de Covid-19 nos seis primeiros casos analisados pelos pesquisadores cearenses ficou entre os dez estudos de maior destaque do site Covid Reference.<\/p>\n\n\n\n<p class=\"has-white-color has-vivid-cyan-blue-background-color has-text-color has-background\">Quer saber as not\u00edcias do <strong>Aconteceu no Vale<\/strong> em primeira m\u00e3o? Siga-nos no Facebook <a rel=\"noreferrer noopener\" href=\"http:\/\/facebook.com\/aconteceunovale\" target=\"_blank\">@aconteceunovale<\/a>, Twitter <a rel=\"noreferrer noopener\" href=\"https:\/\/twitter.com\/noticiadosvales\" target=\"_blank\">@noticiadosvales<\/a> e Instagram <a rel=\"noreferrer noopener\" href=\"https:\/\/www.instagram.com\/aconteceunovale\" target=\"_blank\">@aconteceunovale<\/a>.<\/p>\n","protected":false},"excerpt":{"rendered":"<p>Pesquisadores cearenses identificaram 12&nbsp;casos de pessoas que adoeceram duas vezes por covid-19. O estudo \u00e9 conduzido por pela Secret\u00e1ria de Sa\u00fade do Cear\u00e1, Fiocruz, e Universidade de Fortaleza (Unifor). Um dos respons\u00e1veis pela pesquisa,\u00a0o\u00a0infectologista do Hospital S\u00e3o Jos\u00e9, Keny Colares,\u00a0relata que\u00a0o estudo teve in\u00edcio depois que\u00a0algumas pessoas passaram\u00a0a informar as\u00a0autoridades de sa\u00fade que estavam tendo [&hellip;]<\/p>\n","protected":false},"author":4,"featured_media":161742,"comment_status":"open","ping_status":"closed","sticky":false,"template":"","format":"standard","meta":{"amp_status":"","footnotes":""},"categories":[6,28848,40242],"tags":[216498,24222,229624,229620,229621,229622,165673,229623],"class_list":["post-169004","post","type-post","status-publish","format-standard","has-post-thumbnail","hentry","category-br","category-mundo","category-saude-2","tag-covid-19","tag-fiocruz","tag-keny-colares","tag-pesquisa-mostra-casos-compativeis-com-a-recorrencia-de-covid-19","tag-recorrencia-de-covid-19","tag-reinfeccao-por-covid-19","tag-unifor","tag-universidade-de-fortaleza"],"_links":{"self":[{"href":"https:\/\/aconteceunovale.com.br\/portal\/index.php?rest_route=\/wp\/v2\/posts\/169004","targetHints":{"allow":["GET"]}}],"collection":[{"href":"https:\/\/aconteceunovale.com.br\/portal\/index.php?rest_route=\/wp\/v2\/posts"}],"about":[{"href":"https:\/\/aconteceunovale.com.br\/portal\/index.php?rest_route=\/wp\/v2\/types\/post"}],"author":[{"embeddable":true,"href":"https:\/\/aconteceunovale.com.br\/portal\/index.php?rest_route=\/wp\/v2\/users\/4"}],"replies":[{"embeddable":true,"href":"https:\/\/aconteceunovale.com.br\/portal\/index.php?rest_route=%2Fwp%2Fv2%2Fcomments&post=169004"}],"version-history":[{"count":1,"href":"https:\/\/aconteceunovale.com.br\/portal\/index.php?rest_route=\/wp\/v2\/posts\/169004\/revisions"}],"predecessor-version":[{"id":169005,"href":"https:\/\/aconteceunovale.com.br\/portal\/index.php?rest_route=\/wp\/v2\/posts\/169004\/revisions\/169005"}],"wp:featuredmedia":[{"embeddable":true,"href":"https:\/\/aconteceunovale.com.br\/portal\/index.php?rest_route=\/wp\/v2\/media\/161742"}],"wp:attachment":[{"href":"https:\/\/aconteceunovale.com.br\/portal\/index.php?rest_route=%2Fwp%2Fv2%2Fmedia&parent=169004"}],"wp:term":[{"taxonomy":"category","embeddable":true,"href":"https:\/\/aconteceunovale.com.br\/portal\/index.php?rest_route=%2Fwp%2Fv2%2Fcategories&post=169004"},{"taxonomy":"post_tag","embeddable":true,"href":"https:\/\/aconteceunovale.com.br\/portal\/index.php?rest_route=%2Fwp%2Fv2%2Ftags&post=169004"}],"curies":[{"name":"wp","href":"https:\/\/api.w.org\/{rel}","templated":true}]}}