{"id":169002,"date":"2020-10-17T07:30:03","date_gmt":"2020-10-17T10:30:03","guid":{"rendered":"https:\/\/aconteceunovale.com.br\/portal\/?p=169002"},"modified":"2020-10-17T07:35:55","modified_gmt":"2020-10-17T10:35:55","slug":"ministro-da-economia-nega-extensao-de-auxilio-emergencial-em-2021","status":"publish","type":"post","link":"https:\/\/aconteceunovale.com.br\/portal\/?p=169002","title":{"rendered":"Ministro da Economia nega extens\u00e3o de aux\u00edlio emergencial em 2021"},"content":{"rendered":"\n<p>Reduzido recentemente para R$ 300 (R$ 600 para m\u00e3es solteiras), o aux\u00edlio emergencial n\u00e3o ser\u00e1 estendido em 2021, disse nesta sexta-feira (16) o ministro da Economia, Paulo Guedes. Ele reiterou que o teto de gastos ser\u00e1 mantido ap\u00f3s o fim do estado de calamidade aprovado neste ano por causa da pandemia de covid-19.<img decoding=\"async\" src=\"https:\/\/agenciabrasil.ebc.com.br\/ebc.png?id=1390884&amp;o=node\"><img decoding=\"async\" src=\"https:\/\/agenciabrasil.ebc.com.br\/ebc.gif?id=1390884&amp;o=node\"><\/p>\n\n\n\n<p>\u201cN\u00e3o h\u00e1 qualquer plano para estender o aux\u00edlio, nenhum. Isso n\u00e3o \u00e9 verdade. Essa n\u00e3o \u00e9 nossa inten\u00e7\u00e3o, n\u00e3o \u00e9 o que o presidente disse. N\u00e3o \u00e9 o que o ministro da Economia quer. De jeito nenhum\u201d, afirmou Guedes em evento virtual promovido por uma corretora de investimentos.<\/p>\n\n\n\n<p>Apesar de reafirmar o compromisso com o teto de gastos, o ministro repetiu declara\u00e7\u00f5es anteriores segundo as quais o\u00a0or\u00e7amento de guerra\u00a0poderia ser retomado caso o pa\u00eds seja novamente atingido por uma pandemia em outro ano. Guedes, no entanto, negou que isso signifique estender o estado de calamidade p\u00fablica indefinidamente.<\/p>\n\n\n\n<p>\u201cQuando a pandemia nos atingiu, n\u00f3s criamos um regime emergencial. Agora, n\u00f3s n\u00e3o podemos utilizar a desculpa do regime emergencial para explodir o teto de gastos\u201d, disse.<\/p>\n\n\n\n<h2 class=\"wp-block-heading\">Novo imposto<\/h2>\n\n\n\n<p>Em rela\u00e7\u00e3o \u00e0 implementa\u00e7\u00e3o de um imposto sobre transa\u00e7\u00f5es, semelhante \u00e0 antiga Contribui\u00e7\u00e3o Provis\u00f3ria sobre Movimenta\u00e7\u00e3o Financeira (CPMF), Guedes negou ter desistido da ideia. Segundo ele, a cria\u00e7\u00e3o do tributo, que cobriria uma desonera\u00e7\u00e3o parcial da folha de pagamentos, \u00e9 essencial para a cria\u00e7\u00e3o de empregos formais. Ontem, o ministro afirmou \u00e0 emissora CNN Brasil que talvez desistiria do novo tributo.<\/p>\n\n\n\n<p>\u201cN\u00e3o me importo se o tributo \u00e9 feio, desde que ele funcione criando novos empregos. \u00c9 necess\u00e1rio. Mas ent\u00e3o eu dei uma informa\u00e7\u00e3o errada ontem, porque \u00e9 esse o sentimento&#8221;, afirmou. \u201cEu n\u00e3o sou um homem de desistir facilmente das coisas\u201d.<\/p>\n\n\n\n<h2 class=\"wp-block-heading\">Recupera\u00e7\u00e3o<\/h2>\n\n\n\n<p>Sobre o desempenho da economia, o ministro repetiu que o Brasil segue uma recupera\u00e7\u00e3o em \u201cV\u201d (forte queda seguida de forte alta), depois da paralisa\u00e7\u00e3o da economia durante boa parte do primeiro semestre provocada pela pandemia de covid-19. Segundo ele, o per\u00edodo p\u00f3s-pandemia exigir\u00e1 compromisso com a responsabilidade fiscal.<\/p>\n\n\n\n<p>\u201cA doen\u00e7a est\u00e1 diminuindo e, \u00e0 medida que diminui, o Brasil est\u00e1 em recupera\u00e7\u00e3o em &#8216;V&#8217;. N\u00f3s devemos ter responsabilidade quanto ao nosso or\u00e7amento e devemos mostrar que somos respons\u00e1veis, e fortes, e resilientes o suficiente para pagar pela nossa guerra, ao inv\u00e9s de rolar [renovar a d\u00edvida] para nossas crian\u00e7as no futuro\u201d, concluiu.<\/p>\n\n\n\n<p class=\"has-white-color has-vivid-cyan-blue-background-color has-text-color has-background\">Quer saber as not\u00edcias do <strong>Aconteceu no Vale<\/strong> em primeira m\u00e3o? Siga-nos no Facebook <a rel=\"noreferrer noopener\" href=\"http:\/\/facebook.com\/aconteceunovale\" target=\"_blank\">@aconteceunovale<\/a>, Twitter <a rel=\"noreferrer noopener\" href=\"https:\/\/twitter.com\/noticiadosvales\" target=\"_blank\">@noticiadosvales<\/a> e Instagram <a rel=\"noreferrer noopener\" href=\"https:\/\/www.instagram.com\/aconteceunovale\" target=\"_blank\">@aconteceunovale<\/a>.<\/p>\n","protected":false},"excerpt":{"rendered":"<p>Reduzido recentemente para R$ 300 (R$ 600 para m\u00e3es solteiras), o aux\u00edlio emergencial n\u00e3o ser\u00e1 estendido em 2021, disse nesta sexta-feira (16) o ministro da Economia, Paulo Guedes. Ele reiterou que o teto de gastos ser\u00e1 mantido ap\u00f3s o fim do estado de calamidade aprovado neste ano por causa da pandemia de covid-19. \u201cN\u00e3o h\u00e1 [&hellip;]<\/p>\n","protected":false},"author":4,"featured_media":167034,"comment_status":"open","ping_status":"closed","sticky":false,"template":"","format":"standard","meta":{"amp_status":"","footnotes":""},"categories":[6],"tags":[219405,219383,225996,219292,225074,225788,225789,225075,225949,219977,100375,225948,227485,227055,226016,228349,228081,225732,223087,226744,225178,225552,225551,20922,225787,225176,225962,226017,226018,1018,223269,221649,223267,228779,184405,4610,228713,26436,225826,228714,184661,224350,225077,225076,228715,228778,223181,225550,225549,225961,225177,225548],"class_list":["post-169002","post","type-post","status-publish","format-standard","has-post-thumbnail","hentry","category-br","tag-auxilio-de-r-600","tag-auxilio-emergencial","tag-auxilio-emergencial-chega-a-29-milhoes-de-domicilios","tag-auxilio-emergencial-de-r-600","tag-auxilio-emergencial-de-r-600-elevou-padrao-de-vida-em-23-milhoes-de-domicilios","tag-auxilio-emergencial-para-agricultor-familiar","tag-auxilio-para-agricultor-familiar","tag-beneficio-do-auxilio-emergencial-de-r-600","tag-bloqueio-de-contas-da-poupanca-social","tag-bloqueio-do-auxilio-emergencial","tag-bolsonaro","tag-caixa-bloqueia-contas-da-poupanca-social","tag-caixa-credita-auxilio-emergencial-para-4-milhoes-nascidos-em-agosto","tag-caixa-credita-auxilio-emergencial-para-nascidos-em-junho","tag-caixa-divulga-orientacao-para-desbloqueio-de-contas","tag-caixa-inicia-amanha-ciclo-2-de-pagamentos-do-auxilio-emergencial","tag-caixa-paga-auxilio-emergencial-de-r-600-a-beneficiarios-do-bolsa-familia","tag-caixa-paga-quarta-parcela-do-auxilio-emergencial-a-beneficiarios-do-bolsa-familia","tag-caixa-tem","tag-caixa-vai-pagar-auxilio-emergencial-de-r-600-a-805-mil-novos-beneficiarios","tag-calendario-para-saque-em-dinheiro-do-auxilio-emergencial","tag-calendario-quarta-parcela-do-auxilio-emergencial","tag-calendario-quinta-parcela-do-auxilio-emergencial","tag-camara-dos-deputados","tag-camara-dos-deputados-aprova-auxilio-emergencial-para-agricultor-familiar-durante-a-pandemia","tag-confira-o-calendario-para-saque-em-dinheiro-do-auxilio-emergencial-de-r-600","tag-desbloquear-as-contas-digitais-do-auxilio-emergencial","tag-desbloqueio-caixa-tem","tag-desbloqueio-de-contas-caixa-tem","tag-destaque","tag-fraude-auxilio-emergencial","tag-fraude-no-auxilio-emergencial","tag-fraudes-no-auxilio-emergencial","tag-fraudes-no-recebimento-de-auxilio-emergencial","tag-governo-bolsonaro","tag-governo-federal","tag-governo-federal-prorroga-auxilio-emergencial-ate-o-fim-do-ano","tag-jair-bolsonaro","tag-mais-de-700-mil-receberao-amanha-primeira-parcela-do-auxilio-emergencial","tag-mais-quatro-parcelas-do-auxilio-emergencial","tag-ministerio-da-economia","tag-novas-parcelas-do-auxilio-emergencial","tag-padrao-de-vida-auxilio-emergencial","tag-padrao-de-vida-auxilio-emergencial-de-r-600","tag-pagamento-de-mais-parcelas-do-auxilio-emergencial","tag-policia-federal-apura-fraudes-no-recebimento-de-auxilio-emergencial","tag-prorrogacao-do-auxilio-emergencial","tag-quarta-parcela-auxilio-emergencial","tag-quinta-parcela-auxilio-emergencial","tag-saiba-como-desbloquear-as-contas-digitais-do-auxilio-emergencial","tag-saque-em-dinheiro-do-auxilio-emergencial","tag-veja-os-calendarios-dos-novos-pagamentos-do-auxilio-emergencial-de-r-600"],"_links":{"self":[{"href":"https:\/\/aconteceunovale.com.br\/portal\/index.php?rest_route=\/wp\/v2\/posts\/169002","targetHints":{"allow":["GET"]}}],"collection":[{"href":"https:\/\/aconteceunovale.com.br\/portal\/index.php?rest_route=\/wp\/v2\/posts"}],"about":[{"href":"https:\/\/aconteceunovale.com.br\/portal\/index.php?rest_route=\/wp\/v2\/types\/post"}],"author":[{"embeddable":true,"href":"https:\/\/aconteceunovale.com.br\/portal\/index.php?rest_route=\/wp\/v2\/users\/4"}],"replies":[{"embeddable":true,"href":"https:\/\/aconteceunovale.com.br\/portal\/index.php?rest_route=%2Fwp%2Fv2%2Fcomments&post=169002"}],"version-history":[{"count":1,"href":"https:\/\/aconteceunovale.com.br\/portal\/index.php?rest_route=\/wp\/v2\/posts\/169002\/revisions"}],"predecessor-version":[{"id":169003,"href":"https:\/\/aconteceunovale.com.br\/portal\/index.php?rest_route=\/wp\/v2\/posts\/169002\/revisions\/169003"}],"wp:featuredmedia":[{"embeddable":true,"href":"https:\/\/aconteceunovale.com.br\/portal\/index.php?rest_route=\/wp\/v2\/media\/167034"}],"wp:attachment":[{"href":"https:\/\/aconteceunovale.com.br\/portal\/index.php?rest_route=%2Fwp%2Fv2%2Fmedia&parent=169002"}],"wp:term":[{"taxonomy":"category","embeddable":true,"href":"https:\/\/aconteceunovale.com.br\/portal\/index.php?rest_route=%2Fwp%2Fv2%2Fcategories&post=169002"},{"taxonomy":"post_tag","embeddable":true,"href":"https:\/\/aconteceunovale.com.br\/portal\/index.php?rest_route=%2Fwp%2Fv2%2Ftags&post=169002"}],"curies":[{"name":"wp","href":"https:\/\/api.w.org\/{rel}","templated":true}]}}