{"id":169000,"date":"2020-10-17T07:26:10","date_gmt":"2020-10-17T10:26:10","guid":{"rendered":"https:\/\/aconteceunovale.com.br\/portal\/?p=169000"},"modified":"2020-10-17T07:36:03","modified_gmt":"2020-10-17T10:36:03","slug":"dia-d-da-campanha-de-vacinacao-de-criancas-e-adolescentes-sera-hoje","status":"publish","type":"post","link":"https:\/\/aconteceunovale.com.br\/portal\/?p=169000","title":{"rendered":"Dia D da campanha de vacina\u00e7\u00e3o de crian\u00e7as e adolescentes ser\u00e1 hoje"},"content":{"rendered":"\n<p>Crian\u00e7as e adolescentes menores de 15 anos t\u00eam, neste s\u00e1bado (17\/10), a oportunidade de atualizar suas cadernetas de vacina\u00e7\u00e3o. O chamado Dia D de mobiliza\u00e7\u00e3o nacional para a vacina\u00e7\u00e3o \u00e9 uma estrat\u00e9gia adotada h\u00e1 anos pelas autoridades de sa\u00fade, com o objetivo de fazer com que o m\u00e1ximo de pessoas tenha acesso a todas vacinas do calend\u00e1rio nacional.<img decoding=\"async\" src=\"https:\/\/agenciabrasil.ebc.com.br\/ebc.png?id=1390872&amp;o=node\"><img decoding=\"async\" src=\"https:\/\/agenciabrasil.ebc.com.br\/ebc.gif?id=1390872&amp;o=node\"><\/p>\n\n\n\n<p>Segundo a pasta, com a campanha de multivacina\u00e7\u00e3o \u00e9 poss\u00edvel evitar o risco de adquirir doen\u00e7as como sarampo, febre amarela, rub\u00e9ola, caxumba, hepatites A e B, entre outras.<\/p>\n\n\n\n<p>Em nota, o Minist\u00e9rio da Sa\u00fade (MS) informou que os postos de sa\u00fade est\u00e3o adaptados para evitar risco de contamina\u00e7\u00e3o pela covid-19, e que vem dando orienta\u00e7\u00f5es para que as a\u00e7\u00f5es de vacina\u00e7\u00e3o sejam realizadas conforme as recomenda\u00e7\u00f5es sobre distanciamento social, com lavagem das m\u00e3os, uso de \u00e1lcool em gel e m\u00e1scara.<\/p>\n\n\n\n<h2 class=\"wp-block-heading\">Programa de imuniza\u00e7\u00e3o<\/h2>\n\n\n\n<p>O Dia D da vacina\u00e7\u00e3o faz parte do Programa Nacional de Imuniza\u00e7\u00f5es (PNI), que oferece 18 vacinas para crian\u00e7as e adolescentes. Entretanto, de acordo com o minist\u00e9rio, o n\u00famero de pessoas n\u00e3o vacinadas tem crescido nos \u00faltimos anos. \u201cComo consequ\u00eancia, doen\u00e7as que j\u00e1 estavam eliminadas no Brasil voltaram a ser um problema para a sa\u00fade de todos, como o sarampo, por exemplo\u201d, alertou o MS em nota enviada \u00e0 Ag\u00eancia Brasil.<\/p>\n\n\n\n<p>Segundo o MS, 7,7 milh\u00f5es de crian\u00e7as e adolescentes menores de 15 anos n\u00e3o foram vacinadas contra a febre amarela em 2019. No caso da Hepatite B, cerca de 24,8 milh\u00f5es de pessoas dessa faixa et\u00e1ria n\u00e3o se vacinaram. Em rela\u00e7\u00e3o \u00e0 vacina contra meningite dirigida a adolescentes de 11 e 12 anos, o n\u00famero de n\u00e3o vacinados ficou em 4,3 milh\u00f5es.<\/p>\n\n\n\n<p>J\u00e1 no caso da vacina contra HPV, 73,6% das meninas com idade entre 9 e 15 anos tomaram a primeira dose. O percentual \u00e9 menor quando \u00e9 considerada a segunda etapa da vacina: apenas 46% das meninas foram imunizadas. Entre os meninos com faixa et\u00e1ria de 9 a 14 anos, que foram alvo de campanha, a vacina\u00e7\u00e3o chega a 36,2% para a primeira dose; e a 19,2% para segunda dose.<\/p>\n\n\n\n<h2 class=\"wp-block-heading\">Poliomielite<\/h2>\n\n\n\n<p>O MS acrescenta que a vacina\u00e7\u00e3o contra a poliomielite, iniciada no \u00faltimo dia 5, seguir\u00e1 at\u00e9 o dia 30 de outubro em mais de 40 mil postos de vacina\u00e7\u00e3o espalhados pelo pa\u00eds. A expectativa \u00e9 de que cerca de 11 milh\u00f5es de crian\u00e7as com idade entre 1 e 5 anos tomem a vacina oral contra a poliomielite (VOP), desde que tenham recebido as tr\u00eas doses da vacina inativada poliomielite (VIP), do esquema b\u00e1sico de vacina\u00e7\u00e3o.<\/p>\n\n\n\n<p>A meta anunciada pelo MS \u00e9 a de vacinar pelo menos 95% das crian\u00e7as. Crian\u00e7as at\u00e9 11 meses e 29 dias dever\u00e3o ser vacinadas conforme indica\u00e7\u00f5es do Calend\u00e1rio Nacional de Vacina\u00e7\u00e3o, com a VIP.<\/p>\n\n\n\n<p class=\"has-white-color has-vivid-cyan-blue-background-color has-text-color has-background\">Quer saber as not\u00edcias do <strong>Aconteceu no Vale<\/strong> em primeira m\u00e3o? Siga-nos no Facebook <a rel=\"noreferrer noopener\" href=\"http:\/\/facebook.com\/aconteceunovale\" target=\"_blank\">@aconteceunovale<\/a>, Twitter <a rel=\"noreferrer noopener\" href=\"https:\/\/twitter.com\/noticiadosvales\" target=\"_blank\">@noticiadosvales<\/a> e Instagram <a rel=\"noreferrer noopener\" href=\"https:\/\/www.instagram.com\/aconteceunovale\" target=\"_blank\">@aconteceunovale<\/a>.<\/p>\n","protected":false},"excerpt":{"rendered":"<p>Crian\u00e7as e adolescentes menores de 15 anos t\u00eam, neste s\u00e1bado (17\/10), a oportunidade de atualizar suas cadernetas de vacina\u00e7\u00e3o. O chamado Dia D de mobiliza\u00e7\u00e3o nacional para a vacina\u00e7\u00e3o \u00e9 uma estrat\u00e9gia adotada h\u00e1 anos pelas autoridades de sa\u00fade, com o objetivo de fazer com que o m\u00e1ximo de pessoas tenha acesso a todas vacinas [&hellip;]<\/p>\n","protected":false},"author":4,"featured_media":164878,"comment_status":"open","ping_status":"closed","sticky":false,"template":"","format":"standard","meta":{"amp_status":"","footnotes":""},"categories":[6],"tags":[229519,229520,229516,1018,229517,52113,229518],"class_list":["post-169000","post","type-post","status-publish","format-standard","has-post-thumbnail","hentry","category-br","tag-atualizacao-da-caderneta-de-vacinacao-das-criancas-e-adolescentes","tag-calendario-de-vacinacao","tag-campanha-de-multivacinacao-para-criancas-e-adolescentes","tag-destaque","tag-multivacinacao-para-criancas-e-adolescentes","tag-ses-mg","tag-vacinacao-para-criancas-e-adolescentes"],"_links":{"self":[{"href":"https:\/\/aconteceunovale.com.br\/portal\/index.php?rest_route=\/wp\/v2\/posts\/169000","targetHints":{"allow":["GET"]}}],"collection":[{"href":"https:\/\/aconteceunovale.com.br\/portal\/index.php?rest_route=\/wp\/v2\/posts"}],"about":[{"href":"https:\/\/aconteceunovale.com.br\/portal\/index.php?rest_route=\/wp\/v2\/types\/post"}],"author":[{"embeddable":true,"href":"https:\/\/aconteceunovale.com.br\/portal\/index.php?rest_route=\/wp\/v2\/users\/4"}],"replies":[{"embeddable":true,"href":"https:\/\/aconteceunovale.com.br\/portal\/index.php?rest_route=%2Fwp%2Fv2%2Fcomments&post=169000"}],"version-history":[{"count":1,"href":"https:\/\/aconteceunovale.com.br\/portal\/index.php?rest_route=\/wp\/v2\/posts\/169000\/revisions"}],"predecessor-version":[{"id":169001,"href":"https:\/\/aconteceunovale.com.br\/portal\/index.php?rest_route=\/wp\/v2\/posts\/169000\/revisions\/169001"}],"wp:featuredmedia":[{"embeddable":true,"href":"https:\/\/aconteceunovale.com.br\/portal\/index.php?rest_route=\/wp\/v2\/media\/164878"}],"wp:attachment":[{"href":"https:\/\/aconteceunovale.com.br\/portal\/index.php?rest_route=%2Fwp%2Fv2%2Fmedia&parent=169000"}],"wp:term":[{"taxonomy":"category","embeddable":true,"href":"https:\/\/aconteceunovale.com.br\/portal\/index.php?rest_route=%2Fwp%2Fv2%2Fcategories&post=169000"},{"taxonomy":"post_tag","embeddable":true,"href":"https:\/\/aconteceunovale.com.br\/portal\/index.php?rest_route=%2Fwp%2Fv2%2Ftags&post=169000"}],"curies":[{"name":"wp","href":"https:\/\/api.w.org\/{rel}","templated":true}]}}