{"id":168995,"date":"2020-10-16T00:12:16","date_gmt":"2020-10-16T03:12:16","guid":{"rendered":"https:\/\/aconteceunovale.com.br\/portal\/?p=168995"},"modified":"2020-10-16T00:13:35","modified_gmt":"2020-10-16T03:13:35","slug":"cruzeiro-anuncia-felipao-como-novo-tecnico","status":"publish","type":"post","link":"https:\/\/aconteceunovale.com.br\/portal\/?p=168995","title":{"rendered":"Cruzeiro anuncia Felip\u00e3o como novo t\u00e9cnico"},"content":{"rendered":"\n<p>O Cruzeiro anunciou na noite desta quinta-feira (15\/10\/2020) a contrata\u00e7\u00e3o do t\u00e9cnico Luiz Felipe Scolari para a sequ\u00eancia da disputa da S\u00e9rie B do Campeonato Brasileiro.<\/p>\n\n\n\n<p>O treinador, de 71 anos, acertou com a Raposa at\u00e9 o final de 2022 e chega para ocupar a vaga de Ney Franco, demitido no \u00faltimo domingo, ap\u00f3s empate sem gols com o Oeste que manteve o time mineiro na vice-lanterna da competi\u00e7\u00e3o.<\/p>\n\n\n\n<p>Na nota na qual anunciou o acerto com Felip\u00e3o, o Cruzeiro destacou o \u201ccurr\u00edculo extremamente vitorioso, com 27 t\u00edtulos conquistados ao longo da carreira\u201d.<\/p>\n\n\n\n<p>O treinador j\u00e1 venceu t\u00edtulos como Copa do Mundo (2002), Copa das Confedera\u00e7\u00f5es (2013) Copa Libertadores (1995 e 1999), Recopa Sul-Americana (1996), Campeonato Brasileiro (1996 e 2018), Copa do Brasil (1991, 1994 e 2012), Liga Chinesa (2015, 2016 e 2017) e Liga Uzbeque (2009).<\/p>\n\n\n\n<p>Esta n\u00e3o \u00e9 a primeira passagem de Felip\u00e3o pelo Cruzeiro. Ele j\u00e1 dirigiu a equipe entre os anos de 2000 e 2001 em 75 partidas, somando 40 vit\u00f3rias, 23 empates e 12 derrotas. Naquela oportunidade ele conquistou a Copa Sul-Minas do ano de 2001.<\/p>\n\n\n\n<figure class=\"wp-block-gallery columns-1 is-cropped wp-block-gallery-1 is-layout-flex wp-block-gallery-is-layout-flex\"><ul class=\"blocks-gallery-grid\"><li class=\"blocks-gallery-item\"><figure><img loading=\"lazy\" decoding=\"async\" width=\"678\" height=\"417\" src=\"https:\/\/aconteceunovale.com.br\/portal\/wp-content\/uploads\/2020\/10\/felipao_cruzeiro.jpeg\" alt=\"\" data-id=\"168996\" data-full-url=\"https:\/\/aconteceunovale.com.br\/portal\/wp-content\/uploads\/2020\/10\/felipao_cruzeiro.jpeg\" data-link=\"https:\/\/aconteceunovale.com.br\/portal\/?attachment_id=168996\" class=\"wp-image-168996\" srcset=\"https:\/\/aconteceunovale.com.br\/portal\/wp-content\/uploads\/2020\/10\/felipao_cruzeiro.jpeg 678w, https:\/\/aconteceunovale.com.br\/portal\/wp-content\/uploads\/2020\/10\/felipao_cruzeiro-300x185.jpeg 300w, https:\/\/aconteceunovale.com.br\/portal\/wp-content\/uploads\/2020\/10\/felipao_cruzeiro-356x220.jpeg 356w\" sizes=\"auto, (max-width: 678px) 100vw, 678px\" \/><figcaption class=\"blocks-gallery-item__caption\"><em>Foto: Cruzeiro\/Divulga\u00e7\u00e3o<\/em><\/figcaption><\/figure><\/li><\/ul><\/figure>\n\n\n\n<p class=\"has-white-color has-vivid-cyan-blue-background-color has-text-color has-background\">Quer saber as not\u00edcias do <strong>Aconteceu no Vale<\/strong> em primeira m\u00e3o? Siga-nos no Facebook <a rel=\"noreferrer noopener\" href=\"http:\/\/facebook.com\/aconteceunovale\" target=\"_blank\">@aconteceunovale<\/a>, Twitter <a rel=\"noreferrer noopener\" href=\"https:\/\/twitter.com\/noticiadosvales\" target=\"_blank\">@noticiadosvales<\/a> e Instagram <a rel=\"noreferrer noopener\" href=\"https:\/\/www.instagram.com\/aconteceunovale\" target=\"_blank\">@aconteceunovale<\/a>.<\/p>\n","protected":false},"excerpt":{"rendered":"<p>O Cruzeiro anunciou na noite desta quinta-feira (15\/10\/2020) a contrata\u00e7\u00e3o do t\u00e9cnico Luiz Felipe Scolari para a sequ\u00eancia da disputa da S\u00e9rie B do Campeonato Brasileiro. O treinador, de 71 anos, acertou com a Raposa at\u00e9 o final de 2022 e chega para ocupar a vaga de Ney Franco, demitido no \u00faltimo domingo, ap\u00f3s empate [&hellip;]<\/p>\n","protected":false},"author":4,"featured_media":168996,"comment_status":"open","ping_status":"closed","sticky":false,"template":"","format":"standard","meta":{"amp_status":"","footnotes":""},"categories":[6,59,123],"tags":[227013,682,229617,229533,229532,229619,229534,1018,229618,229535,44212,229536],"class_list":["post-168995","post","type-post","status-publish","format-standard","has-post-thumbnail","hentry","category-br","category-sports","category-gerais","tag-campeonato-brasileiro-da-serie-b","tag-cruzeiro","tag-cruzeiro-anuncia-felipao-como-novo-tecnico","tag-cruzeiro-demite-ney-franco","tag-cruzeiro-demite-ney-franco-apos-novo-tropeco-pela-serie-b","tag-cruzeiro-felipao","tag-demissao-de-ney-franco","tag-destaque","tag-felipao-no-cruzeiro","tag-ney-franco","tag-oeste","tag-serie-b-do-campeonato-brasileiro"],"_links":{"self":[{"href":"https:\/\/aconteceunovale.com.br\/portal\/index.php?rest_route=\/wp\/v2\/posts\/168995","targetHints":{"allow":["GET"]}}],"collection":[{"href":"https:\/\/aconteceunovale.com.br\/portal\/index.php?rest_route=\/wp\/v2\/posts"}],"about":[{"href":"https:\/\/aconteceunovale.com.br\/portal\/index.php?rest_route=\/wp\/v2\/types\/post"}],"author":[{"embeddable":true,"href":"https:\/\/aconteceunovale.com.br\/portal\/index.php?rest_route=\/wp\/v2\/users\/4"}],"replies":[{"embeddable":true,"href":"https:\/\/aconteceunovale.com.br\/portal\/index.php?rest_route=%2Fwp%2Fv2%2Fcomments&post=168995"}],"version-history":[{"count":1,"href":"https:\/\/aconteceunovale.com.br\/portal\/index.php?rest_route=\/wp\/v2\/posts\/168995\/revisions"}],"predecessor-version":[{"id":168997,"href":"https:\/\/aconteceunovale.com.br\/portal\/index.php?rest_route=\/wp\/v2\/posts\/168995\/revisions\/168997"}],"wp:featuredmedia":[{"embeddable":true,"href":"https:\/\/aconteceunovale.com.br\/portal\/index.php?rest_route=\/wp\/v2\/media\/168996"}],"wp:attachment":[{"href":"https:\/\/aconteceunovale.com.br\/portal\/index.php?rest_route=%2Fwp%2Fv2%2Fmedia&parent=168995"}],"wp:term":[{"taxonomy":"category","embeddable":true,"href":"https:\/\/aconteceunovale.com.br\/portal\/index.php?rest_route=%2Fwp%2Fv2%2Fcategories&post=168995"},{"taxonomy":"post_tag","embeddable":true,"href":"https:\/\/aconteceunovale.com.br\/portal\/index.php?rest_route=%2Fwp%2Fv2%2Ftags&post=168995"}],"curies":[{"name":"wp","href":"https:\/\/api.w.org\/{rel}","templated":true}]}}