{"id":168993,"date":"2020-10-15T23:52:34","date_gmt":"2020-10-16T02:52:34","guid":{"rendered":"https:\/\/aconteceunovale.com.br\/portal\/?p=168993"},"modified":"2020-10-15T23:54:04","modified_gmt":"2020-10-16T02:54:04","slug":"renovacao-de-matricula-na-rede-estadual-vai-ate-30-de-outubro","status":"publish","type":"post","link":"https:\/\/aconteceunovale.com.br\/portal\/?p=168993","title":{"rendered":"Renova\u00e7\u00e3o de matr\u00edcula na rede estadual vai at\u00e9 30 de outubro"},"content":{"rendered":"\n<p>Os alunos da rede p\u00fablica estadual de ensino de Minas Gerais que desejam permanecer na mesma escola no pr\u00f3ximo ano j\u00e1 podem renovar a matr\u00edcula para 2021. O processo, iniciado na \u00faltima semana, vai at\u00e9 30 de outubro.<br><br>Neste ano, todo o processo \u00e9 feito on-line, sem necessidade de ir pessoalmente \u00e0 unidade de ensino. A garantia da vaga pode ser feita pelos pais e\/ou respons\u00e1veis, ou o estudante maior de 18 anos, no site&nbsp;<a href=\"http:\/\/renovacao.educacao.mg.gov.br\/\" target=\"_blank\" rel=\"noreferrer noopener\">renovacao.educacao.mg.gov.br<\/a>.<br><br><strong>Como fazer<\/strong><br><br>\u00c9 necess\u00e1rio inserir o n\u00famero da matr\u00edcula no campo destinado ao login. J\u00e1 no espa\u00e7o destinado \u00e0 senha, deve ser preenchida a data de nascimento sem as barras (dia \u2013 dois d\u00edgitos; m\u00eas \u2013 dois d\u00edgitos; ano \u2013 quatro d\u00edgitos).<br><br>Caso o estudante n\u00e3o tenha o n\u00famero da matr\u00edcula, basta clicar na op\u00e7\u00e3o \u201crecuperar n\u00famero de matr\u00edcula do aluno\u201d. Ao selecionar essa op\u00e7\u00e3o, o sistema solicitar\u00e1 identifica\u00e7\u00e3o da escola onde o aluno est\u00e1 matriculado, seu nome completo, data de nascimento e o nome da m\u00e3e ou do pai.<\/p>\n\n\n\n<ul class=\"wp-block-list\"><li><a href=\"http:\/\/agenciaminas.mg.gov.br\/ckeditor_assets\/attachments\/9545\/perguntas_e_respostas_renovacao_de_matricula_1.pdf\" target=\"_blank\" rel=\"noreferrer noopener\"><strong>Clique aqui<\/strong><\/a>&nbsp;para conferir as perguntas mais frequentes sobre o processo de renova\u00e7\u00e3o da matr\u00edcula.<\/li><\/ul>\n\n\n\n<p><br><strong>Sem internet<\/strong><br><br>As fam\u00edlias ou o aluno maior de 18 anos, que n\u00e3o tenham acesso \u00e0 internet devem entrar em contato com a escola, por meio de telefone, aplicativo de mensagens ou outros meios dispon\u00edveis, dentro deste mesmo per\u00edodo, para manifestar \u00e0 gest\u00e3o da unidade de ensino o interesse de continuidade de estudos onde se encontram matriculados.<br><br><strong>Mudan\u00e7a de escola<\/strong><br><br>Para quem pretende mudar de escola ou vir de outra rede de ensino para a rede p\u00fablica estadual, ser\u00e1 necess\u00e1rio aguardar o momento do cadastramento escolar que, de acordo com a Resolu\u00e7\u00e3o SEE n\u00ba 4.421, est\u00e1 previsto para novembro.<\/p>\n\n\n\n<p class=\"has-white-color has-vivid-cyan-blue-background-color has-text-color has-background\">Quer saber as not\u00edcias do <strong>Aconteceu no Vale<\/strong> em primeira m\u00e3o? Siga-nos no Facebook <a rel=\"noreferrer noopener\" href=\"http:\/\/facebook.com\/aconteceunovale\" target=\"_blank\">@aconteceunovale<\/a>, Twitter <a rel=\"noreferrer noopener\" href=\"https:\/\/twitter.com\/noticiadosvales\" target=\"_blank\">@noticiadosvales<\/a> e Instagram <a rel=\"noreferrer noopener\" href=\"https:\/\/www.instagram.com\/aconteceunovale\" target=\"_blank\">@aconteceunovale<\/a>.<\/p>\n","protected":false},"excerpt":{"rendered":"<p>Os alunos da rede p\u00fablica estadual de ensino de Minas Gerais que desejam permanecer na mesma escola no pr\u00f3ximo ano j\u00e1 podem renovar a matr\u00edcula para 2021. O processo, iniciado na \u00faltima semana, vai at\u00e9 30 de outubro. Neste ano, todo o processo \u00e9 feito on-line, sem necessidade de ir pessoalmente \u00e0 unidade de ensino. [&hellip;]<\/p>\n","protected":false},"author":4,"featured_media":168878,"comment_status":"open","ping_status":"closed","sticky":false,"template":"","format":"standard","meta":{"amp_status":"","footnotes":""},"categories":[40238,123],"tags":[229392,229393,229616,229390,229388,229389,133841,229391],"class_list":["post-168993","post","type-post","status-publish","format-standard","has-post-thumbnail","hentry","category-educacao-2","category-gerais","tag-endereco-para-renovacao-de-matricula-para-2021","tag-renovacao-de-matricula-em-minas-gerais","tag-renovacao-de-matricula-na-rede-estadual-vai-ate-30-de-outubro","tag-renovacao-de-matricula-para-2021","tag-renovacao-de-matricula-para-2021-na-rede-estadual","tag-renovacao-de-matricula-para-2021-na-rede-estadual-em-minas-gerais","tag-see-mg","tag-site-para-renovacao-de-matricula-para-2021"],"_links":{"self":[{"href":"https:\/\/aconteceunovale.com.br\/portal\/index.php?rest_route=\/wp\/v2\/posts\/168993","targetHints":{"allow":["GET"]}}],"collection":[{"href":"https:\/\/aconteceunovale.com.br\/portal\/index.php?rest_route=\/wp\/v2\/posts"}],"about":[{"href":"https:\/\/aconteceunovale.com.br\/portal\/index.php?rest_route=\/wp\/v2\/types\/post"}],"author":[{"embeddable":true,"href":"https:\/\/aconteceunovale.com.br\/portal\/index.php?rest_route=\/wp\/v2\/users\/4"}],"replies":[{"embeddable":true,"href":"https:\/\/aconteceunovale.com.br\/portal\/index.php?rest_route=%2Fwp%2Fv2%2Fcomments&post=168993"}],"version-history":[{"count":1,"href":"https:\/\/aconteceunovale.com.br\/portal\/index.php?rest_route=\/wp\/v2\/posts\/168993\/revisions"}],"predecessor-version":[{"id":168994,"href":"https:\/\/aconteceunovale.com.br\/portal\/index.php?rest_route=\/wp\/v2\/posts\/168993\/revisions\/168994"}],"wp:featuredmedia":[{"embeddable":true,"href":"https:\/\/aconteceunovale.com.br\/portal\/index.php?rest_route=\/wp\/v2\/media\/168878"}],"wp:attachment":[{"href":"https:\/\/aconteceunovale.com.br\/portal\/index.php?rest_route=%2Fwp%2Fv2%2Fmedia&parent=168993"}],"wp:term":[{"taxonomy":"category","embeddable":true,"href":"https:\/\/aconteceunovale.com.br\/portal\/index.php?rest_route=%2Fwp%2Fv2%2Fcategories&post=168993"},{"taxonomy":"post_tag","embeddable":true,"href":"https:\/\/aconteceunovale.com.br\/portal\/index.php?rest_route=%2Fwp%2Fv2%2Ftags&post=168993"}],"curies":[{"name":"wp","href":"https:\/\/api.w.org\/{rel}","templated":true}]}}