{"id":168988,"date":"2020-10-14T17:23:39","date_gmt":"2020-10-14T20:23:39","guid":{"rendered":"https:\/\/aconteceunovale.com.br\/portal\/?p=168988"},"modified":"2020-10-14T17:24:59","modified_gmt":"2020-10-14T20:24:59","slug":"metade-do-estado-esta-na-onda-verde-do-plano-minas-consciente","status":"publish","type":"post","link":"https:\/\/aconteceunovale.com.br\/portal\/?p=168988","title":{"rendered":"Metade do estado est\u00e1 na onda verde do plano Minas Consciente"},"content":{"rendered":"\n<p>Pela primeira vez desde o lan\u00e7amento do plano&nbsp;<a href=\"http:\/\/www.mg.gov.br\/minasconsciente\" target=\"_blank\" rel=\"noreferrer noopener\">Minas Consciente<\/a>, metade das macrorregi\u00f5es de Sa\u00fade de Minas Gerais &#8211; o que representa 8 das 14 macros &#8211; est\u00e1 inserida na onda verde, a mais avan\u00e7ada do plano. A defini\u00e7\u00e3o foi deliberada em reuni\u00e3o do Comit\u00ea Extraordin\u00e1rio Covid-19, nesta quarta-feira (14\/10), ap\u00f3s an\u00e1lise dos bons \u00edndices epidemiol\u00f3gicos mantidos no estado nesta fase da pandemia.<\/p>\n\n\n\n<p>As altera\u00e7\u00f5es permitiram que as macrorregi\u00f5es&nbsp;<a href=\"http:\/\/www.agenciaminas.mg.gov.br\/ckeditor_assets\/attachments\/8147\/12_-_regional_triangulo_norte.pdf\" target=\"_blank\" rel=\"noreferrer noopener\">Tri\u00e2ngulo do Norte<\/a>,&nbsp;<a href=\"http:\/\/www.agenciaminas.mg.gov.br\/ckeditor_assets\/attachments\/8145\/10_-_regional_sudeste.pdf\" target=\"_blank\" rel=\"noreferrer noopener\">Sudeste<\/a>,&nbsp;<a href=\"http:\/\/www.agenciaminas.mg.gov.br\/ckeditor_assets\/attachments\/8141\/06_-_regional_nordeste.pdf\" target=\"_blank\" rel=\"noreferrer noopener\">Nordeste<\/a>&nbsp;e&nbsp;<a href=\"http:\/\/www.agenciaminas.mg.gov.br\/ckeditor_assets\/attachments\/8231\/01_-_regional_centro_vr.pdf\" target=\"_blank\" rel=\"noreferrer noopener\">Centro<\/a>&nbsp;sejam autorizadas a evoluir para a onda verde, ap\u00f3s passarem 28 dias na onda amarela com \u00edndices est\u00e1veis. Al\u00e9m delas, as macros&nbsp;<a href=\"http:\/\/www.agenciaminas.mg.gov.br\/ckeditor_assets\/attachments\/8148\/13_-_regional_triangulo_sul.pdf\" target=\"_blank\" rel=\"noreferrer noopener\">Tri\u00e2ngulo do Sul<\/a>,&nbsp;<a href=\"http:\/\/www.agenciaminas.mg.gov.br\/ckeditor_assets\/attachments\/8137\/02_-_regional_centro_sul.pdf\" target=\"_blank\" rel=\"noreferrer noopener\">Centro-Sul<\/a>,&nbsp;<a href=\"http:\/\/www.agenciaminas.mg.gov.br\/ckeditor_assets\/attachments\/8143\/08_-_regional_norte.pdf\" target=\"_blank\" rel=\"noreferrer noopener\">Norte<\/a>&nbsp;e&nbsp;<a href=\"http:\/\/www.agenciaminas.mg.gov.br\/ckeditor_assets\/attachments\/8138\/03_-_regional_jequitinhonha.pdf\" target=\"_blank\" rel=\"noreferrer noopener\">Jequitinhonha<\/a>&nbsp;se mantiveram na onda verde. Esse \u00e9 o est\u00e1gio mais avan\u00e7ado do plano, com retorno de atividades escolares, abertura de parques e feiras.<\/p>\n\n\n\n<p>H\u00e1 duas semanas sem nenhuma regi\u00e3o na onda vermelha, cen\u00e1rio em que se permite&nbsp;apenas o funcionamento de servi\u00e7os essenciais &#8211; como supermercados, padarias e farm\u00e1cias -, as demais macrorregi\u00f5es do estado permanecem na onda amarela. Nesta fase, \u00e9 permitida a abertura de&nbsp;academias, clubes e bares, por exemplo.<\/p>\n\n\n\n<h2 class=\"wp-block-heading\"><strong>Resultado de planejamento<\/strong><\/h2>\n\n\n\n<p>Para o secret\u00e1rio adjunto de&nbsp;<a href=\"http:\/\/www.desenvolvimento.mg.gov.br\/\" target=\"_blank\" rel=\"noreferrer noopener\">Desenvolvimento Econ\u00f4mico<\/a>, Fernando Passalio, o atual controle da taxa de \u00f3bitos e de casos de covid-19 em Minas Gerais \u00e9 resultado do planejamento feito pelo governo, ao decidir lan\u00e7ar o plano Minas Consciente, ainda em abril, centrado em estudos t\u00e9cnicos e epidemiol\u00f3gicos das Secretarias de Estado de&nbsp;<a href=\"http:\/\/www.saude.mg.gov.br\/\" target=\"_blank\" rel=\"noreferrer noopener\">Sa\u00fade (SES-MG)<\/a>&nbsp;e Desenvolvimento Econ\u00f4mico (Sede).<\/p>\n\n\n\n<p>\u201cEstamos conseguindo o equil\u00edbrio que o plano sempre buscou, que \u00e9 a retomada gradual e respons\u00e1vel da atividade econ\u00f4mica. Isso mostra que n\u00f3s estamos dentro de uma metodologia bem constru\u00edda, com acompanhamento t\u00e9cnico, fazendo com que a nossa economia se reative com seguran\u00e7a e cuidado com as pessoas\u201d, disse o secret\u00e1rio.<\/p>\n\n\n\n<p>Para o chefe de gabinete da SES-MG, Jo\u00e3o Pinho, o controle dos \u00edndices, at\u00e9 o momento, \u00e9 resultado das pol\u00edticas implementadas ao longo dos meses. \u201cO aumento de casos vem diminuindo, foram apenas 35 na semana, os surtos est\u00e3o controlados, a taxa de incid\u00eancia da doen\u00e7a caiu 18% e o isolamento se mant\u00e9m est\u00e1vel. A popula\u00e7\u00e3o definiu sua rotina: quem precisa sair para trabalhar, tem sa\u00eddo, mas quem se adaptou ou pode estar em casa, est\u00e1 em casa\u201d, afirmou.<\/p>\n\n\n\n<p>Apesar dos bons \u00edndices, o chefe de gabinete da SES-MG mant\u00e9m o alerta para que as medidas de distanciamento e higiene sejam constantes, visando ao controle da doen\u00e7a.<\/p>\n\n\n\n<p>\u201cA gente caminha para um novo momento na pandemia. Mas n\u00e3o \u00e9 uma situa\u00e7\u00e3o que garante o futuro porque esse futuro est\u00e1 diretamente ligado ao comportamento da popula\u00e7\u00e3o. \u00c9 uma situa\u00e7\u00e3o que ressalta bastante o compromisso do Estado e as a\u00e7\u00f5es de todas as secretarias envolvidas sob a gest\u00e3o do governador Romeu Zema\u201d, destacou Pinho.<\/p>\n\n\n\n<figure class=\"wp-block-image size-large\"><img loading=\"lazy\" decoding=\"async\" width=\"678\" height=\"422\" src=\"https:\/\/aconteceunovale.com.br\/portal\/wp-content\/uploads\/2020\/10\/minas_consciente_14outubro_1.jpeg\" alt=\"\" class=\"wp-image-168989\" srcset=\"https:\/\/aconteceunovale.com.br\/portal\/wp-content\/uploads\/2020\/10\/minas_consciente_14outubro_1.jpeg 678w, https:\/\/aconteceunovale.com.br\/portal\/wp-content\/uploads\/2020\/10\/minas_consciente_14outubro_1-300x187.jpeg 300w, https:\/\/aconteceunovale.com.br\/portal\/wp-content\/uploads\/2020\/10\/minas_consciente_14outubro_1-675x420.jpeg 675w\" sizes=\"auto, (max-width: 678px) 100vw, 678px\" \/><\/figure>\n\n\n\n<h2 class=\"wp-block-heading\"><strong>Ades\u00e3o<\/strong><\/h2>\n\n\n\n<p>At\u00e9 esta quarta-feira (14\/10), um total de 656 cidades havia aderido ao plano Minas Consciente, o que representa 80% do estado. Al\u00e9m disso, 463 munic\u00edpios com menos de 100 mil habitantes est\u00e3o aptos a avan\u00e7ar para a onda verde.<br>\u00a0<\/p>\n\n\n\n<h2 class=\"wp-block-heading\"><strong>Onda verde<\/strong><\/h2>\n\n\n\n<figure class=\"wp-block-image size-large\"><img loading=\"lazy\" decoding=\"async\" width=\"678\" height=\"422\" src=\"https:\/\/aconteceunovale.com.br\/portal\/wp-content\/uploads\/2020\/10\/minas_consciente_14outubro_2.jpeg\" alt=\"\" class=\"wp-image-168990\" srcset=\"https:\/\/aconteceunovale.com.br\/portal\/wp-content\/uploads\/2020\/10\/minas_consciente_14outubro_2.jpeg 678w, https:\/\/aconteceunovale.com.br\/portal\/wp-content\/uploads\/2020\/10\/minas_consciente_14outubro_2-300x187.jpeg 300w, https:\/\/aconteceunovale.com.br\/portal\/wp-content\/uploads\/2020\/10\/minas_consciente_14outubro_2-675x420.jpeg 675w\" sizes=\"auto, (max-width: 678px) 100vw, 678px\" \/><\/figure>\n\n\n\n<p>As macrorregi\u00f5es&nbsp;<a href=\"http:\/\/www.agenciaminas.mg.gov.br\/ckeditor_assets\/attachments\/8147\/12_-_regional_triangulo_norte.pdf\" target=\"_blank\" rel=\"noreferrer noopener\">Tri\u00e2ngulo do Norte<\/a>,&nbsp;<a href=\"http:\/\/www.agenciaminas.mg.gov.br\/ckeditor_assets\/attachments\/8145\/10_-_regional_sudeste.pdf\" target=\"_blank\" rel=\"noreferrer noopener\">Sudeste<\/a>,&nbsp;<a href=\"http:\/\/www.agenciaminas.mg.gov.br\/ckeditor_assets\/attachments\/8141\/06_-_regional_nordeste.pdf\" target=\"_blank\" rel=\"noreferrer noopener\">Nordeste<\/a>&nbsp;e&nbsp;<a href=\"http:\/\/www.agenciaminas.mg.gov.br\/ckeditor_assets\/attachments\/8231\/01_-_regional_centro_vr.pdf\" target=\"_blank\" rel=\"noreferrer noopener\">Centro<\/a>&nbsp;apresentaram um quadro controlado da doen\u00e7a ap\u00f3s passar 28 dias na onda amarela<strong>*<\/strong>, o que permitiu o avan\u00e7o para a onda verde, que possibilita a abertura de servi\u00e7os n\u00e3o essenciais com alto risco de cont\u00e1gio. S\u00e3o eles:<br><br>&#8211; Atividades art\u00edsticas, como produ\u00e7\u00e3o teatral, musical e de dan\u00e7a e circo;<br><br>&#8211; Cinemas, bibliotecas, museus, arquivos;<br><br>&#8211; Parques, zool\u00f3gicos e jardins;<br><br>&#8211; Feiras, congressos, exposi\u00e7\u00f5es, filmagens de festas, casas de festas, buf\u00ea;<br><br>&#8211; Parques de divers\u00e3o, discotecas, boliches, sinuca;<br><br>&#8211; Bares com entretenimento (shows e espet\u00e1culos);<br><br>&#8211; Servi\u00e7os de coloca\u00e7\u00e3o de piercings e tatuagens.<br><br><em><strong>*<\/strong>Para avan\u00e7ar para a onda verde, as cidades precisam estar h\u00e1 28 dias consecutivos na onda amarela, sem sofrer retrocessos durante esse per\u00edodo.<\/em><\/p>\n\n\n\n<h2 class=\"wp-block-heading\"><br><strong>Onda Amarela<\/strong><\/h2>\n\n\n\n<figure class=\"wp-block-image size-large\"><img loading=\"lazy\" decoding=\"async\" width=\"678\" height=\"422\" src=\"https:\/\/aconteceunovale.com.br\/portal\/wp-content\/uploads\/2020\/10\/minas_consciente_14outubro_3.jpeg\" alt=\"\" class=\"wp-image-168991\" srcset=\"https:\/\/aconteceunovale.com.br\/portal\/wp-content\/uploads\/2020\/10\/minas_consciente_14outubro_3.jpeg 678w, https:\/\/aconteceunovale.com.br\/portal\/wp-content\/uploads\/2020\/10\/minas_consciente_14outubro_3-300x187.jpeg 300w, https:\/\/aconteceunovale.com.br\/portal\/wp-content\/uploads\/2020\/10\/minas_consciente_14outubro_3-675x420.jpeg 675w\" sizes=\"auto, (max-width: 678px) 100vw, 678px\" \/><\/figure>\n\n\n\n<p>As macrorregi\u00f5es de Sa\u00fade\u00a0<a rel=\"noreferrer noopener\" href=\"http:\/\/www.agenciaminas.mg.gov.br\/ckeditor_assets\/attachments\/8144\/09_-_regional_oeste.pdf\" target=\"_blank\">Oeste<\/a>,\u00a0<a rel=\"noreferrer noopener\" href=\"http:\/\/www.agenciaminas.mg.gov.br\/ckeditor_assets\/attachments\/8146\/11_-_regional_sul.pdf\" target=\"_blank\">Sul<\/a>,\u00a0<a rel=\"noreferrer noopener\" href=\"http:\/\/www.agenciaminas.mg.gov.br\/ckeditor_assets\/attachments\/8140\/05_-_regional_leste_do_sul.pdf\" target=\"_blank\">Leste do Sul<\/a>,\u00a0<a rel=\"noreferrer noopener\" href=\"http:\/\/www.agenciaminas.mg.gov.br\/ckeditor_assets\/attachments\/8149\/14_-_regional_vale_do_aco.pdf\" target=\"_blank\">Vale do A\u00e7o<\/a>,\u00a0<a rel=\"noreferrer noopener\" href=\"http:\/\/www.agenciaminas.mg.gov.br\/ckeditor_assets\/attachments\/8139\/04_-_regional_leste.pdf\" target=\"_blank\">Leste<\/a>\u00a0e\u00a0<a rel=\"noreferrer noopener\" href=\"http:\/\/www.agenciaminas.mg.gov.br\/ckeditor_assets\/attachments\/8142\/07_-_regional_noroeste.pdf\" target=\"_blank\">Noroeste<\/a>\u00a0mantiveram \u00edndices favor\u00e1veis para a abertura de servi\u00e7os n\u00e3o essenciais, contemplados pela onda amarela.<br><br>Nesta fase, s\u00e3o permitidos:<br><br>&#8211; Bares (consumo no local);<br><br>&#8211; Autoescolas e cursos de pilotagem;<br><br>&#8211; Sal\u00f5es de beleza e atividades de est\u00e9tica;<br><br>&#8211; Com\u00e9rcio de eletrodom\u00e9sticos e equipamentos de \u00e1udio e v\u00eddeo;<br><br>&#8211; Papelarias, lojas de livros, discos e revistas;<br><br>&#8211; Lojas de roupas, bijuterias, joias, cal\u00e7ados, e artigos de viagem;<br><br>&#8211; Com\u00e9rcio de itens de cama, mesa e banho;<br><br>&#8211; Lojas de m\u00f3veis e lustres;<br><br>&#8211; Imobili\u00e1rias;<br><br>&#8211; Lojas de departamento e duty free;<br><br>&#8211; Lojas de brinquedos;<br><br>&#8211; Academias (com restri\u00e7\u00f5es);<br><br>&#8211; Ag\u00eancias de viagem;<br><br>&#8211; Clubes.<\/p>\n\n\n\n<p class=\"has-white-color has-vivid-cyan-blue-background-color has-text-color has-background\">Quer saber as not\u00edcias do <strong>Aconteceu no Vale<\/strong> em primeira m\u00e3o? Siga-nos no Facebook <a rel=\"noreferrer noopener\" href=\"http:\/\/facebook.com\/aconteceunovale\" target=\"_blank\">@aconteceunovale<\/a>, Twitter <a rel=\"noreferrer noopener\" href=\"https:\/\/twitter.com\/noticiadosvales\" target=\"_blank\">@noticiadosvales<\/a> e Instagram <a rel=\"noreferrer noopener\" href=\"https:\/\/www.instagram.com\/aconteceunovale\" target=\"_blank\">@aconteceunovale<\/a>.<\/p>\n","protected":false},"excerpt":{"rendered":"<p>Pela primeira vez desde o lan\u00e7amento do plano&nbsp;Minas Consciente, metade das macrorregi\u00f5es de Sa\u00fade de Minas Gerais &#8211; o que representa 8 das 14 macros &#8211; est\u00e1 inserida na onda verde, a mais avan\u00e7ada do plano. A defini\u00e7\u00e3o foi deliberada em reuni\u00e3o do Comit\u00ea Extraordin\u00e1rio Covid-19, nesta quarta-feira (14\/10), ap\u00f3s an\u00e1lise dos bons \u00edndices epidemiol\u00f3gicos [&hellip;]<\/p>\n","protected":false},"author":4,"featured_media":168990,"comment_status":"open","ping_status":"closed","sticky":false,"template":"","format":"standard","meta":{"amp_status":"","footnotes":""},"categories":[123],"tags":[226899,227899,227901,752,226639,217799,219851,219853,225459,214884,216498,221718,1018,226771,226773,225458,226298,228272,226455,219855,226300,226452,226453,226451,226299,226772,215653,226301,226535,221717,219854,219852,217692,222637,227897,227898,227900,221719,226454,220285,220287,220286],"class_list":["post-168988","post","type-post","status-publish","format-standard","has-post-thumbnail","hentry","category-gerais","tag-362-cidades-de-pequeno-porte-passarao-automaticamente-para-a-onda-amarela-do-minas-consciente","tag-abertura-das-academias-de-ginastica","tag-abertura-das-agencias-de-turismo","tag-almg","tag-atividades-economicas-terao-protocolo-unico-na-nova-fase-do-plano-minas-consciente","tag-casos-de-coronavirus-em-minas-gerais","tag-casos-de-covid-19-em-minas-gerais","tag-cidades-com-casos-de-coronavirus-em-minas-gerais","tag-consulta-publica-minas-consciente","tag-coronavirus","tag-covid-19","tag-curados-do-coronavirus-em-minas-gerais","tag-destaque","tag-entenda-a-divisao-por-ondas-nas-novas-regras-do-plano-minas-consciente","tag-entenda-as-ondas-do-minas-consciente","tag-governo-lanca-consulta-publica-sobre-o-plano-minas-consciente","tag-governo-lanca-novas-regras-para-o-plano-minas-consciente","tag-mais-quatro-regioes-poderao-avancar-para-a-onda-amarela-do-plano-minas-consciente","tag-microrregioes-minas-consciente","tag-mortes-por-coronavirus-em-minas-gerais","tag-mudancas-no-minas-consciente","tag-municipios-pequenos","tag-municipios-pequenos-minas-consciente","tag-municipios-receberao-tratamento-individualizado-na-nova-fase-do-minas-consciente","tag-novas-regras-do-minas-consciente","tag-novas-regras-do-plano-minas-consciente","tag-novo-coronavirus","tag-novo-minas-consciente","tag-novos-indicadores-do-plano-minas-consciente-vao-simplificar-tomada-de-decisao-de-prefeitos","tag-numero-de-curados-do-coronavirus-em-minas-gerais","tag-numeros-do-coronavirus-em-minas-gerais","tag-obitos-por-coronavirus-em-minas-gerias","tag-pandemia-de-coronavirus","tag-plano-minas-consciente","tag-plano-minas-consciente-tera-protocolo-para-academias-de-ginastica-e-agencias-de-turismo-na-onda-amarela","tag-reabertura-das-academias-de-ginastica","tag-reabertura-das-agencia-de-turismo","tag-recuperados-do-coronavirus-em-minas-gerais","tag-regioes-minas-consciente","tag-secretaria-de-saude-atualiza-numeros-do-coronavirus-em-minas-gerais","tag-secretaria-de-saude-de-minas-gerais-atualiza-numeros-do-coronavirus","tag-ses-mg-atualiza-numeros-do-coronavirus"],"_links":{"self":[{"href":"https:\/\/aconteceunovale.com.br\/portal\/index.php?rest_route=\/wp\/v2\/posts\/168988","targetHints":{"allow":["GET"]}}],"collection":[{"href":"https:\/\/aconteceunovale.com.br\/portal\/index.php?rest_route=\/wp\/v2\/posts"}],"about":[{"href":"https:\/\/aconteceunovale.com.br\/portal\/index.php?rest_route=\/wp\/v2\/types\/post"}],"author":[{"embeddable":true,"href":"https:\/\/aconteceunovale.com.br\/portal\/index.php?rest_route=\/wp\/v2\/users\/4"}],"replies":[{"embeddable":true,"href":"https:\/\/aconteceunovale.com.br\/portal\/index.php?rest_route=%2Fwp%2Fv2%2Fcomments&post=168988"}],"version-history":[{"count":1,"href":"https:\/\/aconteceunovale.com.br\/portal\/index.php?rest_route=\/wp\/v2\/posts\/168988\/revisions"}],"predecessor-version":[{"id":168992,"href":"https:\/\/aconteceunovale.com.br\/portal\/index.php?rest_route=\/wp\/v2\/posts\/168988\/revisions\/168992"}],"wp:featuredmedia":[{"embeddable":true,"href":"https:\/\/aconteceunovale.com.br\/portal\/index.php?rest_route=\/wp\/v2\/media\/168990"}],"wp:attachment":[{"href":"https:\/\/aconteceunovale.com.br\/portal\/index.php?rest_route=%2Fwp%2Fv2%2Fmedia&parent=168988"}],"wp:term":[{"taxonomy":"category","embeddable":true,"href":"https:\/\/aconteceunovale.com.br\/portal\/index.php?rest_route=%2Fwp%2Fv2%2Fcategories&post=168988"},{"taxonomy":"post_tag","embeddable":true,"href":"https:\/\/aconteceunovale.com.br\/portal\/index.php?rest_route=%2Fwp%2Fv2%2Ftags&post=168988"}],"curies":[{"name":"wp","href":"https:\/\/api.w.org\/{rel}","templated":true}]}}