{"id":168984,"date":"2020-10-14T17:16:55","date_gmt":"2020-10-14T20:16:55","guid":{"rendered":"https:\/\/aconteceunovale.com.br\/portal\/?p=168984"},"modified":"2020-10-14T17:17:08","modified_gmt":"2020-10-14T20:17:08","slug":"valor-bruto-da-producao-agropecuaria-de-minas-gerais-deve-alcancar-r-87-bilhoes","status":"publish","type":"post","link":"https:\/\/aconteceunovale.com.br\/portal\/?p=168984","title":{"rendered":"Valor Bruto da Produ\u00e7\u00e3o agropecu\u00e1ria de Minas Gerais deve alcan\u00e7ar R$ 87 bilh\u00f5es"},"content":{"rendered":"\n<p>O Valor Bruto da Produ\u00e7\u00e3o (VBP) agropecu\u00e1ria mineira deve alcan\u00e7ar, em 2020, R$ 87 bilh\u00f5es, registrando crescimento de 21,9% em rela\u00e7\u00e3o ao ano anterior. O indicador representa uma estimativa da gera\u00e7\u00e3o de renda no meio rural e seu c\u00e1lculo \u00e9 feito pelo Minist\u00e9rio da Agricultura, Pecu\u00e1ria e Abastecimento (Mapa), a partir de dados do IBGE, da Companhia Nacional de Abastecimento (Conab) e do Centro de Estudos Avan\u00e7ados em Economia Aplicada (Cepea\/USP).<\/p>\n\n\n\n<p>Mais da metade do faturamento mineiro (63,7%) veio da agricultura. O segmento deve alcan\u00e7ar R$ 55,4 bilh\u00f5es, com crescimento de 23,5% frente a 2019. Neste contexto, os principais impulsos v\u00eam do caf\u00e9 (53,3%), da soja (46,5%), do milho (27,6%), do feij\u00e3o (14,5%), da laranja (1%), do trigo (55%), da mandioca (10,4%) e do amendoim (69,1%).<\/p>\n\n\n\n<figure class=\"wp-block-gallery columns-1 is-cropped wp-block-gallery-1 is-layout-flex wp-block-gallery-is-layout-flex\"><ul class=\"blocks-gallery-grid\"><li class=\"blocks-gallery-item\"><figure><img loading=\"lazy\" decoding=\"async\" width=\"674\" height=\"450\" src=\"https:\/\/aconteceunovale.com.br\/portal\/wp-content\/uploads\/2020\/10\/graos_mg-2.jpg\" alt=\"\" data-id=\"168986\" data-full-url=\"https:\/\/aconteceunovale.com.br\/portal\/wp-content\/uploads\/2020\/10\/graos_mg-2.jpg\" data-link=\"https:\/\/aconteceunovale.com.br\/portal\/?attachment_id=168986\" class=\"wp-image-168986\" srcset=\"https:\/\/aconteceunovale.com.br\/portal\/wp-content\/uploads\/2020\/10\/graos_mg-2.jpg 674w, https:\/\/aconteceunovale.com.br\/portal\/wp-content\/uploads\/2020\/10\/graos_mg-2-300x200.jpg 300w, https:\/\/aconteceunovale.com.br\/portal\/wp-content\/uploads\/2020\/10\/graos_mg-2-629x420.jpg 629w\" sizes=\"auto, (max-width: 674px) 100vw, 674px\" \/><figcaption class=\"blocks-gallery-item__caption\"><em>Foto: Divulga\u00e7\u00e3o \/ Seapa<\/em><\/figcaption><\/figure><\/li><\/ul><\/figure>\n\n\n\n<h2 class=\"wp-block-heading\"><strong>Caf\u00e9<\/strong><\/h2>\n\n\n\n<p>O caf\u00e9 representa, sozinho, cerca de 35% do faturamento agr\u00edcola do VBP neste ano, com uma receita que deve alcan\u00e7ar R$ 19,3 bilh\u00f5es. Levantamentos do IBGE de setembro apontam que a safra de caf\u00e9 ar\u00e1bica, no estado, deve crescer 32,6%, alcan\u00e7ando 32,8 milh\u00f5es de sacas em 2020.<\/p>\n\n\n\n<p>O pre\u00e7o do caf\u00e9 no mercado interno tamb\u00e9m registrou altas, segundo o indicador do caf\u00e9 ar\u00e1bica Cepea\/Esalq. No m\u00eas de setembro, a m\u00e9dia mensal de pre\u00e7os da saca de caf\u00e9 ar\u00e1bica foi de R$ 564,62, com crescimento de 31% em rela\u00e7\u00e3o a setembro de 2019.<\/p>\n\n\n\n<p>Na avalia\u00e7\u00e3o do superintendente de Inova\u00e7\u00e3o e Economia Agropecu\u00e1ria da&nbsp;<a href=\"http:\/\/www.agricultura.mg.gov.br\/\" target=\"_blank\" rel=\"noreferrer noopener\">Secretaria de Estado de Agricultura, Pecu\u00e1ria e Abastecimento (Seapa)<\/a>, Carlos Eduardo Oliveira Bovo, os bons resultados na produ\u00e7\u00e3o de gr\u00e3os e de produtos,&nbsp;como a mandioca e a laranja, al\u00e9m dos pre\u00e7os praticados no mercado, tamb\u00e9m favoreceram o desempenho positivo do VBP.<\/p>\n\n\n\n<h2 class=\"wp-block-heading\"><strong>Pecu\u00e1ria<\/strong><\/h2>\n\n\n\n<p>A previs\u00e3o de crescimento para a pecu\u00e1ria \u00e9 de 19,2%, com receita estimada em R$ 31,6 bilh\u00f5es. Os destaques foram para bovinos (+21,6%), ovos (+9,2%) e leite (+4,3%). Segundo o superintendente Carlos Bovo, o mercado externo contribuiu para o bom desempenho da carne bovina.<\/p>\n\n\n\n<p>\u201cO aquecimento do mercado externo, combinado com a baixa disponibilidade de animais para abate, fez com que os pre\u00e7os no mercado interno atingissem patamares recordes. O pre\u00e7o m\u00e9dio da arroba do boi, em setembro, chegou a R$ 248,50. Esse valor \u00e9 57% superior a setembro do ano passado\u201d, analisa.<\/p>\n\n\n\n<p>O pre\u00e7o do leite tamb\u00e9m registrou altas devido \u00e0 oferta limitada do produto no mercado, o que tamb\u00e9m contribui para o incremento do VBP da pecu\u00e1ria no estado.<\/p>\n\n\n\n<p class=\"has-white-color has-vivid-cyan-blue-background-color has-text-color has-background\">Quer saber as not\u00edcias do <strong>Aconteceu no Vale<\/strong> em primeira m\u00e3o? Siga-nos no Facebook <a rel=\"noreferrer noopener\" href=\"http:\/\/facebook.com\/aconteceunovale\" target=\"_blank\">@aconteceunovale<\/a>, Twitter <a rel=\"noreferrer noopener\" href=\"https:\/\/twitter.com\/noticiadosvales\" target=\"_blank\">@noticiadosvales<\/a> e Instagram <a rel=\"noreferrer noopener\" href=\"https:\/\/www.instagram.com\/aconteceunovale\" target=\"_blank\">@aconteceunovale<\/a>.<\/p>\n","protected":false},"excerpt":{"rendered":"<p>O Valor Bruto da Produ\u00e7\u00e3o (VBP) agropecu\u00e1ria mineira deve alcan\u00e7ar, em 2020, R$ 87 bilh\u00f5es, registrando crescimento de 21,9% em rela\u00e7\u00e3o ao ano anterior. O indicador representa uma estimativa da gera\u00e7\u00e3o de renda no meio rural e seu c\u00e1lculo \u00e9 feito pelo Minist\u00e9rio da Agricultura, Pecu\u00e1ria e Abastecimento (Mapa), a partir de dados do IBGE, [&hellip;]<\/p>\n","protected":false},"author":4,"featured_media":168985,"comment_status":"open","ping_status":"closed","sticky":false,"template":"","format":"standard","meta":{"amp_status":"","footnotes":""},"categories":[123],"tags":[166128,229615,200093,227615,29827,1018,229612,1062,229613,229614,229611,220213,229610,226424,46670,229609],"class_list":["post-168984","post","type-post","status-publish","format-standard","has-post-thumbnail","hentry","category-gerais","tag-agropecuaria-de-minas-gerais","tag-amendoim-minas-gerais","tag-cafe-minas-gerais","tag-cepea","tag-conab","tag-destaque","tag-feijao-minas-gerais","tag-ibge","tag-laranja-minas-gerais","tag-mandioca-minas-gerais","tag-milho-minas-gerais","tag-producao-agropecuaria-em-minas-gerais","tag-soja-minas-gerais","tag-trigo-minas-gerais","tag-usp","tag-valor-bruto-da-producao-agropecuaria-de-minas-gerais-deve-alcancar-r-87-bilhoes"],"_links":{"self":[{"href":"https:\/\/aconteceunovale.com.br\/portal\/index.php?rest_route=\/wp\/v2\/posts\/168984","targetHints":{"allow":["GET"]}}],"collection":[{"href":"https:\/\/aconteceunovale.com.br\/portal\/index.php?rest_route=\/wp\/v2\/posts"}],"about":[{"href":"https:\/\/aconteceunovale.com.br\/portal\/index.php?rest_route=\/wp\/v2\/types\/post"}],"author":[{"embeddable":true,"href":"https:\/\/aconteceunovale.com.br\/portal\/index.php?rest_route=\/wp\/v2\/users\/4"}],"replies":[{"embeddable":true,"href":"https:\/\/aconteceunovale.com.br\/portal\/index.php?rest_route=%2Fwp%2Fv2%2Fcomments&post=168984"}],"version-history":[{"count":1,"href":"https:\/\/aconteceunovale.com.br\/portal\/index.php?rest_route=\/wp\/v2\/posts\/168984\/revisions"}],"predecessor-version":[{"id":168987,"href":"https:\/\/aconteceunovale.com.br\/portal\/index.php?rest_route=\/wp\/v2\/posts\/168984\/revisions\/168987"}],"wp:featuredmedia":[{"embeddable":true,"href":"https:\/\/aconteceunovale.com.br\/portal\/index.php?rest_route=\/wp\/v2\/media\/168985"}],"wp:attachment":[{"href":"https:\/\/aconteceunovale.com.br\/portal\/index.php?rest_route=%2Fwp%2Fv2%2Fmedia&parent=168984"}],"wp:term":[{"taxonomy":"category","embeddable":true,"href":"https:\/\/aconteceunovale.com.br\/portal\/index.php?rest_route=%2Fwp%2Fv2%2Fcategories&post=168984"},{"taxonomy":"post_tag","embeddable":true,"href":"https:\/\/aconteceunovale.com.br\/portal\/index.php?rest_route=%2Fwp%2Fv2%2Ftags&post=168984"}],"curies":[{"name":"wp","href":"https:\/\/api.w.org\/{rel}","templated":true}]}}