{"id":168981,"date":"2020-10-14T08:21:21","date_gmt":"2020-10-14T11:21:21","guid":{"rendered":"https:\/\/aconteceunovale.com.br\/portal\/?p=168981"},"modified":"2020-10-14T08:23:28","modified_gmt":"2020-10-14T11:23:28","slug":"lider-atletico-mg-enfrenta-fluminense-no-mineirao","status":"publish","type":"post","link":"https:\/\/aconteceunovale.com.br\/portal\/?p=168981","title":{"rendered":"L\u00edder Atl\u00e9tico-MG enfrenta Fluminense no Mineir\u00e3o"},"content":{"rendered":"\n<p>O l\u00edder Atl\u00e9tico-MG recebe o Fluminense no est\u00e1dio do Mineir\u00e3o nesta quarta (14), a partir das 21h30 (hor\u00e1rio de Bras\u00edlia), em jogo v\u00e1lido pela 16\u00aa rodada do Campeonato Brasileiro. Nesta partida, uma vit\u00f3ria \u00e9 muito importante para a equipe mineira, em especial ap\u00f3s a vit\u00f3ria do Flamengo na \u00faltima quarta (por 2 a 1 sobre o Goi\u00e1s) que levou a equipe Rubro-Negra aos mesmos 30 pontos do Galo.<\/p>\n\n\n\n<p>Por\u00e9m, a equipe comandada pelo t\u00e9cnico argentino Jorge Sampaoli n\u00e3o deve ter vida f\u00e1cil nesta partida, pois ter\u00e1 pela frente um advers\u00e1rio que est\u00e1 a quatro jogos sem derrotas, e que vem ganhando posi\u00e7\u00f5es nas \u00faltimas rodadas da competi\u00e7\u00e3o.<\/p>\n\n\n\n<figure class=\"wp-block-gallery columns-1 is-cropped wp-block-gallery-1 is-layout-flex wp-block-gallery-is-layout-flex\"><ul class=\"blocks-gallery-grid\"><li class=\"blocks-gallery-item\"><figure><img loading=\"lazy\" decoding=\"async\" width=\"678\" height=\"450\" src=\"https:\/\/aconteceunovale.com.br\/portal\/wp-content\/uploads\/2020\/10\/treinamento_galo.jpg\" alt=\"\" data-id=\"168982\" data-full-url=\"https:\/\/aconteceunovale.com.br\/portal\/wp-content\/uploads\/2020\/10\/treinamento_galo.jpg\" data-link=\"https:\/\/aconteceunovale.com.br\/portal\/?attachment_id=168982\" class=\"wp-image-168982\" srcset=\"https:\/\/aconteceunovale.com.br\/portal\/wp-content\/uploads\/2020\/10\/treinamento_galo.jpg 678w, https:\/\/aconteceunovale.com.br\/portal\/wp-content\/uploads\/2020\/10\/treinamento_galo-300x199.jpg 300w, https:\/\/aconteceunovale.com.br\/portal\/wp-content\/uploads\/2020\/10\/treinamento_galo-633x420.jpg 633w\" sizes=\"auto, (max-width: 678px) 100vw, 678px\" \/><figcaption class=\"blocks-gallery-item__caption\"><em>Treino desta ter\u00e7a-feira (Foto: Divulga\u00e7\u00e3o \/ Atl\u00e9tico-MG \/ Twitter)<\/em><\/figcaption><\/figure><\/li><\/ul><\/figure>\n\n\n\n<h2 class=\"wp-block-heading\">Mudan\u00e7as no tricolor<\/h2>\n\n\n\n<p>Mas, no Fluminense, diante de um advers\u00e1rio que tem a intensidade como uma de suas principais caracter\u00edsticas, surge a d\u00favida se o t\u00e9cnico Odair Hellmann optar\u00e1 pela presen\u00e7a dos veteranos Nen\u00ea e Fred na equipe. Os dois v\u00eam marcando gols importantes, mas, diante de um advers\u00e1rio que privilegia tanto a velocidade, podem ser sacados da equipe titular para a entrada de jogadores com maior vigor f\u00edsico.<\/p>\n\n\n\n<p>Com certeza acontecer\u00e1 uma mudan\u00e7a na lateral esquerda, onde Danilo Barcelos ser\u00e1 desfalque ap\u00f3s receber o terceiro cart\u00e3o amarelo no \u00faltimo domingo, em confronto contra o Bahia. A tend\u00eancia \u00e9 que Eg\u00eddio ocupe a posi\u00e7\u00e3o.<\/p>\n\n\n\n<p>A not\u00edcia positiva \u00e9 que n\u00e3o h\u00e1 mais jogadores afastados por contamina\u00e7\u00e3o pelo novo coronav\u00edrus. O tricolor teve um surto de covid-19 que fez dez atletas testarem positivo de uma s\u00f3 vez.<\/p>\n\n\n\n<h2 class=\"wp-block-heading\">Desfalques de selecion\u00e1veis<\/h2>\n\n\n\n<p>J\u00e1 o Atl\u00e9tico-MG chega embalado ao confronto. E o objetivo \u00e9 conquistar mais tr\u00eas pontos que permitam que a equipe mantenha com conforto a lideran\u00e7a da competi\u00e7\u00e3o.<\/p>\n\n\n\n<p>Por\u00e9m, o t\u00e9cnico argentino Jorge Sampaoli ter\u00e1 um desafio a mais neste jogo, montar a equipe sem tr\u00eas jogadores que est\u00e3o a servi\u00e7o de suas respectivas sele\u00e7\u00f5es nas Eliminat\u00f3rias Sul-Americanas para a Copa do Mundo de 2022 (Catar).<\/p>\n\n\n\n<p>O zagueiro paraguaio Junior Alonso ser\u00e1 o primeiro a retornar ao Galo, mas apenas na noite de quarta, sem tempo h\u00e1bil para enfrentar o Fluminense. Um dia depois quem retorna \u00e9 o meio-campista equatoriano Alan Franco. Na sexta quem volta \u00e9 o atacante venezuelano Jefferson Savarino.<\/p>\n\n\n\n<p>Mas, mesmo com estes desfalques, a expectativa \u00e9 de que o Galo fa\u00e7a um bom jogo e consiga sair com a vit\u00f3ria.<\/p>\n\n\n\n<p class=\"has-white-color has-vivid-cyan-blue-background-color has-text-color has-background\">Quer saber as not\u00edcias do <strong>Aconteceu no Vale<\/strong> em primeira m\u00e3o? Siga-nos no Facebook <a rel=\"noreferrer noopener\" href=\"http:\/\/facebook.com\/aconteceunovale\" target=\"_blank\">@aconteceunovale<\/a>, Twitter <a rel=\"noreferrer noopener\" href=\"https:\/\/twitter.com\/noticiadosvales\" target=\"_blank\">@noticiadosvales<\/a> e Instagram <a rel=\"noreferrer noopener\" href=\"https:\/\/www.instagram.com\/aconteceunovale\" target=\"_blank\">@aconteceunovale<\/a>.<\/p>\n","protected":false},"excerpt":{"rendered":"<p>O l\u00edder Atl\u00e9tico-MG recebe o Fluminense no est\u00e1dio do Mineir\u00e3o nesta quarta (14), a partir das 21h30 (hor\u00e1rio de Bras\u00edlia), em jogo v\u00e1lido pela 16\u00aa rodada do Campeonato Brasileiro. Nesta partida, uma vit\u00f3ria \u00e9 muito importante para a equipe mineira, em especial ap\u00f3s a vit\u00f3ria do Flamengo na \u00faltima quarta (por 2 a 1 sobre [&hellip;]<\/p>\n","protected":false},"author":4,"featured_media":168982,"comment_status":"open","ping_status":"closed","sticky":false,"template":"","format":"standard","meta":{"amp_status":"","footnotes":""},"categories":[6,59,123],"tags":[2741,40575,229608,13044,13043,1018,15603,12312,229607,16500,25960],"class_list":["post-168981","post","type-post","status-publish","format-standard","has-post-thumbnail","hentry","category-br","category-sports","category-gerais","tag-atletico-mineiro","tag-atletico-mg","tag-atletico-mg-x-fluminense","tag-brasileirao","tag-campeonato-brasileiro","tag-destaque","tag-fluminense","tag-galo","tag-lider-atletico-mg-enfrenta-fluminense-no-mineirao","tag-mineirao","tag-serie-a"],"_links":{"self":[{"href":"https:\/\/aconteceunovale.com.br\/portal\/index.php?rest_route=\/wp\/v2\/posts\/168981","targetHints":{"allow":["GET"]}}],"collection":[{"href":"https:\/\/aconteceunovale.com.br\/portal\/index.php?rest_route=\/wp\/v2\/posts"}],"about":[{"href":"https:\/\/aconteceunovale.com.br\/portal\/index.php?rest_route=\/wp\/v2\/types\/post"}],"author":[{"embeddable":true,"href":"https:\/\/aconteceunovale.com.br\/portal\/index.php?rest_route=\/wp\/v2\/users\/4"}],"replies":[{"embeddable":true,"href":"https:\/\/aconteceunovale.com.br\/portal\/index.php?rest_route=%2Fwp%2Fv2%2Fcomments&post=168981"}],"version-history":[{"count":1,"href":"https:\/\/aconteceunovale.com.br\/portal\/index.php?rest_route=\/wp\/v2\/posts\/168981\/revisions"}],"predecessor-version":[{"id":168983,"href":"https:\/\/aconteceunovale.com.br\/portal\/index.php?rest_route=\/wp\/v2\/posts\/168981\/revisions\/168983"}],"wp:featuredmedia":[{"embeddable":true,"href":"https:\/\/aconteceunovale.com.br\/portal\/index.php?rest_route=\/wp\/v2\/media\/168982"}],"wp:attachment":[{"href":"https:\/\/aconteceunovale.com.br\/portal\/index.php?rest_route=%2Fwp%2Fv2%2Fmedia&parent=168981"}],"wp:term":[{"taxonomy":"category","embeddable":true,"href":"https:\/\/aconteceunovale.com.br\/portal\/index.php?rest_route=%2Fwp%2Fv2%2Fcategories&post=168981"},{"taxonomy":"post_tag","embeddable":true,"href":"https:\/\/aconteceunovale.com.br\/portal\/index.php?rest_route=%2Fwp%2Fv2%2Ftags&post=168981"}],"curies":[{"name":"wp","href":"https:\/\/api.w.org\/{rel}","templated":true}]}}