{"id":168976,"date":"2020-10-13T23:39:57","date_gmt":"2020-10-14T02:39:57","guid":{"rendered":"https:\/\/aconteceunovale.com.br\/portal\/?p=168976"},"modified":"2020-10-13T23:40:14","modified_gmt":"2020-10-14T02:40:14","slug":"decisao-judicial-proibe-atos-de-campanha-eleitoral-que-promovam-aglomeracao-de-pessoas-em-joaima-no-vale-do-jequitinhonha","status":"publish","type":"post","link":"https:\/\/aconteceunovale.com.br\/portal\/?p=168976","title":{"rendered":"Decis\u00e3o judicial pro\u00edbe atos de campanha eleitoral que promovam aglomera\u00e7\u00e3o de pessoas em Joa\u00edma, no Vale do Jequitinhonha"},"content":{"rendered":"\n<p>A pedido do Minist\u00e9rio P\u00fablico de Minas Gerais (MPMG), a Justi\u00e7a deferiu liminar proibindo a realiza\u00e7\u00e3o de com\u00edcios, passeatas e outros atos de campanha eleitoral que possam gerar a aglomera\u00e7\u00e3o de mais de 30 pessoas no munic\u00edpio de Joa\u00edma, no Vale do Jequitinhonha. Em caso de descumprimento, os candidatos poder\u00e3o responder por crime contra a sa\u00fade p\u00fablica, crime de desobedi\u00eancia, abuso de poder pol\u00edtico e econ\u00f4mico, com a consequente cassa\u00e7\u00e3o do registro de candidatura.<br><br>O promotor de Justi\u00e7a de Jequitinhonha, comarca a qual pertence Joa\u00edma, Fl\u00e1vio Barreto Feres entrou com uma representa\u00e7\u00e3o contra as duas coliga\u00e7\u00f5es que disputam as elei\u00e7\u00f5es municipais, ap\u00f3s tomar conhecimento de que, no dia 3 de outubro, foi realizado ato de campanha eleitoral sem observa\u00e7\u00e3o de medidas sanit\u00e1rias impostas pela pandemia de Covid-19, e que outros eventos com aglomera\u00e7\u00e3o de pessoas estavam sendo organizados na cidade.<br><br>Na decis\u00e3o, o juiz Luiz Ricardo Alves Tavares afirmou que \u201c\u00e9 exatamente para garantir o direito constitucional \u00e0 sa\u00fade e \u00e0 vida digna que se faz necess\u00e1ria a utiliza\u00e7\u00e3o do poder de pol\u00edcia garantido \u00e0 Justi\u00e7a Eleitoral, para o fim de compatibilizar o direito \u00e0 propaganda eleitoral (consect\u00e1rio da democracia) com as normas sanit\u00e1rias emanadas das autoridades competentes\u201d.<\/p>\n\n\n\n<p class=\"has-white-color has-vivid-cyan-blue-background-color has-text-color has-background\">Quer saber as not\u00edcias do <strong>Aconteceu no Vale<\/strong> em primeira m\u00e3o? Siga-nos no Facebook <a rel=\"noreferrer noopener\" href=\"http:\/\/facebook.com\/aconteceunovale\" target=\"_blank\">@aconteceunovale<\/a>, Twitter <a rel=\"noreferrer noopener\" href=\"https:\/\/twitter.com\/noticiadosvales\" target=\"_blank\">@noticiadosvales<\/a> e Instagram <a rel=\"noreferrer noopener\" href=\"https:\/\/www.instagram.com\/aconteceunovale\" target=\"_blank\">@aconteceunovale<\/a>.<\/p>\n","protected":false},"excerpt":{"rendered":"<p>A pedido do Minist\u00e9rio P\u00fablico de Minas Gerais (MPMG), a Justi\u00e7a deferiu liminar proibindo a realiza\u00e7\u00e3o de com\u00edcios, passeatas e outros atos de campanha eleitoral que possam gerar a aglomera\u00e7\u00e3o de mais de 30 pessoas no munic\u00edpio de Joa\u00edma, no Vale do Jequitinhonha. Em caso de descumprimento, os candidatos poder\u00e3o responder por crime contra a [&hellip;]<\/p>\n","protected":false},"author":4,"featured_media":168977,"comment_status":"open","ping_status":"closed","sticky":false,"template":"","format":"standard","meta":{"amp_status":"","footnotes":""},"categories":[215642,40240,120],"tags":[229596,1018,229599,611,229600,19675,229597,229598],"class_list":["post-168976","post","type-post","status-publish","format-standard","has-post-thumbnail","hentry","category-eleicoes-2020","category-politica-2","category-jequi","tag-decisao-judicial-proibe-atos-de-campanha-eleitoral-que-promovam-aglomeracao-de-pessoas-em-joaima","tag-destaque","tag-flavio-barreto-flores","tag-joaima","tag-luiz-ricardo-alves-tavares","tag-mpmg","tag-proibicao-de-comicios-em-joaima","tag-proibicao-de-passeatas-em-joaima"],"_links":{"self":[{"href":"https:\/\/aconteceunovale.com.br\/portal\/index.php?rest_route=\/wp\/v2\/posts\/168976","targetHints":{"allow":["GET"]}}],"collection":[{"href":"https:\/\/aconteceunovale.com.br\/portal\/index.php?rest_route=\/wp\/v2\/posts"}],"about":[{"href":"https:\/\/aconteceunovale.com.br\/portal\/index.php?rest_route=\/wp\/v2\/types\/post"}],"author":[{"embeddable":true,"href":"https:\/\/aconteceunovale.com.br\/portal\/index.php?rest_route=\/wp\/v2\/users\/4"}],"replies":[{"embeddable":true,"href":"https:\/\/aconteceunovale.com.br\/portal\/index.php?rest_route=%2Fwp%2Fv2%2Fcomments&post=168976"}],"version-history":[{"count":1,"href":"https:\/\/aconteceunovale.com.br\/portal\/index.php?rest_route=\/wp\/v2\/posts\/168976\/revisions"}],"predecessor-version":[{"id":168978,"href":"https:\/\/aconteceunovale.com.br\/portal\/index.php?rest_route=\/wp\/v2\/posts\/168976\/revisions\/168978"}],"wp:featuredmedia":[{"embeddable":true,"href":"https:\/\/aconteceunovale.com.br\/portal\/index.php?rest_route=\/wp\/v2\/media\/168977"}],"wp:attachment":[{"href":"https:\/\/aconteceunovale.com.br\/portal\/index.php?rest_route=%2Fwp%2Fv2%2Fmedia&parent=168976"}],"wp:term":[{"taxonomy":"category","embeddable":true,"href":"https:\/\/aconteceunovale.com.br\/portal\/index.php?rest_route=%2Fwp%2Fv2%2Fcategories&post=168976"},{"taxonomy":"post_tag","embeddable":true,"href":"https:\/\/aconteceunovale.com.br\/portal\/index.php?rest_route=%2Fwp%2Fv2%2Ftags&post=168976"}],"curies":[{"name":"wp","href":"https:\/\/api.w.org\/{rel}","templated":true}]}}