{"id":168974,"date":"2020-10-13T23:32:21","date_gmt":"2020-10-14T02:32:21","guid":{"rendered":"https:\/\/aconteceunovale.com.br\/portal\/?p=168974"},"modified":"2020-10-13T23:32:37","modified_gmt":"2020-10-14T02:32:37","slug":"shopping-deve-indenizar-por-assalto-em-montes-claros","status":"publish","type":"post","link":"https:\/\/aconteceunovale.com.br\/portal\/?p=168974","title":{"rendered":"Shopping deve indenizar por assalto em Montes Claros"},"content":{"rendered":"\n<p>O Condom\u00ednio de Administra\u00e7\u00e3o do Montes Claros Shopping Center e a Cencosud Brasil Comercial Ltda., mais conhecida como Supermercado Bretas, dever\u00e3o pagar, cada uma,&nbsp;R$ 5&nbsp;mil a uma comerci\u00e1ria que foi assaltada no estacionamento do local, al\u00e9m de ressarcir despesas de R$ 750 com advogados.<\/p>\n\n\n\n<p>A 14\u00aa C\u00e2mara C\u00edvel do Tribunal de Justi\u00e7a de Minas Gerais (TJMG) modificou senten\u00e7a da 1\u00aa Vara C\u00edvel da comarca de Montes Claros para conceder \u00e0 v\u00edtima indeniza\u00e7\u00e3o por danos morais de R$ 10 mil, com juros e corre\u00e7\u00e3o monet\u00e1ria, e honor\u00e1rios de 15% para a defesa. O processo transitou em julgado.<\/p>\n\n\n\n<p>Contudo,\u00a0as partes\u00a0fizeram um acordo e solicitaram a homologa\u00e7\u00e3o\u00a0pelo Poder Judici\u00e1rio. Em 9 de outubro, a ju\u00edza Cibele Maria Lopes Macedo, da\u00a01\u00aa Vara C\u00edvel da Comarca de Montes Claros, deferiu o pedido. <a href=\"https:\/\/pje.tjmg.jus.br\/pje\/ConsultaPublica\/listView.seam\" target=\"_blank\" rel=\"noreferrer noopener\">Acesse a senten\u00e7a pelo n\u00famero\u00a050107284720178130433<\/a>.<\/p>\n\n\n\n<h2 class=\"wp-block-heading\"><strong>P\u00e2nico<\/strong><\/h2>\n\n\n\n<p>A mulher, que tinha 21 anos \u00e0 \u00e9poca dos fatos, em agosto de 2017, teve seu celular levado por um homem munido de uma faca do tipo peixeira. A jovem alegou que fazia tratamento contra a ansiedade e que seu estado de sa\u00fade piorou com o incidente, pois ela passou a ter crises de p\u00e2nico, cada vez que precisava sair sozinha ou se aproximar das pessoas.<\/p>\n\n\n\n<p>De acordo com a comerci\u00e1ria, o epis\u00f3dio tamb\u00e9m causou falta de apetite e ins\u00f4nia, queda de rendimento no trabalho e receio do contato com clientes.<\/p>\n\n\n\n<p>O condom\u00ednio do Montes Claros Shopping Center argumentou que n\u00e3o poderia responder pelo ocorrido, que foi provocado por terceiros e se relaciona com a falta de seguran\u00e7a p\u00fablica, e que a jovem n\u00e3o comprovou os danos morais.<\/p>\n\n\n\n<p>J\u00e1 o Supermercado Bretas alegou que o ocorrido se deu na escadaria de acesso ao estacionamento, portanto em \u00e1rea de uso comum de v\u00e1rias lojas e&nbsp;de compet\u00eancia do shopping, e acrescentou que a v\u00edtima n\u00e3o comprovou suas afirma\u00e7\u00f5es.&nbsp;<\/p>\n\n\n\n<h2 class=\"wp-block-heading\"><strong>Ac\u00f3rd\u00e3o<\/strong><\/h2>\n\n\n\n<p>O relator do recurso da consumidora, desembargador Valdez Leite Machado, afirmou que o roubo era um fato indiscut\u00edvel, bem como a responsabilidade das empresas, na condi\u00e7\u00e3o de fornecedoras. Quanto aos danos morais, ele considerou que a jovem enfrentou diversos contratempos decorrentes do assalto.<\/p>\n\n\n\n<p>Para o magistrado, a situa\u00e7\u00e3o ultrapassou os limites do mero dissabor cotidiano, sendo desnecess\u00e1ria a demonstra\u00e7\u00e3o da exist\u00eancia do dano extrapatrimonial. Em rela\u00e7\u00e3o ao valor fixado, ele ponderou que a indeniza\u00e7\u00e3o deve ser equilibrada para, simultaneamente, punir o agente e compensar a v\u00edtima pela humilha\u00e7\u00e3o sofrida.<\/p>\n\n\n\n<p>As desembargadoras Evangelina Castilho Duarte e Cl\u00e1udia Maia acompanharam o voto. Leia a\u00a0<a rel=\"noreferrer noopener\" target=\"_blank\" href=\"https:\/\/www5.tjmg.jus.br\/jurisprudencia\/pesquisaNumeroCNJEspelhoAcordao.do?numeroRegistro=1&amp;totalLinhas=1&amp;linhasPorPagina=10&amp;numeroUnico=1.0000.18.094062-9%2F002&amp;pesquisaNumeroCNJ=Pesquisar\">decis\u00e3o<\/a>\u00a0e veja o\u00a0<a rel=\"noreferrer noopener\" target=\"_blank\" href=\"https:\/\/www4.tjmg.jus.br\/juridico\/sf\/proc_resultado2.jsp?listaProcessos=10000180940629002\">andamento processual<\/a>.<\/p>\n\n\n\n<p class=\"has-white-color has-vivid-cyan-blue-background-color has-text-color has-background\">Quer saber as not\u00edcias do <strong>Aconteceu no Vale<\/strong> em primeira m\u00e3o? Siga-nos no Facebook <a rel=\"noreferrer noopener\" href=\"http:\/\/facebook.com\/aconteceunovale\" target=\"_blank\">@aconteceunovale<\/a>, Twitter <a rel=\"noreferrer noopener\" href=\"https:\/\/twitter.com\/noticiadosvales\" target=\"_blank\">@noticiadosvales<\/a> e Instagram <a rel=\"noreferrer noopener\" href=\"https:\/\/www.instagram.com\/aconteceunovale\" target=\"_blank\">@aconteceunovale<\/a>.<\/p>\n","protected":false},"excerpt":{"rendered":"<p>O Condom\u00ednio de Administra\u00e7\u00e3o do Montes Claros Shopping Center e a Cencosud Brasil Comercial Ltda., mais conhecida como Supermercado Bretas, dever\u00e3o pagar, cada uma,&nbsp;R$ 5&nbsp;mil a uma comerci\u00e1ria que foi assaltada no estacionamento do local, al\u00e9m de ressarcir despesas de R$ 750 com advogados. A 14\u00aa C\u00e2mara C\u00edvel do Tribunal de Justi\u00e7a de Minas Gerais [&hellip;]<\/p>\n","protected":false},"author":4,"featured_media":160828,"comment_status":"open","ping_status":"closed","sticky":false,"template":"","format":"standard","meta":{"amp_status":"","footnotes":""},"categories":[1236],"tags":[9847,149386,1018,210,109247,46966,229594,229595,270],"class_list":["post-168974","post","type-post","status-publish","format-standard","has-post-thumbnail","hentry","category-norte_de_minas","tag-assalto-em-montes-claros","tag-cencosud-brasil-comercial","tag-destaque","tag-montes-claros","tag-montes-claros-shopping-center","tag-roubo-em-montes-claros","tag-shopping-deve-indenizar-por-assalto-em-montes-claros","tag-supermercado-bretas","tag-tjmg"],"_links":{"self":[{"href":"https:\/\/aconteceunovale.com.br\/portal\/index.php?rest_route=\/wp\/v2\/posts\/168974","targetHints":{"allow":["GET"]}}],"collection":[{"href":"https:\/\/aconteceunovale.com.br\/portal\/index.php?rest_route=\/wp\/v2\/posts"}],"about":[{"href":"https:\/\/aconteceunovale.com.br\/portal\/index.php?rest_route=\/wp\/v2\/types\/post"}],"author":[{"embeddable":true,"href":"https:\/\/aconteceunovale.com.br\/portal\/index.php?rest_route=\/wp\/v2\/users\/4"}],"replies":[{"embeddable":true,"href":"https:\/\/aconteceunovale.com.br\/portal\/index.php?rest_route=%2Fwp%2Fv2%2Fcomments&post=168974"}],"version-history":[{"count":1,"href":"https:\/\/aconteceunovale.com.br\/portal\/index.php?rest_route=\/wp\/v2\/posts\/168974\/revisions"}],"predecessor-version":[{"id":168975,"href":"https:\/\/aconteceunovale.com.br\/portal\/index.php?rest_route=\/wp\/v2\/posts\/168974\/revisions\/168975"}],"wp:featuredmedia":[{"embeddable":true,"href":"https:\/\/aconteceunovale.com.br\/portal\/index.php?rest_route=\/wp\/v2\/media\/160828"}],"wp:attachment":[{"href":"https:\/\/aconteceunovale.com.br\/portal\/index.php?rest_route=%2Fwp%2Fv2%2Fmedia&parent=168974"}],"wp:term":[{"taxonomy":"category","embeddable":true,"href":"https:\/\/aconteceunovale.com.br\/portal\/index.php?rest_route=%2Fwp%2Fv2%2Fcategories&post=168974"},{"taxonomy":"post_tag","embeddable":true,"href":"https:\/\/aconteceunovale.com.br\/portal\/index.php?rest_route=%2Fwp%2Fv2%2Ftags&post=168974"}],"curies":[{"name":"wp","href":"https:\/\/api.w.org\/{rel}","templated":true}]}}