{"id":168905,"date":"2020-10-07T19:45:24","date_gmt":"2020-10-07T22:45:24","guid":{"rendered":"https:\/\/aconteceunovale.com.br\/portal\/?p=168905"},"modified":"2020-10-11T13:46:25","modified_gmt":"2020-10-11T16:46:25","slug":"faixas-adicionais-da-br-135-sao-inauguradas-em-buenopolis","status":"publish","type":"post","link":"https:\/\/aconteceunovale.com.br\/portal\/?p=168905","title":{"rendered":"Faixas adicionais da BR-135 s\u00e3o inauguradas em Buen\u00f3polis"},"content":{"rendered":"\n<p>Mais uma etapa das obras de melhoria da BR-135 foi conclu\u00edda. Nesta ter\u00e7a-feira (6\/10), foram inaugurados oficialmente 14 quil\u00f4metros de terceiras faixas, implantadas em dez pontos da rodovia. O trecho, localizado entre o km 488 e o km 507, fica em Buen\u00f3polis, munic\u00edpio na regi\u00e3o Central do estado, a cerca de 300 quil\u00f4metros de Belo Horizonte.<\/p>\n\n\n\n<p>A implanta\u00e7\u00e3o das faixas adicionais demandou investimento de R$ 16 milh\u00f5es realizado pela Eco135, concession\u00e1ria respons\u00e1vel pela administra\u00e7\u00e3o da rodovia. A obra tem como objetivo aumentar a fluidez do tr\u00e1fego, diminuindo o tempo de viagem dos ve\u00edculos e aumentando a seguran\u00e7a para os condutores.<\/p>\n\n\n\n<p>A presen\u00e7a das faixas adicionais permite, ainda, que os ve\u00edculos pesados se retirem do fluxo principal da pista possibilitando aos autom\u00f3veis leves o tr\u00e1fego mais r\u00e1pido. Com a melhoria, diminui-se o \u00edndice de acidentes, a perda de capacidade de locomo\u00e7\u00e3o e, por consequ\u00eancia, o retardamento do fluxo e a redu\u00e7\u00e3o do n\u00edvel de servi\u00e7o da via.<\/p>\n\n\n\n<figure class=\"wp-block-gallery columns-1 is-cropped wp-block-gallery-1 is-layout-flex wp-block-gallery-is-layout-flex\"><ul class=\"blocks-gallery-grid\"><li class=\"blocks-gallery-item\"><figure><img loading=\"lazy\" decoding=\"async\" width=\"800\" height=\"449\" src=\"https:\/\/aconteceunovale.com.br\/portal\/wp-content\/uploads\/2020\/10\/inauguracao_buenopolis.jpeg\" alt=\"\" data-id=\"168906\" data-full-url=\"https:\/\/aconteceunovale.com.br\/portal\/wp-content\/uploads\/2020\/10\/inauguracao_buenopolis.jpeg\" data-link=\"https:\/\/aconteceunovale.com.br\/portal\/?attachment_id=168906\" class=\"wp-image-168906\" srcset=\"https:\/\/aconteceunovale.com.br\/portal\/wp-content\/uploads\/2020\/10\/inauguracao_buenopolis.jpeg 800w, https:\/\/aconteceunovale.com.br\/portal\/wp-content\/uploads\/2020\/10\/inauguracao_buenopolis-300x168.jpeg 300w, https:\/\/aconteceunovale.com.br\/portal\/wp-content\/uploads\/2020\/10\/inauguracao_buenopolis-768x431.jpeg 768w, https:\/\/aconteceunovale.com.br\/portal\/wp-content\/uploads\/2020\/10\/inauguracao_buenopolis-696x391.jpeg 696w, https:\/\/aconteceunovale.com.br\/portal\/wp-content\/uploads\/2020\/10\/inauguracao_buenopolis-748x420.jpeg 748w\" sizes=\"auto, (max-width: 800px) 100vw, 800px\" \/><figcaption class=\"blocks-gallery-item__caption\"><em>Foto: Eco135 \/ Divulga\u00e7\u00e3o<\/em><\/figcaption><\/figure><\/li><\/ul><\/figure>\n\n\n\n<p><strong>Mais seguran\u00e7a<\/strong><\/p>\n\n\n\n<p>Dados da Confedera\u00e7\u00e3o Nacional do Transporte (CNT) de 2018 apontaram que a maioria dos acidentes e das mortes nas rodovias ocorreram em trechos ondulados ou montanhosos que n\u00e3o possu\u00edam faixa adicional ao longo de sua extens\u00e3o. O \u00edndice de gravidade foi maior para trechos sem faixa adicional, com registro de 47,5 mortes a cada 100 acidentes.<\/p>\n\n\n\n<p>Al\u00e9m da queda no n\u00famero de acidentes em cerca de 30% com a implanta\u00e7\u00e3o das faixas adicionais, essas rodovias tamb\u00e9m registram o aumento de 3,5 km\/h na velocidade m\u00e9dia das viagens.<\/p>\n\n\n\n<p>&#8220;Para o ano que vem ser\u00e3o R$ 518 milh\u00f5es investidos na regi\u00e3o. Isso vai contribuir ainda mais para melhorar a fluidez no tr\u00e1fego e, principalmente, para trazer mais seguran\u00e7a aos usu\u00e1rios e preservar vidas&#8221;, destaca o secret\u00e1rio de Estado de\u00a0Infraestrutura e Mobilidade, Fernando Marcato.<\/p>\n\n\n\n<p class=\"has-white-color has-vivid-cyan-blue-background-color has-text-color has-background\">Quer saber as not\u00edcias do <strong>Aconteceu no Vale<\/strong> em primeira m\u00e3o? Siga-nos no Facebook <a rel=\"noreferrer noopener\" href=\"http:\/\/facebook.com\/aconteceunovale\" target=\"_blank\">@aconteceunovale<\/a>, Twitter <a rel=\"noreferrer noopener\" href=\"https:\/\/twitter.com\/noticiadosvales\" target=\"_blank\">@noticiadosvales<\/a> e Instagram <a rel=\"noreferrer noopener\" href=\"https:\/\/www.instagram.com\/aconteceunovale\" target=\"_blank\">@aconteceunovale<\/a>.<\/p>\n","protected":false},"excerpt":{"rendered":"<p>Mais uma etapa das obras de melhoria da BR-135 foi conclu\u00edda. Nesta ter\u00e7a-feira (6\/10), foram inaugurados oficialmente 14 quil\u00f4metros de terceiras faixas, implantadas em dez pontos da rodovia. O trecho, localizado entre o km 488 e o km 507, fica em Buen\u00f3polis, munic\u00edpio na regi\u00e3o Central do estado, a cerca de 300 quil\u00f4metros de Belo [&hellip;]<\/p>\n","protected":false},"author":4,"featured_media":168906,"comment_status":"open","ping_status":"closed","sticky":false,"template":"","format":"standard","meta":{"amp_status":"","footnotes":""},"categories":[123,1236],"tags":[207131,960,1018,189479,229521,229522,229523],"class_list":["post-168905","post","type-post","status-publish","format-standard","has-post-thumbnail","hentry","category-gerais","category-norte_de_minas","tag-br-135-2","tag-buenopolis","tag-destaque","tag-eco135","tag-eco135-br-135","tag-faixas-adicionais-na-br-135","tag-melhorias-na-br-135"],"_links":{"self":[{"href":"https:\/\/aconteceunovale.com.br\/portal\/index.php?rest_route=\/wp\/v2\/posts\/168905","targetHints":{"allow":["GET"]}}],"collection":[{"href":"https:\/\/aconteceunovale.com.br\/portal\/index.php?rest_route=\/wp\/v2\/posts"}],"about":[{"href":"https:\/\/aconteceunovale.com.br\/portal\/index.php?rest_route=\/wp\/v2\/types\/post"}],"author":[{"embeddable":true,"href":"https:\/\/aconteceunovale.com.br\/portal\/index.php?rest_route=\/wp\/v2\/users\/4"}],"replies":[{"embeddable":true,"href":"https:\/\/aconteceunovale.com.br\/portal\/index.php?rest_route=%2Fwp%2Fv2%2Fcomments&post=168905"}],"version-history":[{"count":1,"href":"https:\/\/aconteceunovale.com.br\/portal\/index.php?rest_route=\/wp\/v2\/posts\/168905\/revisions"}],"predecessor-version":[{"id":168907,"href":"https:\/\/aconteceunovale.com.br\/portal\/index.php?rest_route=\/wp\/v2\/posts\/168905\/revisions\/168907"}],"wp:featuredmedia":[{"embeddable":true,"href":"https:\/\/aconteceunovale.com.br\/portal\/index.php?rest_route=\/wp\/v2\/media\/168906"}],"wp:attachment":[{"href":"https:\/\/aconteceunovale.com.br\/portal\/index.php?rest_route=%2Fwp%2Fv2%2Fmedia&parent=168905"}],"wp:term":[{"taxonomy":"category","embeddable":true,"href":"https:\/\/aconteceunovale.com.br\/portal\/index.php?rest_route=%2Fwp%2Fv2%2Fcategories&post=168905"},{"taxonomy":"post_tag","embeddable":true,"href":"https:\/\/aconteceunovale.com.br\/portal\/index.php?rest_route=%2Fwp%2Fv2%2Ftags&post=168905"}],"curies":[{"name":"wp","href":"https:\/\/api.w.org\/{rel}","templated":true}]}}