{"id":168902,"date":"2020-10-11T13:38:59","date_gmt":"2020-10-11T16:38:59","guid":{"rendered":"https:\/\/aconteceunovale.com.br\/portal\/?p=168902"},"modified":"2020-10-11T13:39:15","modified_gmt":"2020-10-11T16:39:15","slug":"campanha-de-multivacinacao-para-criancas-e-adolescentes-vai-ate-30-de-outubro","status":"publish","type":"post","link":"https:\/\/aconteceunovale.com.br\/portal\/?p=168902","title":{"rendered":"Campanha de multivacina\u00e7\u00e3o para crian\u00e7as e adolescentes vai at\u00e9 30 de outubro"},"content":{"rendered":"\n<p>Vai at\u00e9 30\/10 a Campanha Nacional de Multivacina\u00e7\u00e3o para Atualiza\u00e7\u00e3o da Caderneta de Vacina\u00e7\u00e3o das crian\u00e7as e adolescentes at\u00e9 14 anos. A&nbsp;iniciativa, que tamb\u00e9m engloba a imuniza\u00e7\u00e3o contra a&nbsp;poliomielite, disponibilizar\u00e1 as doses de vacinas para todo o p\u00fablico-alvo, e ter\u00e1 seu&nbsp;dia D, com divulga\u00e7\u00e3o e mobiliza\u00e7\u00e3o nacional, em 17\/10.<\/p>\n\n\n\n<p>Em Minas Gerais, a campanha adota o slogan \u201cCart\u00e3o em dia, sa\u00fade protegida\u201d para chamar aten\u00e7\u00e3o sobre a import\u00e2ncia de manter a vacina\u00e7\u00e3o em dia, em qualquer idade, para garantir uma vida saud\u00e1vel e livre de doen\u00e7as.<\/p>\n\n\n\n<p>\u201cO objetivo da a\u00e7\u00e3o \u00e9 diminuir o risco de reintrodu\u00e7\u00e3o do poliov\u00edrus selvagem no pa\u00eds, garantir oportunidade de acesso \u00e0s vacinas, atualizar a situa\u00e7\u00e3o vacinal, ampliar as coberturas vacinais, reduzir a incid\u00eancia das doen\u00e7as imunopreven\u00edveis e contribuir para o controle, elimina\u00e7\u00e3o e\/ou erradica\u00e7\u00e3o dessas doen\u00e7as\u201d, explica Josianne Dias Gusm\u00e3o, coordenadora&nbsp;estadual do Programa de Imuniza\u00e7\u00f5es da<a href=\"https:\/\/www.saude.mg.gov.br\/\" target=\"_blank\" rel=\"noreferrer noopener\">&nbsp;Secretaria Estadual de Sa\u00fade de Minas Gerais (SES-MG)<\/a>.<\/p>\n\n\n\n<p>Os pais e\/ou respons\u00e1veis devem levar as crian\u00e7as e os adolescentes para vacinar, mesmo com a pandemia, nas Unidades B\u00e1sicas de Sa\u00fade (UBS) do munic\u00edpio em que residem.<\/p>\n\n\n\n<p><strong>Aten\u00e7\u00e3o<\/strong><\/p>\n\n\n\n<p>O p\u00fablico-alvo da campanha contra poliomielite s\u00e3o crian\u00e7as de 1 ano a menores de 5 anos, que devem receber a Vacina Oral de Poliomielite (VOP), desde que j\u00e1 tenham recebido as tr\u00eas doses da Vacina Inativada de Poliomielite (VIP), do esquema b\u00e1sico de vacina\u00e7\u00e3o.<\/p>\n\n\n\n<p>A SES-MG estima a exist\u00eancia de 1.034.782 crian\u00e7as nesta faixa de idade e afirma que a meta \u00e9 vacinar 95% deste p\u00fablico. \u201cA vacina\u00e7\u00e3o \u00e9 a \u00fanica forma de proteger contra a poliomielite e evitar a reintrodu\u00e7\u00e3o da doen\u00e7a em nosso estado. Por isso, devemos levar as crian\u00e7as para vacinar e, assim, manter altas as coberturas vacinais\u201d, comenta Josianne Gusm\u00e3o.<\/p>\n\n\n\n<p>A poliomielite, tamb\u00e9m conhecida como p\u00f3lio ou paralisia infantil, \u00e9 uma doen\u00e7a infectocontagiosa viral aguda causada pelo poliov\u00edrus, caracterizada por um quadro de paralisia fl\u00e1cida, de in\u00edcio s\u00fabito. Afeta os membros inferiores, de forma assim\u00e9trica, tendo como principais&nbsp;sintomas&nbsp;a flacidez muscular, com sensibilidade preservada, e a arreflexia (aus\u00eancia de reflexos) no segmento atingido. A vacina\u00e7\u00e3o \u00e9 a \u00fanica forma de preven\u00e7\u00e3o. Todas as pessoas n\u00e3o imunizadas s\u00e3o suscet\u00edveis de contrair a doen\u00e7a.<\/p>\n\n\n\n<p>Desde 1990, o pa\u00eds n\u00e3o detecta casos da poliomielite.&nbsp;Em&nbsp;1994, recebeu da Organiza\u00e7\u00e3o Pan-Americana de Sa\u00fade (Opas) a certifica\u00e7\u00e3o da \u00e1rea livre de circula\u00e7\u00e3o do poliov\u00edrus selvagem.<\/p>\n\n\n\n<p><strong>Calend\u00e1rio b\u00e1sico<\/strong><\/p>\n\n\n\n<p>Outro objetivo da campanha \u00e9 a atualiza\u00e7\u00e3o das cadernetas de vacina\u00e7\u00e3o de crian\u00e7as e adolescentes menores de 15 anos de idade, p\u00fablico que soma 4.453.616 pessoas, segundo estimativa da SES-MG.&nbsp;Todas as vacinas do calend\u00e1rio b\u00e1sico de vacina\u00e7\u00e3o da crian\u00e7a e do adolescente ser\u00e3o disponibilizadas para diminuir o risco de transmiss\u00e3o de enfermidades imunopreven\u00edveis e reduzir as taxas de abandono do esquema vacinal.&nbsp;&nbsp;<\/p>\n\n\n\n<p>\u201cNa campanha de multivacina\u00e7\u00e3o os profissionais verificam a caderneta e administram vacinas que ainda n\u00e3o foram aplicadas, o que garante a prote\u00e7\u00e3o contra diversas doen\u00e7as imunopreven\u00edveis, melhorando tamb\u00e9m as coberturas vacinais no pa\u00eds\u201d,&nbsp;explica&nbsp;Josianne Gusm\u00e3o.<\/p>\n\n\n\n<p>A campanha conta com as vacinas BCG, Hepatite B, Pentavalente, Poliomielite Inativada, Poliomielite Oral, Rotav\u00edrus, Pneumo 10, Meningoc\u00f3cica C, Febre amarela, Tr\u00edplice viral, Tetra viral (tr\u00edplice viral e varicela), DTP, Hepatite A e Varicela, al\u00e9m de dT, dTpa, Meningoc\u00f3cica ACWY e HPV quadrivalente.\u00a0<\/p>\n\n\n\n<p class=\"has-white-color has-vivid-cyan-blue-background-color has-text-color has-background\">Quer saber as not\u00edcias do <strong>Aconteceu no Vale<\/strong> em primeira m\u00e3o? Siga-nos no Facebook <a rel=\"noreferrer noopener\" href=\"http:\/\/facebook.com\/aconteceunovale\" target=\"_blank\">@aconteceunovale<\/a>, Twitter <a rel=\"noreferrer noopener\" href=\"https:\/\/twitter.com\/noticiadosvales\" target=\"_blank\">@noticiadosvales<\/a> e Instagram <a rel=\"noreferrer noopener\" href=\"https:\/\/www.instagram.com\/aconteceunovale\" target=\"_blank\">@aconteceunovale<\/a>.<\/p>\n","protected":false},"excerpt":{"rendered":"<p>Vai at\u00e9 30\/10 a Campanha Nacional de Multivacina\u00e7\u00e3o para Atualiza\u00e7\u00e3o da Caderneta de Vacina\u00e7\u00e3o das crian\u00e7as e adolescentes at\u00e9 14 anos. A&nbsp;iniciativa, que tamb\u00e9m engloba a imuniza\u00e7\u00e3o contra a&nbsp;poliomielite, disponibilizar\u00e1 as doses de vacinas para todo o p\u00fablico-alvo, e ter\u00e1 seu&nbsp;dia D, com divulga\u00e7\u00e3o e mobiliza\u00e7\u00e3o nacional, em 17\/10. Em Minas Gerais, a campanha adota [&hellip;]<\/p>\n","protected":false},"author":4,"featured_media":168903,"comment_status":"open","ping_status":"closed","sticky":false,"template":"","format":"standard","meta":{"amp_status":"","footnotes":""},"categories":[123,40242],"tags":[229519,229520,229516,1018,229517,52113,229518],"class_list":["post-168902","post","type-post","status-publish","format-standard","has-post-thumbnail","hentry","category-gerais","category-saude-2","tag-atualizacao-da-caderneta-de-vacinacao-das-criancas-e-adolescentes","tag-calendario-de-vacinacao","tag-campanha-de-multivacinacao-para-criancas-e-adolescentes","tag-destaque","tag-multivacinacao-para-criancas-e-adolescentes","tag-ses-mg","tag-vacinacao-para-criancas-e-adolescentes"],"_links":{"self":[{"href":"https:\/\/aconteceunovale.com.br\/portal\/index.php?rest_route=\/wp\/v2\/posts\/168902","targetHints":{"allow":["GET"]}}],"collection":[{"href":"https:\/\/aconteceunovale.com.br\/portal\/index.php?rest_route=\/wp\/v2\/posts"}],"about":[{"href":"https:\/\/aconteceunovale.com.br\/portal\/index.php?rest_route=\/wp\/v2\/types\/post"}],"author":[{"embeddable":true,"href":"https:\/\/aconteceunovale.com.br\/portal\/index.php?rest_route=\/wp\/v2\/users\/4"}],"replies":[{"embeddable":true,"href":"https:\/\/aconteceunovale.com.br\/portal\/index.php?rest_route=%2Fwp%2Fv2%2Fcomments&post=168902"}],"version-history":[{"count":1,"href":"https:\/\/aconteceunovale.com.br\/portal\/index.php?rest_route=\/wp\/v2\/posts\/168902\/revisions"}],"predecessor-version":[{"id":168904,"href":"https:\/\/aconteceunovale.com.br\/portal\/index.php?rest_route=\/wp\/v2\/posts\/168902\/revisions\/168904"}],"wp:featuredmedia":[{"embeddable":true,"href":"https:\/\/aconteceunovale.com.br\/portal\/index.php?rest_route=\/wp\/v2\/media\/168903"}],"wp:attachment":[{"href":"https:\/\/aconteceunovale.com.br\/portal\/index.php?rest_route=%2Fwp%2Fv2%2Fmedia&parent=168902"}],"wp:term":[{"taxonomy":"category","embeddable":true,"href":"https:\/\/aconteceunovale.com.br\/portal\/index.php?rest_route=%2Fwp%2Fv2%2Fcategories&post=168902"},{"taxonomy":"post_tag","embeddable":true,"href":"https:\/\/aconteceunovale.com.br\/portal\/index.php?rest_route=%2Fwp%2Fv2%2Ftags&post=168902"}],"curies":[{"name":"wp","href":"https:\/\/api.w.org\/{rel}","templated":true}]}}