{"id":168836,"date":"2020-10-06T18:29:50","date_gmt":"2020-10-06T21:29:50","guid":{"rendered":"https:\/\/aconteceunovale.com.br\/portal\/?p=168836"},"modified":"2020-10-06T18:30:23","modified_gmt":"2020-10-06T21:30:23","slug":"brumadinho-justica-nega-bloqueio-de-r-26-bilhoes-da-vale","status":"publish","type":"post","link":"https:\/\/aconteceunovale.com.br\/portal\/?p=168836","title":{"rendered":"Brumadinho: Justi\u00e7a nega bloqueio de R$ 26 bilh\u00f5es da Vale"},"content":{"rendered":"\n<p>O juiz Elton Pupo Nogueira, da 2\u00aa Vara da Fazenda Estadual de Belo Horizonte, negou&nbsp;hoje&nbsp;(6) um pedido de bloqueio de cerca de R$ 26,7 bilh\u00f5es da mineradora Vale em fun\u00e7\u00e3o dos danos causados pela trag\u00e9dia de Brumadinho (MG).<\/p>\n\n\n\n<p>O pedido havia sido feito por Minist\u00e9rio P\u00fablico Federal e de Minas Gerais, Advocacia-Geral da Uni\u00e3o (AGU) e Defensoria P\u00fablica da Uni\u00e3o e de Minas Gerais.<\/p>\n\n\n\n<p>Os \u00f3rg\u00e3os alegam&nbsp;ter&nbsp;havido preju\u00edzo superior a R$ 45 bilh\u00f5es com o rompimento da barragem da mina do c\u00f3rrego do Feij\u00e3o, em Brumadinho, em janeiro de 2019. A trag\u00e9dia deixou 270 mortos, 11 desaparecidos e um rastro de destrui\u00e7\u00e3o.<\/p>\n\n\n\n<p>Para as institui\u00e7\u00f5es, as a\u00e7\u00f5es civis p\u00fablicas que tramitam na Justi\u00e7a contra a mineradora encontram-se fragilizadas por falta de garantias, motivo pelo qual o bloqueio se justificaria.<\/p>\n\n\n\n<p>O magistrado, contudo, entendeu n\u00e3o haver motivos para novo bloqueio, pois a seu ver a empresa \u201ctem cooperado ativamente e despendido esfor\u00e7os e recursos em dinheiro na repara\u00e7\u00e3o de todos os danos identificados no decorrer do processo judicial\u201d.<\/p>\n\n\n\n<p>A Vale \u201cj\u00e1 custeou novos meios de fornecimento de \u00e1gua para a cidade de Par\u00e1 de Minas e a Regi\u00e3o Metropolitana de Belo Horizonte, e, acertadamente, injetou cerca de um bilh\u00e3o de reais na economia da regi\u00e3o de Brumadinho mediante correto e acertado pagamento emergencial a mais de cem mil pessoas\u201d, acrescentou o juiz.<\/p>\n\n\n\n<p>Ele destacou ainda que, em janeiro de 2019, a Justi\u00e7a mineira j\u00e1 determinou um bloqueio de R$ 11 bilh\u00f5es da empresa e que ainda h\u00e1 valores em garantias l\u00edquidas \u00e0 disposi\u00e7\u00e3o da Justi\u00e7a.<\/p>\n\n\n\n<p>Uma audi\u00eancia de concilia\u00e7\u00e3o entre as partes foi marcada para\u00a022 de outubro.<\/p>\n\n\n\n<p class=\"has-white-color has-vivid-cyan-blue-background-color has-text-color has-background\">Quer saber as not\u00edcias do <strong>Aconteceu no Vale<\/strong> em primeira m\u00e3o? Siga-nos no Facebook <a rel=\"noreferrer noopener\" href=\"http:\/\/facebook.com\/aconteceunovale\" target=\"_blank\">@aconteceunovale<\/a>, Twitter <a rel=\"noreferrer noopener\" href=\"https:\/\/twitter.com\/noticiadosvales\" target=\"_blank\">@noticiadosvales<\/a> e Instagram <a rel=\"noreferrer noopener\" href=\"https:\/\/www.instagram.com\/aconteceunovale\" target=\"_blank\">@aconteceunovale<\/a>.<\/p>\n","protected":false},"excerpt":{"rendered":"<p>O juiz Elton Pupo Nogueira, da 2\u00aa Vara da Fazenda Estadual de Belo Horizonte, negou&nbsp;hoje&nbsp;(6) um pedido de bloqueio de cerca de R$ 26,7 bilh\u00f5es da mineradora Vale em fun\u00e7\u00e3o dos danos causados pela trag\u00e9dia de Brumadinho (MG). O pedido havia sido feito por Minist\u00e9rio P\u00fablico Federal e de Minas Gerais, Advocacia-Geral da Uni\u00e3o (AGU) [&hellip;]<\/p>\n","protected":false},"author":4,"featured_media":165374,"comment_status":"open","ping_status":"closed","sticky":false,"template":"","format":"standard","meta":{"amp_status":"","footnotes":""},"categories":[123],"tags":[215219,195233,215224,193403,215242,192684,192803,194,1017,229457,229456,3679,229387,215230,193404,215241,215279,195235,1018,215236,215232,222105,149979,215227,195236,215226,215235,195238,215228,215237,215231,194208,195239,215243,193008,142718,19674,215234,19675,215233,215225,604,44644,192804,215238,192686,192688,196292,198826,215220,194209,215222,2910,121580,215221,215229,215240,215223],"class_list":["post-168836","post","type-post","status-publish","format-standard","has-post-thumbnail","hentry","category-gerais","tag-16-pessoas-sao-denunciadas-por-homicidio-qualificado-e-crimes-ambientais","tag-alexandre-de-paula-campanha","tag-ana-tereza-ribeiro-salles-giacomini","tag-andre-jum-yassuda","tag-arsenio-negro-junior","tag-barragem-da-vale-em-brumadinho","tag-barragem-de-brumadinho","tag-belo-horizonte","tag-bh","tag-bloqueio-da-vale","tag-bloqueio-de-r-26-bilhoes-da-vale","tag-brumadinho","tag-brumadinho-ministerio-publico-federal-quer-anular-acordo-que-preve-multa-de-r-250-milhoes-a-vale","tag-bruno-tasca-cabral","tag-cesar-augusto-paulino-grandchamp","tag-chris-peter-meier","tag-conluio-entre-vale-e-tuv-sud","tag-cristina-heloiza-da-silva-malheiros","tag-destaque","tag-diretor-da-vale","tag-eduardo-vieira-figueiredo","tag-elton-pupo-nogueira","tag-fabio-schvartsman","tag-fabricio-jose-fonseca-pinto","tag-felipe-figueiredo-rocha","tag-francisco-chaves-generoso","tag-investigacoes-sobre-tragedia-de-brumadinho","tag-joaquim-pedro-de-toledo","tag-leandro-wili","tag-lucio-flavo-gallon-cavalli","tag-luiz-otavio-braga-paulon","tag-makoto-namba","tag-marilene-christina-oliveira-lopes-de-assis-araujo","tag-marlisio-oliveira-cecilio-junior","tag-mina-corrego-do-feijao","tag-mineradora-vale","tag-ministerio-publico-de-minas-gerais","tag-ministerio-publico-e-policia-civil-finalizam-investigacoes-sobre-o-rompimento-da-barragem-em-brumadinho","tag-mpmg","tag-mpmg-e-pcmg-finalizam-investigacoes-sobre-o-rompimento-da-barragem-em-brumadinho","tag-paula-ayres-lima","tag-pcmg","tag-policia-civil-de-minas-gerais","tag-presidente-da-vale","tag-renzo-albieri-guimaraes-de-carvalho","tag-rompimento-de-barragem-da-vale-em-brumadinho","tag-rompimento-de-barragem-em-brumadinho","tag-silmar-magalhaes-silva","tag-tragedia-de-brumadinho","tag-tragedia-de-brumadinho-16-pessoas-sao-denunciadas-por-homicidio-qualificado-e-crimes-ambientais","tag-tuv-sud","tag-tuv-sud-bureau-de-projetos-e-consultoria","tag-vale","tag-vale-s-a","tag-vara-criminal-de-brumadinho","tag-wagner-marteleto-filho","tag-washington-pirete-da-silva","tag-william-garcia-pinto-coelho"],"_links":{"self":[{"href":"https:\/\/aconteceunovale.com.br\/portal\/index.php?rest_route=\/wp\/v2\/posts\/168836","targetHints":{"allow":["GET"]}}],"collection":[{"href":"https:\/\/aconteceunovale.com.br\/portal\/index.php?rest_route=\/wp\/v2\/posts"}],"about":[{"href":"https:\/\/aconteceunovale.com.br\/portal\/index.php?rest_route=\/wp\/v2\/types\/post"}],"author":[{"embeddable":true,"href":"https:\/\/aconteceunovale.com.br\/portal\/index.php?rest_route=\/wp\/v2\/users\/4"}],"replies":[{"embeddable":true,"href":"https:\/\/aconteceunovale.com.br\/portal\/index.php?rest_route=%2Fwp%2Fv2%2Fcomments&post=168836"}],"version-history":[{"count":1,"href":"https:\/\/aconteceunovale.com.br\/portal\/index.php?rest_route=\/wp\/v2\/posts\/168836\/revisions"}],"predecessor-version":[{"id":168837,"href":"https:\/\/aconteceunovale.com.br\/portal\/index.php?rest_route=\/wp\/v2\/posts\/168836\/revisions\/168837"}],"wp:featuredmedia":[{"embeddable":true,"href":"https:\/\/aconteceunovale.com.br\/portal\/index.php?rest_route=\/wp\/v2\/media\/165374"}],"wp:attachment":[{"href":"https:\/\/aconteceunovale.com.br\/portal\/index.php?rest_route=%2Fwp%2Fv2%2Fmedia&parent=168836"}],"wp:term":[{"taxonomy":"category","embeddable":true,"href":"https:\/\/aconteceunovale.com.br\/portal\/index.php?rest_route=%2Fwp%2Fv2%2Fcategories&post=168836"},{"taxonomy":"post_tag","embeddable":true,"href":"https:\/\/aconteceunovale.com.br\/portal\/index.php?rest_route=%2Fwp%2Fv2%2Ftags&post=168836"}],"curies":[{"name":"wp","href":"https:\/\/api.w.org\/{rel}","templated":true}]}}