{"id":168833,"date":"2020-10-06T18:26:43","date_gmt":"2020-10-06T21:26:43","guid":{"rendered":"https:\/\/aconteceunovale.com.br\/portal\/?p=168833"},"modified":"2020-10-06T18:26:54","modified_gmt":"2020-10-06T21:26:54","slug":"defensor-publico-abre-acao-contra-programa-de-trainee-para-negros","status":"publish","type":"post","link":"https:\/\/aconteceunovale.com.br\/portal\/?p=168833","title":{"rendered":"Defensor p\u00fablico abre a\u00e7\u00e3o contra programa de trainee para negros"},"content":{"rendered":"\n<p>O defensor p\u00fablico federal Jovino Bento J\u00fanior pediu que a Justi\u00e7a condene o Magazine Luiza a pagar R$ 10 milh\u00f5es em indeniza\u00e7\u00e3o por praticar suposta discrimina\u00e7\u00e3o ao lan\u00e7ar um programa de&nbsp;<em>trainee<\/em>&nbsp;exclusivo para pessoas negras.<\/p>\n\n\n\n<p>Desde que foi lan\u00e7ado em\u00a018 de setembro, o programa de\u00a0<em>trainee<\/em>\u00a0do Magazine Luiza tem gerado discuss\u00e3o nas redes sociais e chegou a ser alvo de 11 den\u00fancias no Minist\u00e9rio P\u00fablico do Trabalho (MPT). O \u00f3rg\u00e3o j\u00e1 concluiu que n\u00e3o se trata de um caso de viola\u00e7\u00e3o trabalhista, mas de uma a\u00e7\u00e3o afirmativa de\u00a0repara\u00e7\u00e3o hist\u00f3rica.<\/p>\n\n\n\n<p>Em a\u00e7\u00e3o civil p\u00fablica aberta&nbsp;ontem&nbsp;(5) na Justi\u00e7a do Trabalho em Bras\u00edlia, Jovino Bento de Ara\u00fajo argumenta que o programa viola a Constitui\u00e7\u00e3o, ao discriminar trabalhadores em fun\u00e7\u00e3o de cor. \u201cA contrata\u00e7\u00e3o exclusiva de trabalhadores de determinada ra\u00e7a ou etnia em detrimento de outras, ao inv\u00e9s de promover igualdade de oportunidades, gera exclus\u00e3o de determinados (muitos, no caso) grupos de trabalhadores\u201d, diz o defensor.<\/p>\n\n\n\n<p>Ele alega que h\u00e1 dano moral coletivo em rela\u00e7\u00e3o aos trabalhadores que n\u00e3o se autodeclaram negros ou pardos e diz que o programa de&nbsp;<em>trainee<\/em>&nbsp;\u201cdiminui o trabalhador, que v\u00ea negado o acesso ao mercado de trabalho simplesmente por for\u00e7a da cor de sua pele\u201d.<\/p>\n\n\n\n<p>Ontem, em entrevista ao programa&nbsp;<em>Roda Viva<\/em>, da TV Cultura, a empres\u00e1ria Luiza Trajano, dona do Magazine Luiza, disse que decidiu lan\u00e7ar o programa de&nbsp;<em>trainee&nbsp;<\/em>somente para negros ao constatar a baixa presen\u00e7a de pessoas negras em cargos de maior n\u00edvel na empresa. &nbsp;<\/p>\n\n\n\n<p>A empres\u00e1ria disse&nbsp;ter&nbsp;entendido que o racismo estrutural existe e \u00e9 inconsciente. \u201cTemos que entender mais o que \u00e9 racismo estrutural. O dia [em] que entendi at\u00e9 chorei, porque sempre achei que n\u00e3o era racista at\u00e9 entender o racismo estrutural\u201d, afirmou.<\/p>\n\n\n\n<p>O programa do Magazine Luiza prev\u00ea a sele\u00e7\u00e3o de 20 candidatos.<\/p>\n\n\n\n<h2 class=\"wp-block-heading\">DPU<\/h2>\n\n\n\n<p>Em nota, a Defensoria P\u00fablica da Uni\u00e3o (DPU) diz que a atua\u00e7\u00e3o de seus membros se baseia na independ\u00eancia funcional e que a a\u00e7\u00e3o n\u00e3o foi submetida a an\u00e1lise de m\u00e9rito ou autoriza\u00e7\u00e3o hier\u00e1rquica superior.<\/p>\n\n\n\n<p>No texto, a DPU diz que apoia e incentiva medidas do Poder P\u00fablico e da iniciativa privada que proporcionem redu\u00e7\u00e3o de car\u00eancias.&nbsp;<\/p>\n\n\n\n<p>\u201cA pol\u00edtica de cotas constitui-se em forte instrumento para a realiza\u00e7\u00e3o dos objetivos fundamentais da Rep\u00fablica Federativa do Brasil de construir uma sociedade livre, justa e solid\u00e1ria, reduzir as desigualdades sociais e regionais e promover o bem de todos, sem preconceito de origem, ra\u00e7a, sexo, cor, idade e quaisquer outras formas de discrimina\u00e7\u00e3o. Dessa forma, deve ser incentivada como forma de reduzir vulnerabilidades\u201d, diz a nota.<\/p>\n\n\n\n<p class=\"has-white-color has-vivid-cyan-blue-background-color has-text-color has-background\">Quer saber as not\u00edcias do <strong>Aconteceu no Vale<\/strong> em primeira m\u00e3o? Siga-nos no Facebook <a rel=\"noreferrer noopener\" href=\"http:\/\/facebook.com\/aconteceunovale\" target=\"_blank\">@aconteceunovale<\/a>, Twitter <a rel=\"noreferrer noopener\" href=\"https:\/\/twitter.com\/noticiadosvales\" target=\"_blank\">@noticiadosvales<\/a> e Instagram <a rel=\"noreferrer noopener\" href=\"https:\/\/www.instagram.com\/aconteceunovale\" target=\"_blank\">@aconteceunovale<\/a>.<\/p>\n","protected":false},"excerpt":{"rendered":"<p>O defensor p\u00fablico federal Jovino Bento J\u00fanior pediu que a Justi\u00e7a condene o Magazine Luiza a pagar R$ 10 milh\u00f5es em indeniza\u00e7\u00e3o por praticar suposta discrimina\u00e7\u00e3o ao lan\u00e7ar um programa de&nbsp;trainee&nbsp;exclusivo para pessoas negras. Desde que foi lan\u00e7ado em\u00a018 de setembro, o programa de\u00a0trainee\u00a0do Magazine Luiza tem gerado discuss\u00e3o nas redes sociais e chegou a [&hellip;]<\/p>\n","protected":false},"author":4,"featured_media":168834,"comment_status":"open","ping_status":"closed","sticky":false,"template":"","format":"standard","meta":{"amp_status":"","footnotes":""},"categories":[6,40236],"tags":[1018,64892,229454,105047,6495,128066,86212,229455,229452,229453],"class_list":["post-168833","post","type-post","status-publish","format-standard","has-post-thumbnail","hentry","category-br","category-empregos-2","tag-destaque","tag-dpu","tag-jovino-bento-junior","tag-justica-do-trabalho","tag-magazine-luiza","tag-ministerio-publico-do-trabalho","tag-mpt","tag-trainee-do-magazine-luiza","tag-trainee-para-negros","tag-trainee-para-negros-do-magazine-luiza"],"_links":{"self":[{"href":"https:\/\/aconteceunovale.com.br\/portal\/index.php?rest_route=\/wp\/v2\/posts\/168833","targetHints":{"allow":["GET"]}}],"collection":[{"href":"https:\/\/aconteceunovale.com.br\/portal\/index.php?rest_route=\/wp\/v2\/posts"}],"about":[{"href":"https:\/\/aconteceunovale.com.br\/portal\/index.php?rest_route=\/wp\/v2\/types\/post"}],"author":[{"embeddable":true,"href":"https:\/\/aconteceunovale.com.br\/portal\/index.php?rest_route=\/wp\/v2\/users\/4"}],"replies":[{"embeddable":true,"href":"https:\/\/aconteceunovale.com.br\/portal\/index.php?rest_route=%2Fwp%2Fv2%2Fcomments&post=168833"}],"version-history":[{"count":1,"href":"https:\/\/aconteceunovale.com.br\/portal\/index.php?rest_route=\/wp\/v2\/posts\/168833\/revisions"}],"predecessor-version":[{"id":168835,"href":"https:\/\/aconteceunovale.com.br\/portal\/index.php?rest_route=\/wp\/v2\/posts\/168833\/revisions\/168835"}],"wp:featuredmedia":[{"embeddable":true,"href":"https:\/\/aconteceunovale.com.br\/portal\/index.php?rest_route=\/wp\/v2\/media\/168834"}],"wp:attachment":[{"href":"https:\/\/aconteceunovale.com.br\/portal\/index.php?rest_route=%2Fwp%2Fv2%2Fmedia&parent=168833"}],"wp:term":[{"taxonomy":"category","embeddable":true,"href":"https:\/\/aconteceunovale.com.br\/portal\/index.php?rest_route=%2Fwp%2Fv2%2Fcategories&post=168833"},{"taxonomy":"post_tag","embeddable":true,"href":"https:\/\/aconteceunovale.com.br\/portal\/index.php?rest_route=%2Fwp%2Fv2%2Ftags&post=168833"}],"curies":[{"name":"wp","href":"https:\/\/api.w.org\/{rel}","templated":true}]}}