{"id":168826,"date":"2020-09-30T23:27:45","date_gmt":"2020-10-01T02:27:45","guid":{"rendered":"https:\/\/aconteceunovale.com.br\/portal\/?p=168826"},"modified":"2020-10-04T23:28:24","modified_gmt":"2020-10-05T02:28:24","slug":"suspeito-de-participar-de-sapatinho-no-espirito-santo-e-preso-no-vale-do-aco","status":"publish","type":"post","link":"https:\/\/aconteceunovale.com.br\/portal\/?p=168826","title":{"rendered":"Suspeito de participar de \u2018sapatinho\u2019 no Esp\u00edrito Santo \u00e9 preso no Vale do A\u00e7o"},"content":{"rendered":"\n<p>A Pol\u00edcia Civil de Minas Gerais (PCMG), em trabalho conjunto com a Pol\u00edcia Civil do Estado do Esp\u00edrito Santo (PCES), frustrou um sequestro planejado para os pr\u00f3ximos dias e prendeu, na quarta-feira (30\/9\/2020), um homem, de 34 anos, suspeito de envolvimento na modalidade de crime conhecida como &#8216;sapatinho\u2019. O investigado estava com tr\u00eas mandados de pris\u00e3o em aberto e foi localizado em Ipatinga, no Vale do A\u00e7o.<\/p>\n\n\n\n<p>O titular da Delegacia Especializada Antissequestro, do Departamento Estadual de Opera\u00e7\u00f5es Especiais (Deoesp), delegado Ramon Sandoli, explicou que os trabalhos policiais tiveram in\u00edcio ap\u00f3s o cometimento de um \u2018sapatinho\u2019 ocorrido em julho deste ano na cidade de Ibira\u00e7u (ES). \u201cEles pegaram na noite do dia 6 a fam\u00edlia do gerente e, na manh\u00e3 do dia 7, foram ao banco, pegaram o dinheiro, s\u00f3 que gra\u00e7as \u00e0 a\u00e7\u00e3o imediata da pol\u00edcia, dois foram presos naquele momento e o dinheiro foi recuperado\u201d, detalhou.<\/p>\n\n\n\n<p>A partir disso, as investiga\u00e7\u00f5es da PCES apontaram a exist\u00eancia de envolvidos no estado mineiro, o que deu in\u00edcio ao trabalho conjunto entre as Pol\u00edcias Civis de Minas Gerais e do Esp\u00edrito Santo. Com as apura\u00e7\u00f5es, foi poss\u00edvel identificar o preso de 34 anos, que teria participado do \u2018sapatinho\u2019 ocorrido em Ibira\u00e7u (ES). O suspeito foi localizado e preso em Ipatinga, na regi\u00e3o mineira do Vale do A\u00e7o.<\/p>\n\n\n\n<p>No momento da pris\u00e3o, o indiv\u00edduo estava com mais dois comparsas. \u201cConseguimos informa\u00e7\u00f5es de que eles iriam, na tarde de ontem, fazer mais um sequestro de gerente de banco em uma cidade do Vale do A\u00e7o. Conseguimos abord\u00e1-lo no carro com mais dois envolvidos, que estavam indo para a cidade para dar in\u00edcio a esse sequestro. Fizemos a abordagem deles no carro, e eles n\u00e3o reagiram devido \u00e0 a\u00e7\u00e3o eficaz e t\u00e9cnica das Pol\u00edcias Civis em conjunto\u201d, explicou Sandoli.<\/p>\n\n\n\n<p>O suspeito tinha dois mandados de pris\u00e3o em aberto em Minas Gerais por crime contra o patrim\u00f4nio com viol\u00eancia \u00e0 pessoa e por recaptura e um no Esp\u00edrito Santo pelo crime ocorrido em Ibira\u00e7u (ES).<\/p>\n\n\n\n<p>Pela PCMG, a opera\u00e7\u00e3o foi realizada pelo Departamento Estadual de Opera\u00e7\u00f5es Especiais (Deoesp) e contou com o apoio da Delegacia Regional de Pol\u00edcia Civil em Ipatinga.<\/p>\n\n\n\n<p class=\"has-white-color has-vivid-cyan-blue-background-color has-text-color has-background\">Quer saber as not\u00edcias do <strong>Aconteceu no Vale<\/strong> em primeira m\u00e3o? Siga-nos no Facebook <a rel=\"noreferrer noopener\" href=\"http:\/\/facebook.com\/aconteceunovale\" target=\"_blank\">@aconteceunovale<\/a>, Twitter <a rel=\"noreferrer noopener\" href=\"https:\/\/twitter.com\/noticiadosvales\" target=\"_blank\">@noticiadosvales<\/a> e Instagram <a rel=\"noreferrer noopener\" href=\"https:\/\/www.instagram.com\/aconteceunovale\" target=\"_blank\">@aconteceunovale<\/a>.<\/p>\n","protected":false},"excerpt":{"rendered":"<p>A Pol\u00edcia Civil de Minas Gerais (PCMG), em trabalho conjunto com a Pol\u00edcia Civil do Estado do Esp\u00edrito Santo (PCES), frustrou um sequestro planejado para os pr\u00f3ximos dias e prendeu, na quarta-feira (30\/9\/2020), um homem, de 34 anos, suspeito de envolvimento na modalidade de crime conhecida como &#8216;sapatinho\u2019. O investigado estava com tr\u00eas mandados de [&hellip;]<\/p>\n","protected":false},"author":4,"featured_media":151866,"comment_status":"open","ping_status":"closed","sticky":false,"template":"","format":"standard","meta":{"amp_status":"","footnotes":""},"categories":[121],"tags":[99515,201,156964,604,87783,25673,229445,229444],"class_list":["post-168826","post","type-post","status-publish","format-standard","has-post-thumbnail","hentry","category-leste","tag-ibiracu","tag-ipatinga","tag-pces","tag-pcmg","tag-preso-em-ipatinga","tag-ramon-sandoli","tag-suspeito-de-participar-de-sapatinho-no-espirito-santo-e-preso-em-ipatinga","tag-suspeito-de-participar-de-sapatinho-no-espirito-santo-e-preso-no-vale-do-aco"],"_links":{"self":[{"href":"https:\/\/aconteceunovale.com.br\/portal\/index.php?rest_route=\/wp\/v2\/posts\/168826","targetHints":{"allow":["GET"]}}],"collection":[{"href":"https:\/\/aconteceunovale.com.br\/portal\/index.php?rest_route=\/wp\/v2\/posts"}],"about":[{"href":"https:\/\/aconteceunovale.com.br\/portal\/index.php?rest_route=\/wp\/v2\/types\/post"}],"author":[{"embeddable":true,"href":"https:\/\/aconteceunovale.com.br\/portal\/index.php?rest_route=\/wp\/v2\/users\/4"}],"replies":[{"embeddable":true,"href":"https:\/\/aconteceunovale.com.br\/portal\/index.php?rest_route=%2Fwp%2Fv2%2Fcomments&post=168826"}],"version-history":[{"count":1,"href":"https:\/\/aconteceunovale.com.br\/portal\/index.php?rest_route=\/wp\/v2\/posts\/168826\/revisions"}],"predecessor-version":[{"id":168827,"href":"https:\/\/aconteceunovale.com.br\/portal\/index.php?rest_route=\/wp\/v2\/posts\/168826\/revisions\/168827"}],"wp:featuredmedia":[{"embeddable":true,"href":"https:\/\/aconteceunovale.com.br\/portal\/index.php?rest_route=\/wp\/v2\/media\/151866"}],"wp:attachment":[{"href":"https:\/\/aconteceunovale.com.br\/portal\/index.php?rest_route=%2Fwp%2Fv2%2Fmedia&parent=168826"}],"wp:term":[{"taxonomy":"category","embeddable":true,"href":"https:\/\/aconteceunovale.com.br\/portal\/index.php?rest_route=%2Fwp%2Fv2%2Fcategories&post=168826"},{"taxonomy":"post_tag","embeddable":true,"href":"https:\/\/aconteceunovale.com.br\/portal\/index.php?rest_route=%2Fwp%2Fv2%2Ftags&post=168826"}],"curies":[{"name":"wp","href":"https:\/\/api.w.org\/{rel}","templated":true}]}}