{"id":168784,"date":"2020-10-02T00:08:38","date_gmt":"2020-10-02T03:08:38","guid":{"rendered":"https:\/\/aconteceunovale.com.br\/portal\/?p=168784"},"modified":"2020-10-02T00:09:29","modified_gmt":"2020-10-02T03:09:29","slug":"confira-a-escala-de-pagamento-dos-servidores-estaduais","status":"publish","type":"post","link":"https:\/\/aconteceunovale.com.br\/portal\/?p=168784","title":{"rendered":"Confira a escala de pagamento dos servidores estaduais"},"content":{"rendered":"\n<p>O\u00a0Governo de Minas\u00a0Gerais anunciou, nesta quinta-feira (1\/10\/2020), a escala de pagamento do sal\u00e1rio dos servidores estaduais referente ao m\u00eas de setembro.<\/p>\n\n\n\n<p>O sal\u00e1rio integral das \u00e1reas de Sa\u00fade e Seguran\u00e7a, que atuam na linha de frente do combate ao coronav\u00edrus, ser\u00e1 depositado no dia 9\/10, juntamente com a primeira parcela, no valor de R$ 2 mil,&nbsp;das demais categorias do funcionalismo.&nbsp;<\/p>\n\n\n\n<p>No dia 21\/10, os servidores recebem a segunda parcela. Ser\u00e3o utilizados recursos do Tesouro Estadual.<\/p>\n\n\n\n<p class=\"has-white-color has-vivid-cyan-blue-background-color has-text-color has-background\">Quer saber as not\u00edcias do <strong>Aconteceu no Vale<\/strong> em primeira m\u00e3o? Siga-nos no Facebook <a rel=\"noreferrer noopener\" href=\"http:\/\/facebook.com\/aconteceunovale\" target=\"_blank\">@aconteceunovale<\/a>, Twitter <a rel=\"noreferrer noopener\" href=\"https:\/\/twitter.com\/noticiadosvales\" target=\"_blank\">@noticiadosvales<\/a> e Instagram <a rel=\"noreferrer noopener\" href=\"https:\/\/www.instagram.com\/aconteceunovale\" target=\"_blank\">@aconteceunovale<\/a>.<\/p>\n","protected":false},"excerpt":{"rendered":"<p>O\u00a0Governo de Minas\u00a0Gerais anunciou, nesta quinta-feira (1\/10\/2020), a escala de pagamento do sal\u00e1rio dos servidores estaduais referente ao m\u00eas de setembro. O sal\u00e1rio integral das \u00e1reas de Sa\u00fade e Seguran\u00e7a, que atuam na linha de frente do combate ao coronav\u00edrus, ser\u00e1 depositado no dia 9\/10, juntamente com a primeira parcela, no valor de R$ 2 [&hellip;]<\/p>\n","protected":false},"author":4,"featured_media":157588,"comment_status":"open","ping_status":"closed","sticky":false,"template":"","format":"standard","meta":{"amp_status":"","footnotes":""},"categories":[123],"tags":[222086,1018,206535,206536,179027,179026,206538,206537,229394,206539,51191,224971,222083,206540,165569,229395,177628,206541,206542,229396],"class_list":["post-168784","post","type-post","status-publish","format-standard","has-post-thumbnail","hentry","category-gerais","tag-13o-de-2019-governo-de-minas","tag-destaque","tag-escala-de-pagamento-do-mes-de-setembro-para-os-servidores-publicos","tag-escala-de-pagamento-do-mes-de-setembro-para-os-servidores-publicos-de-minas-gerais","tag-escala-de-pagamento-governo-de-minas-gerais","tag-escala-governo-de-minas-gerais","tag-governo-de-minas-anuncia-escala-de-pagamento-para-o-mes-de-setembro","tag-governo-de-minas-anuncia-escala-de-pagamento-para-setembro","tag-governo-de-minas-anuncia-escala-de-pagamento-para-setembro-e-quitacao-integral-do-13o-de-2018","tag-governo-de-minas-divulga-a-escala-de-pagamento-do-mes-de-setembro","tag-governo-de-minas-gerais","tag-governo-de-minas-gerais-anuncia-escala-de-pagamento-dos-servidores","tag-governo-de-minas-gerais-anuncia-escala-de-pagamento-para-servidores","tag-governo-de-minas-gerais-divulga-escala-de-pagamento-de-setembro-aos-servidores","tag-pagamento-13o-governo-de-minas","tag-pagamento-do-salario-de-setembro-do-governo-de-minas","tag-pagamento-governo-de-minas-gerais","tag-pagamento-governo-de-minas-setembro","tag-pagamento-setembro-governo-de-minas","tag-salario-de-setembro-governo-de-minas"],"_links":{"self":[{"href":"https:\/\/aconteceunovale.com.br\/portal\/index.php?rest_route=\/wp\/v2\/posts\/168784","targetHints":{"allow":["GET"]}}],"collection":[{"href":"https:\/\/aconteceunovale.com.br\/portal\/index.php?rest_route=\/wp\/v2\/posts"}],"about":[{"href":"https:\/\/aconteceunovale.com.br\/portal\/index.php?rest_route=\/wp\/v2\/types\/post"}],"author":[{"embeddable":true,"href":"https:\/\/aconteceunovale.com.br\/portal\/index.php?rest_route=\/wp\/v2\/users\/4"}],"replies":[{"embeddable":true,"href":"https:\/\/aconteceunovale.com.br\/portal\/index.php?rest_route=%2Fwp%2Fv2%2Fcomments&post=168784"}],"version-history":[{"count":1,"href":"https:\/\/aconteceunovale.com.br\/portal\/index.php?rest_route=\/wp\/v2\/posts\/168784\/revisions"}],"predecessor-version":[{"id":168785,"href":"https:\/\/aconteceunovale.com.br\/portal\/index.php?rest_route=\/wp\/v2\/posts\/168784\/revisions\/168785"}],"wp:featuredmedia":[{"embeddable":true,"href":"https:\/\/aconteceunovale.com.br\/portal\/index.php?rest_route=\/wp\/v2\/media\/157588"}],"wp:attachment":[{"href":"https:\/\/aconteceunovale.com.br\/portal\/index.php?rest_route=%2Fwp%2Fv2%2Fmedia&parent=168784"}],"wp:term":[{"taxonomy":"category","embeddable":true,"href":"https:\/\/aconteceunovale.com.br\/portal\/index.php?rest_route=%2Fwp%2Fv2%2Fcategories&post=168784"},{"taxonomy":"post_tag","embeddable":true,"href":"https:\/\/aconteceunovale.com.br\/portal\/index.php?rest_route=%2Fwp%2Fv2%2Ftags&post=168784"}],"curies":[{"name":"wp","href":"https:\/\/api.w.org\/{rel}","templated":true}]}}