{"id":168781,"date":"2020-09-30T17:30:03","date_gmt":"2020-09-30T20:30:03","guid":{"rendered":"https:\/\/aconteceunovale.com.br\/portal\/?p=168781"},"modified":"2020-09-30T17:30:23","modified_gmt":"2020-09-30T20:30:23","slug":"renovacao-de-matricula-para-2021-na-rede-estadual-sera-on-line","status":"publish","type":"post","link":"https:\/\/aconteceunovale.com.br\/portal\/?p=168781","title":{"rendered":"Renova\u00e7\u00e3o de matr\u00edcula para 2021 na rede estadual ser\u00e1 on-line"},"content":{"rendered":"\n<p>A renova\u00e7\u00e3o da matr\u00edcula dos estudantes da rede p\u00fablica estadual de Minas que pretendem permanecer na mesma escola estar\u00e1 aberta entre 9 e 30\/10. Neste ano, de acordo com a Resolu\u00e7\u00e3o SEE 4.421, publicada nesta quarta-feira (30\/9),&nbsp;<a href=\"https:\/\/www.jornalminasgerais.mg.gov.br\/?dataJornal=2020-09-30#caderno-jornal\" target=\"_blank\" rel=\"noreferrer noopener\">na p\u00e1gina 24, do Di\u00e1rio Oficial do Estado<\/a>, o processo ser\u00e1 feito de forma on-line, sem necessidade de comparecimento&nbsp;\u00e0 unidade de ensino.<\/p>\n\n\n\n<p>A renova\u00e7\u00e3o de matr\u00edcula ser\u00e1 formalizada pelos respons\u00e1veis ou pelo pr\u00f3prio aluno, quando maior de idade, no endere\u00e7o&nbsp;<a href=\"http:\/\/www.renovacao.educacao.mg.gov.br\/\" target=\"_blank\" rel=\"noreferrer noopener\">www.renovacao.educacao.mg.gov.br<\/a>. No caso dos estudantes que n\u00e3o t\u00eam acesso \u00e0 internet, as fam\u00edlias devem entrar em contato com a escola por telefone, aplicativo de mensagens&nbsp;ou&nbsp;outros meios dispon\u00edveis, dentro deste mesmo per\u00edodo.&nbsp;<\/p>\n\n\n\n<p>O aluno que j\u00e1 est\u00e1 matriculado, em 2020, na escola estadual, e que dar\u00e1 continuidade aos estudos em 2021, ter\u00e1 assegurado o direito de perman\u00eancia na mesma unidade de ensino, desde que haja turmas previstas para o ano seguinte ou, nos casos de reten\u00e7\u00e3o, para o mesmo ano que cursou. Para quem pretende mudar de escola ou trocar de outra rede para a estadual, ser\u00e1 preciso aguardar o cadastramento escolar, em novembro.<\/p>\n\n\n\n<p>Os documentos que comprovam os dados informados na renova\u00e7\u00e3o de matr\u00edcula podem ser solicitados pela escola quando houver retorno \u00e0s atividades presenciais.&nbsp;<\/p>\n\n\n\n<p><strong>Processo<\/strong><\/p>\n\n\n\n<p>Para&nbsp;renovar a&nbsp;matr\u00edcula, pais\/respons\u00e1veis ou o aluno com mais de 18 anos devem acessar o site&nbsp;<a href=\"http:\/\/renovacao.educacao.mg.gov.br\/\" target=\"_blank\" rel=\"noreferrer noopener\">renovacao.educacao.mg.gov.br<\/a>&nbsp;entre 9 e 30\/10. Ser\u00e1 necess\u00e1rio inserir o n\u00famero da matr\u00edcula no campo destinado ao login, e a data de nascimento com dia, m\u00eas e ano com os quatro d\u00edgitos (sem barras), no espa\u00e7o destinado \u00e0 senha.<\/p>\n\n\n\n<p>Caso o estudante n\u00e3o tenha o n\u00famero da matr\u00edcula, basta clicar na op\u00e7\u00e3o \u201crecuperar n\u00famero de matr\u00edcula do aluno\u201d. Com isso, o sistema solicitar\u00e1 identifica\u00e7\u00e3o da escola onde o aluno est\u00e1 matriculado, seu nome completo, data de nascimento e o nome da m\u00e3e ou do pai.<\/p>\n\n\n\n<p>Ao concluir o procedimento, ser\u00e1 disponibilizado o comprovante de renova\u00e7\u00e3o, que pode ser impresso ou salvo em formato PDF.<\/p>\n\n\n\n<p class=\"has-white-color has-vivid-cyan-blue-background-color has-text-color has-background\">Quer saber as not\u00edcias do <strong>Aconteceu no Vale<\/strong> em primeira m\u00e3o? Siga-nos no Facebook <a rel=\"noreferrer noopener\" href=\"http:\/\/facebook.com\/aconteceunovale\" target=\"_blank\">@aconteceunovale<\/a>, Twitter <a rel=\"noreferrer noopener\" href=\"https:\/\/twitter.com\/noticiadosvales\" target=\"_blank\">@noticiadosvales<\/a> e Instagram <a rel=\"noreferrer noopener\" href=\"https:\/\/www.instagram.com\/aconteceunovale\" target=\"_blank\">@aconteceunovale<\/a>.<\/p>\n","protected":false},"excerpt":{"rendered":"<p>A renova\u00e7\u00e3o da matr\u00edcula dos estudantes da rede p\u00fablica estadual de Minas que pretendem permanecer na mesma escola estar\u00e1 aberta entre 9 e 30\/10. Neste ano, de acordo com a Resolu\u00e7\u00e3o SEE 4.421, publicada nesta quarta-feira (30\/9),&nbsp;na p\u00e1gina 24, do Di\u00e1rio Oficial do Estado, o processo ser\u00e1 feito de forma on-line, sem necessidade de comparecimento&nbsp;\u00e0 [&hellip;]<\/p>\n","protected":false},"author":4,"featured_media":168782,"comment_status":"open","ping_status":"closed","sticky":false,"template":"","format":"standard","meta":{"amp_status":"","footnotes":""},"categories":[40238,123],"tags":[229392,229393,229390,229388,229389,133841,229391],"class_list":["post-168781","post","type-post","status-publish","format-standard","has-post-thumbnail","hentry","category-educacao-2","category-gerais","tag-endereco-para-renovacao-de-matricula-para-2021","tag-renovacao-de-matricula-em-minas-gerais","tag-renovacao-de-matricula-para-2021","tag-renovacao-de-matricula-para-2021-na-rede-estadual","tag-renovacao-de-matricula-para-2021-na-rede-estadual-em-minas-gerais","tag-see-mg","tag-site-para-renovacao-de-matricula-para-2021"],"_links":{"self":[{"href":"https:\/\/aconteceunovale.com.br\/portal\/index.php?rest_route=\/wp\/v2\/posts\/168781","targetHints":{"allow":["GET"]}}],"collection":[{"href":"https:\/\/aconteceunovale.com.br\/portal\/index.php?rest_route=\/wp\/v2\/posts"}],"about":[{"href":"https:\/\/aconteceunovale.com.br\/portal\/index.php?rest_route=\/wp\/v2\/types\/post"}],"author":[{"embeddable":true,"href":"https:\/\/aconteceunovale.com.br\/portal\/index.php?rest_route=\/wp\/v2\/users\/4"}],"replies":[{"embeddable":true,"href":"https:\/\/aconteceunovale.com.br\/portal\/index.php?rest_route=%2Fwp%2Fv2%2Fcomments&post=168781"}],"version-history":[{"count":1,"href":"https:\/\/aconteceunovale.com.br\/portal\/index.php?rest_route=\/wp\/v2\/posts\/168781\/revisions"}],"predecessor-version":[{"id":168783,"href":"https:\/\/aconteceunovale.com.br\/portal\/index.php?rest_route=\/wp\/v2\/posts\/168781\/revisions\/168783"}],"wp:featuredmedia":[{"embeddable":true,"href":"https:\/\/aconteceunovale.com.br\/portal\/index.php?rest_route=\/wp\/v2\/media\/168782"}],"wp:attachment":[{"href":"https:\/\/aconteceunovale.com.br\/portal\/index.php?rest_route=%2Fwp%2Fv2%2Fmedia&parent=168781"}],"wp:term":[{"taxonomy":"category","embeddable":true,"href":"https:\/\/aconteceunovale.com.br\/portal\/index.php?rest_route=%2Fwp%2Fv2%2Fcategories&post=168781"},{"taxonomy":"post_tag","embeddable":true,"href":"https:\/\/aconteceunovale.com.br\/portal\/index.php?rest_route=%2Fwp%2Fv2%2Ftags&post=168781"}],"curies":[{"name":"wp","href":"https:\/\/api.w.org\/{rel}","templated":true}]}}