{"id":168775,"date":"2020-09-30T17:24:08","date_gmt":"2020-09-30T20:24:08","guid":{"rendered":"https:\/\/aconteceunovale.com.br\/portal\/?p=168775"},"modified":"2020-09-30T17:24:45","modified_gmt":"2020-09-30T20:24:45","slug":"macrorregioes-leste-jequitinhonha-e-centro-sul-avancam-para-a-onda-verde-do-plano-minas-consciente","status":"publish","type":"post","link":"https:\/\/aconteceunovale.com.br\/portal\/?p=168775","title":{"rendered":"Macrorregi\u00f5es Leste, Jequitinhonha e Centro-Sul avan\u00e7am para a onda verde do plano Minas Consciente"},"content":{"rendered":"\n<p>As macrorregi\u00f5es de Sa\u00fade Leste, Jequitinhonha e Centro-Sul avan\u00e7aram, nesta quarta-feira (30\/9\/2020) para a onda verde do plano\u00a0<a rel=\"noreferrer noopener\" href=\"http:\/\/www.mg.gov.br\/minasconsciente\" target=\"_blank\">Minas Consciente<\/a>, criado pelo\u00a0Governo de Minas\u00a0para garantir a retomada segura e respons\u00e1vel da economia nos munic\u00edpios. Elas se unem \u00e0 Norte, que j\u00e1 estava na categoria desde o dia 2\/9. Todas as outras regi\u00f5es do estado est\u00e3o mantidas na onda amarela.<\/p>\n\n\n\n<p>O avan\u00e7o foi aprovado pelo Comit\u00ea Extraordin\u00e1rio Covid-19, que considerou, entre outros fatores, a taxa de contamina\u00e7\u00e3o nos munic\u00edpios e a capacidade de atendimento m\u00e9dico.<br><br>O\u00a0secret\u00e1rio-geral\u00a0Mateus Sim\u00f5es\u00a0destacou que as progress\u00f5es refletem o bom desempenho no combate \u00e0 pandemia.\u00a0<br><br>\u201cN\u00f3s estamos, h\u00e1 mais de 15 dias, sem nenhuma regi\u00e3o em onda vermelha, o que significa que a maior parte das atividades j\u00e1 podem retornar ao seu funcionamento, ainda que n\u00e3o de forma plena. As cidades mineiras est\u00e3o iniciando um novo normal\u201d, afirmou.<\/p>\n\n\n\n<figure class=\"wp-block-image size-large\"><img loading=\"lazy\" decoding=\"async\" width=\"678\" height=\"422\" src=\"https:\/\/aconteceunovale.com.br\/portal\/wp-content\/uploads\/2020\/09\/jequitinhonha_onda_verde_1.jpeg\" alt=\"\" class=\"wp-image-168776\" srcset=\"https:\/\/aconteceunovale.com.br\/portal\/wp-content\/uploads\/2020\/09\/jequitinhonha_onda_verde_1.jpeg 678w, https:\/\/aconteceunovale.com.br\/portal\/wp-content\/uploads\/2020\/09\/jequitinhonha_onda_verde_1-300x187.jpeg 300w, https:\/\/aconteceunovale.com.br\/portal\/wp-content\/uploads\/2020\/09\/jequitinhonha_onda_verde_1-675x420.jpeg 675w\" sizes=\"auto, (max-width: 678px) 100vw, 678px\" \/><\/figure>\n\n\n\n<p>Sim\u00f5es tamb\u00e9m lembrou que, a partir da pr\u00f3xima segunda-feira (5\/9), as cidades que est\u00e3o em onda verde poder\u00e3o iniciar a reabertura dos servi\u00e7os educacionais.<br><br>\u201cNesses locais, poder\u00e3o voltar a funcionar escolas infantis, fundamentais e de ensino m\u00e9dio &#8211; sempre dependendo da decis\u00e3o do prefeito. \u00c9 uma boa not\u00edcia no avan\u00e7o do combate \u00e0 pandemia em Minas Gerais\u201d, disse.<br><br>At\u00e9 esta quarta-feira, 3\/4 dos munic\u00edpios mineiros (655) aderiram ao plano Minas Consciente, impactando cerca de 14,3 milh\u00f5es de pessoas.\u00a0<\/p>\n\n\n\n<h2 class=\"wp-block-heading\"><strong>Onda Amarela<\/strong><\/h2>\n\n\n\n<figure class=\"wp-block-image size-large\"><img loading=\"lazy\" decoding=\"async\" width=\"678\" height=\"422\" src=\"https:\/\/aconteceunovale.com.br\/portal\/wp-content\/uploads\/2020\/09\/jequitinhonha_onda_verde_2.jpeg\" alt=\"\" class=\"wp-image-168777\" srcset=\"https:\/\/aconteceunovale.com.br\/portal\/wp-content\/uploads\/2020\/09\/jequitinhonha_onda_verde_2.jpeg 678w, https:\/\/aconteceunovale.com.br\/portal\/wp-content\/uploads\/2020\/09\/jequitinhonha_onda_verde_2-300x187.jpeg 300w, https:\/\/aconteceunovale.com.br\/portal\/wp-content\/uploads\/2020\/09\/jequitinhonha_onda_verde_2-675x420.jpeg 675w\" sizes=\"auto, (max-width: 678px) 100vw, 678px\" \/><\/figure>\n\n\n\n<p>As macrorregi\u00f5es de Sa\u00fade Noroeste,&nbsp;<a href=\"http:\/\/www.agenciaminas.mg.gov.br\/ckeditor_assets\/attachments\/8141\/06_-_regional_nordeste.pdf\" target=\"_blank\" rel=\"noreferrer noopener\">Nordeste<\/a>, &nbsp;<a href=\"http:\/\/www.agenciaminas.mg.gov.br\/ckeditor_assets\/attachments\/8231\/01_-_regional_centro_vr.pdf\" target=\"_blank\" rel=\"noreferrer noopener\">Centro<\/a>,&nbsp;<a href=\"http:\/\/www.agenciaminas.mg.gov.br\/ckeditor_assets\/attachments\/8149\/14_-_regional_vale_do_aco.pdf\" target=\"_blank\" rel=\"noreferrer noopener\">Vale do A\u00e7o<\/a>,&nbsp;<a href=\"http:\/\/www.agenciaminas.mg.gov.br\/ckeditor_assets\/attachments\/8147\/12_-_regional_triangulo_norte.pdf\" target=\"_blank\" rel=\"noreferrer noopener\">Tri\u00e2ngulo do Norte<\/a>,&nbsp;<a href=\"http:\/\/www.agenciaminas.mg.gov.br\/ckeditor_assets\/attachments\/8148\/13_-_regional_triangulo_sul.pdf\" target=\"_blank\" rel=\"noreferrer noopener\">Tri\u00e2ngulo do Sul<\/a>,&nbsp;<a href=\"http:\/\/www.agenciaminas.mg.gov.br\/ckeditor_assets\/attachments\/8144\/09_-_regional_oeste.pdf\" target=\"_blank\" rel=\"noreferrer noopener\">Oeste<\/a>,&nbsp;<a href=\"http:\/\/www.agenciaminas.mg.gov.br\/ckeditor_assets\/attachments\/8146\/11_-_regional_sul.pdf\" target=\"_blank\" rel=\"noreferrer noopener\">Sul<\/a>,&nbsp;<a href=\"http:\/\/www.agenciaminas.mg.gov.br\/ckeditor_assets\/attachments\/8145\/10_-_regional_sudeste.pdf\" target=\"_blank\" rel=\"noreferrer noopener\">Sudeste<\/a>&nbsp;e&nbsp;<a href=\"http:\/\/www.agenciaminas.mg.gov.br\/ckeditor_assets\/attachments\/8140\/05_-_regional_leste_do_sul.pdf\" target=\"_blank\" rel=\"noreferrer noopener\">Leste do Sul<\/a>&nbsp;apresentaram \u00edndices favor\u00e1veis para a abertura de servi\u00e7os n\u00e3o essenciais, contemplados pela onda amarela.<br><br>Nesta fase, s\u00e3o permitidos:<br><br>&#8211; Bares (consumo no local);<br>&#8211; Autoescolas e cursos de pilotagem;<br>&#8211; Sal\u00f5es de beleza e atividades de est\u00e9tica;<br>&#8211; Com\u00e9rcio de eletrodom\u00e9sticos e equipamentos de \u00e1udio e v\u00eddeo;<br>&#8211; Papelarias, lojas de livros, discos e revistas;<br>&#8211; Lojas de roupas, bijuterias, joias, cal\u00e7ados, e artigos de viagem;<br>&#8211; Com\u00e9rcio de itens de cama, mesa e banho;<br>&#8211; Lojas de m\u00f3veis e lustres;<br>&#8211; Imobili\u00e1rias;<br>&#8211; Lojas de departamento e duty free;<br>&#8211; Lojas de brinquedos;<br>&#8211; Academias (com restri\u00e7\u00f5es)<br>&#8211; Ag\u00eancias de viagem<br>&#8211; Clubes<\/p>\n\n\n\n<h2 class=\"wp-block-heading\"><strong>Onda verde<\/strong><\/h2>\n\n\n\n<figure class=\"wp-block-image size-large\"><img loading=\"lazy\" decoding=\"async\" width=\"678\" height=\"422\" src=\"https:\/\/aconteceunovale.com.br\/portal\/wp-content\/uploads\/2020\/09\/jequitinhonha_onda_verde_3.jpeg\" alt=\"\" class=\"wp-image-168778\" srcset=\"https:\/\/aconteceunovale.com.br\/portal\/wp-content\/uploads\/2020\/09\/jequitinhonha_onda_verde_3.jpeg 678w, https:\/\/aconteceunovale.com.br\/portal\/wp-content\/uploads\/2020\/09\/jequitinhonha_onda_verde_3-300x187.jpeg 300w, https:\/\/aconteceunovale.com.br\/portal\/wp-content\/uploads\/2020\/09\/jequitinhonha_onda_verde_3-675x420.jpeg 675w\" sizes=\"auto, (max-width: 678px) 100vw, 678px\" \/><\/figure>\n\n\n\n<p>As macrorregi\u00f5es Norte,&nbsp;<a href=\"http:\/\/www.agenciaminas.mg.gov.br\/ckeditor_assets\/attachments\/8138\/03_-_regional_jequitinhonha.pdf\" target=\"_blank\" rel=\"noreferrer noopener\">Jequitinhonha<\/a>,&nbsp;<a href=\"http:\/\/www.agenciaminas.mg.gov.br\/ckeditor_assets\/attachments\/8139\/04_-_regional_leste.pdf\" target=\"_blank\" rel=\"noreferrer noopener\">Leste<\/a>&nbsp;e&nbsp;<a href=\"http:\/\/www.agenciaminas.mg.gov.br\/ckeditor_assets\/attachments\/8137\/02_-_regional_centro_sul.pdf\" target=\"_blank\" rel=\"noreferrer noopener\">Centro-Sul<\/a>&nbsp;apresentaram um quadro controlado da doen\u00e7a ap\u00f3s passar 28 dias na onda amarela*, o que permitiu o avan\u00e7o para a onda verde, que permite a abertura de servi\u00e7os n\u00e3o essenciais com alto risco de cont\u00e1gio.<br><br>S\u00e3o eles:<br><br>&#8211; Atividades art\u00edsticas, como produ\u00e7\u00e3o teatral, musical e de dan\u00e7a e circo<br>&#8211; Cinemas, bibliotecas, museus, arquivos<br>&#8211; Parques, zool\u00f3gicos e jardins<br>&#8211; Feiras, congressos, exposi\u00e7\u00f5es, filmagens de festas, casas de festas, buf\u00ea<br>&#8211; Parques de divers\u00e3o, discotecas, boliches, sinuca<br>&#8211; Bares com entretenimento (shows e espet\u00e1culos)<br>&#8211; Servi\u00e7os de coloca\u00e7\u00e3o de piercings e tatuagens<\/p>\n\n\n\n<p><em>*Para avan\u00e7ar para a onda verde, as cidades precisam estar h\u00e1 28 dias consecutivos na onda amarela, sem sofrer retrocessos durante esse per\u00edodo.<\/em><\/p>\n\n\n\n<h2 class=\"wp-block-heading\"><strong>Microrregi\u00f5es<\/strong><\/h2>\n\n\n\n<p>Al\u00e9m das macrorregi\u00f5es, os dados das 67 microrregi\u00f5es mineiras s\u00e3o considerados pelo Comit\u00ea Executivo Covid-19, permitindo que elas sejam divididas por ondas, conforme as realidades espec\u00edficas. Caso as ondas indicadas para as macro e microrregi\u00f5es sejam diferentes, caber\u00e1 a cada prefeito optar por qual das duas recomenda\u00e7\u00f5es seguir.\u00a0<br><br>Confira a\u00a0<a rel=\"noreferrer noopener\" href=\"http:\/\/www.agenciaminas.mg.gov.br\/ckeditor_assets\/attachments\/9170\/analise_de_macro_e_micro_-_novo_minas_consciente_v16.xls\" target=\"_blank\">planilha<\/a>\u00a0com os munic\u00edpios inclu\u00eddos nas microrregi\u00f5es.<\/p>\n\n\n\n<p class=\"has-white-color has-vivid-cyan-blue-background-color has-text-color has-background\">Quer saber as not\u00edcias do <strong>Aconteceu no Vale<\/strong> em primeira m\u00e3o? Siga-nos no Facebook <a rel=\"noreferrer noopener\" href=\"http:\/\/facebook.com\/aconteceunovale\" target=\"_blank\">@aconteceunovale<\/a>, Twitter <a rel=\"noreferrer noopener\" href=\"https:\/\/twitter.com\/noticiadosvales\" target=\"_blank\">@noticiadosvales<\/a> e Instagram <a rel=\"noreferrer noopener\" href=\"https:\/\/www.instagram.com\/aconteceunovale\" target=\"_blank\">@aconteceunovale<\/a>.<\/p>\n","protected":false},"excerpt":{"rendered":"<p>As macrorregi\u00f5es de Sa\u00fade Leste, Jequitinhonha e Centro-Sul avan\u00e7aram, nesta quarta-feira (30\/9\/2020) para a onda verde do plano\u00a0Minas Consciente, criado pelo\u00a0Governo de Minas\u00a0para garantir a retomada segura e respons\u00e1vel da economia nos munic\u00edpios. Elas se unem \u00e0 Norte, que j\u00e1 estava na categoria desde o dia 2\/9. Todas as outras regi\u00f5es do estado est\u00e3o mantidas [&hellip;]<\/p>\n","protected":false},"author":4,"featured_media":168779,"comment_status":"open","ping_status":"closed","sticky":false,"template":"","format":"standard","meta":{"amp_status":"","footnotes":""},"categories":[121,123,1236,40242,120],"tags":[226899,227899,227901,752,226639,217799,219851,219853,225459,214884,216498,221718,1018,226771,226773,225458,226298,228272,226455,219855,226300,226452,226453,226451,226299,226772,215653,226301,226535,221717,219854,219852,217692,222637,227897,227898,227900,221719,226454,220285,220287,220286],"class_list":["post-168775","post","type-post","status-publish","format-standard","has-post-thumbnail","hentry","category-leste","category-gerais","category-norte_de_minas","category-saude-2","category-jequi","tag-362-cidades-de-pequeno-porte-passarao-automaticamente-para-a-onda-amarela-do-minas-consciente","tag-abertura-das-academias-de-ginastica","tag-abertura-das-agencias-de-turismo","tag-almg","tag-atividades-economicas-terao-protocolo-unico-na-nova-fase-do-plano-minas-consciente","tag-casos-de-coronavirus-em-minas-gerais","tag-casos-de-covid-19-em-minas-gerais","tag-cidades-com-casos-de-coronavirus-em-minas-gerais","tag-consulta-publica-minas-consciente","tag-coronavirus","tag-covid-19","tag-curados-do-coronavirus-em-minas-gerais","tag-destaque","tag-entenda-a-divisao-por-ondas-nas-novas-regras-do-plano-minas-consciente","tag-entenda-as-ondas-do-minas-consciente","tag-governo-lanca-consulta-publica-sobre-o-plano-minas-consciente","tag-governo-lanca-novas-regras-para-o-plano-minas-consciente","tag-mais-quatro-regioes-poderao-avancar-para-a-onda-amarela-do-plano-minas-consciente","tag-microrregioes-minas-consciente","tag-mortes-por-coronavirus-em-minas-gerais","tag-mudancas-no-minas-consciente","tag-municipios-pequenos","tag-municipios-pequenos-minas-consciente","tag-municipios-receberao-tratamento-individualizado-na-nova-fase-do-minas-consciente","tag-novas-regras-do-minas-consciente","tag-novas-regras-do-plano-minas-consciente","tag-novo-coronavirus","tag-novo-minas-consciente","tag-novos-indicadores-do-plano-minas-consciente-vao-simplificar-tomada-de-decisao-de-prefeitos","tag-numero-de-curados-do-coronavirus-em-minas-gerais","tag-numeros-do-coronavirus-em-minas-gerais","tag-obitos-por-coronavirus-em-minas-gerias","tag-pandemia-de-coronavirus","tag-plano-minas-consciente","tag-plano-minas-consciente-tera-protocolo-para-academias-de-ginastica-e-agencias-de-turismo-na-onda-amarela","tag-reabertura-das-academias-de-ginastica","tag-reabertura-das-agencia-de-turismo","tag-recuperados-do-coronavirus-em-minas-gerais","tag-regioes-minas-consciente","tag-secretaria-de-saude-atualiza-numeros-do-coronavirus-em-minas-gerais","tag-secretaria-de-saude-de-minas-gerais-atualiza-numeros-do-coronavirus","tag-ses-mg-atualiza-numeros-do-coronavirus"],"_links":{"self":[{"href":"https:\/\/aconteceunovale.com.br\/portal\/index.php?rest_route=\/wp\/v2\/posts\/168775","targetHints":{"allow":["GET"]}}],"collection":[{"href":"https:\/\/aconteceunovale.com.br\/portal\/index.php?rest_route=\/wp\/v2\/posts"}],"about":[{"href":"https:\/\/aconteceunovale.com.br\/portal\/index.php?rest_route=\/wp\/v2\/types\/post"}],"author":[{"embeddable":true,"href":"https:\/\/aconteceunovale.com.br\/portal\/index.php?rest_route=\/wp\/v2\/users\/4"}],"replies":[{"embeddable":true,"href":"https:\/\/aconteceunovale.com.br\/portal\/index.php?rest_route=%2Fwp%2Fv2%2Fcomments&post=168775"}],"version-history":[{"count":1,"href":"https:\/\/aconteceunovale.com.br\/portal\/index.php?rest_route=\/wp\/v2\/posts\/168775\/revisions"}],"predecessor-version":[{"id":168780,"href":"https:\/\/aconteceunovale.com.br\/portal\/index.php?rest_route=\/wp\/v2\/posts\/168775\/revisions\/168780"}],"wp:featuredmedia":[{"embeddable":true,"href":"https:\/\/aconteceunovale.com.br\/portal\/index.php?rest_route=\/wp\/v2\/media\/168779"}],"wp:attachment":[{"href":"https:\/\/aconteceunovale.com.br\/portal\/index.php?rest_route=%2Fwp%2Fv2%2Fmedia&parent=168775"}],"wp:term":[{"taxonomy":"category","embeddable":true,"href":"https:\/\/aconteceunovale.com.br\/portal\/index.php?rest_route=%2Fwp%2Fv2%2Fcategories&post=168775"},{"taxonomy":"post_tag","embeddable":true,"href":"https:\/\/aconteceunovale.com.br\/portal\/index.php?rest_route=%2Fwp%2Fv2%2Ftags&post=168775"}],"curies":[{"name":"wp","href":"https:\/\/api.w.org\/{rel}","templated":true}]}}