{"id":168718,"date":"2020-09-22T23:22:50","date_gmt":"2020-09-23T02:22:50","guid":{"rendered":"https:\/\/aconteceunovale.com.br\/portal\/?p=168718"},"modified":"2020-09-22T23:23:03","modified_gmt":"2020-09-23T02:23:03","slug":"policia-realiza-operacao-para-prender-casal-envolvido-com-o-trafico-em-aracuai","status":"publish","type":"post","link":"https:\/\/aconteceunovale.com.br\/portal\/?p=168718","title":{"rendered":"Pol\u00edcia realiza opera\u00e7\u00e3o para prender casal envolvido com o tr\u00e1fico em Ara\u00e7ua\u00ed"},"content":{"rendered":"\n<p>A Pol\u00edcia Civil de Minas Gerais (PCMG) realizou, no domingo (20\/9\/2020), opera\u00e7\u00e3o na cidade de Ara\u00e7ua\u00ed, no Vale do Jequitinhonha, para prender um fugitivo do Sistema Prisional e a esposa dele, ambos de 36 anos. De acordo com as investiga\u00e7\u00f5es, que duraram cerca de tr\u00eas meses, o casal teria participa\u00e7\u00e3o ativa no tr\u00e1fico il\u00edcito de entorpecentes e em uso ostensivo de armas de fogo.<\/p>\n\n\n\n<p>Durante a abordagem policial, o suspeito demonstrou resist\u00eancia, efetuou diversos disparos de arma de fogo contra os policiais e acabou sendo atingido e morto no confronto. Ele j\u00e1 tinha condena\u00e7\u00e3o judicial a 70 anos de pris\u00e3o. A mulher dele foi presa, em cumprimento a dois mandados de pris\u00e3o por tr\u00e1fico de drogas, e encaminhada ao Sistema Prisional.<\/p>\n\n\n\n<p>Segundo a Pol\u00edcia Civil, <em>\u201cno curso da a\u00e7\u00e3o foram apreendidos um rev\u00f3lver, 36 muni\u00e7\u00f5es e 13 estojos deflagrados, todos calibres 38; uma escopeta e 22 muni\u00e7\u00f5es calibres 12; plantas de maconha; 175 gramas de pasta base; 4500 pinos para embalar coca\u00edna; quatro rolos de cord\u00e9is detonantes; 12 espoletas el\u00e9tricas e um aparelho celular.\u201d<\/em><\/p>\n\n\n\n<figure class=\"wp-block-gallery columns-1 is-cropped wp-block-gallery-1 is-layout-flex wp-block-gallery-is-layout-flex\"><ul class=\"blocks-gallery-grid\"><li class=\"blocks-gallery-item\"><figure><img loading=\"lazy\" decoding=\"async\" width=\"650\" height=\"450\" src=\"https:\/\/aconteceunovale.com.br\/portal\/wp-content\/uploads\/2020\/09\/operacao_trafico_aracuai.jpg\" alt=\"\" data-id=\"168719\" data-full-url=\"https:\/\/aconteceunovale.com.br\/portal\/wp-content\/uploads\/2020\/09\/operacao_trafico_aracuai.jpg\" data-link=\"https:\/\/aconteceunovale.com.br\/portal\/?attachment_id=168719\" class=\"wp-image-168719\" srcset=\"https:\/\/aconteceunovale.com.br\/portal\/wp-content\/uploads\/2020\/09\/operacao_trafico_aracuai.jpg 650w, https:\/\/aconteceunovale.com.br\/portal\/wp-content\/uploads\/2020\/09\/operacao_trafico_aracuai-300x208.jpg 300w, https:\/\/aconteceunovale.com.br\/portal\/wp-content\/uploads\/2020\/09\/operacao_trafico_aracuai-100x70.jpg 100w, https:\/\/aconteceunovale.com.br\/portal\/wp-content\/uploads\/2020\/09\/operacao_trafico_aracuai-218x150.jpg 218w, https:\/\/aconteceunovale.com.br\/portal\/wp-content\/uploads\/2020\/09\/operacao_trafico_aracuai-607x420.jpg 607w\" sizes=\"auto, (max-width: 650px) 100vw, 650px\" \/><figcaption class=\"blocks-gallery-item__caption\"><em>Foto: Divulga\u00e7\u00e3o\/PCMG<\/em><\/figcaption><\/figure><\/li><\/ul><\/figure>\n\n\n\n<p class=\"has-white-color has-vivid-cyan-blue-background-color has-text-color has-background\">Quer saber as not\u00edcias do <strong>Aconteceu no Vale<\/strong> em primeira m\u00e3o? Siga-nos no Facebook <a rel=\"noreferrer noopener\" href=\"http:\/\/facebook.com\/aconteceunovale\" target=\"_blank\">@aconteceunovale<\/a>, Twitter <a rel=\"noreferrer noopener\" href=\"https:\/\/twitter.com\/noticiadosvales\" target=\"_blank\">@noticiadosvales<\/a> e Instagram <a rel=\"noreferrer noopener\" href=\"https:\/\/www.instagram.com\/aconteceunovale\" target=\"_blank\">@aconteceunovale<\/a>.<\/p>\n","protected":false},"excerpt":{"rendered":"<p>A Pol\u00edcia Civil de Minas Gerais (PCMG) realizou, no domingo (20\/9\/2020), opera\u00e7\u00e3o na cidade de Ara\u00e7ua\u00ed, no Vale do Jequitinhonha, para prender um fugitivo do Sistema Prisional e a esposa dele, ambos de 36 anos. De acordo com as investiga\u00e7\u00f5es, que duraram cerca de tr\u00eas meses, o casal teria participa\u00e7\u00e3o ativa no tr\u00e1fico il\u00edcito de [&hellip;]<\/p>\n","protected":false},"author":4,"featured_media":168719,"comment_status":"open","ping_status":"closed","sticky":false,"template":"","format":"standard","meta":{"amp_status":"","footnotes":""},"categories":[120],"tags":[186,1018,229324,229323,229321,604,229322,229325,162425],"class_list":["post-168718","post","type-post","status-publish","format-standard","has-post-thumbnail","hentry","category-jequi","tag-aracuai","tag-destaque","tag-morto-durante-operacao-em-aracuai","tag-morto-pela-policia-em-aracuai","tag-operacao-para-prender-casal-envolvido-com-o-trafico-de-drogas-termina-com-suspeito-morto-em-aracuai","tag-pcmg","tag-policia-realiza-operacao-para-prender-casal-envolvido-com-o-trafico-em-aracuai","tag-suspeito-de-trafico-morto-em-aracuai","tag-trafico-em-aracuai"],"_links":{"self":[{"href":"https:\/\/aconteceunovale.com.br\/portal\/index.php?rest_route=\/wp\/v2\/posts\/168718","targetHints":{"allow":["GET"]}}],"collection":[{"href":"https:\/\/aconteceunovale.com.br\/portal\/index.php?rest_route=\/wp\/v2\/posts"}],"about":[{"href":"https:\/\/aconteceunovale.com.br\/portal\/index.php?rest_route=\/wp\/v2\/types\/post"}],"author":[{"embeddable":true,"href":"https:\/\/aconteceunovale.com.br\/portal\/index.php?rest_route=\/wp\/v2\/users\/4"}],"replies":[{"embeddable":true,"href":"https:\/\/aconteceunovale.com.br\/portal\/index.php?rest_route=%2Fwp%2Fv2%2Fcomments&post=168718"}],"version-history":[{"count":1,"href":"https:\/\/aconteceunovale.com.br\/portal\/index.php?rest_route=\/wp\/v2\/posts\/168718\/revisions"}],"predecessor-version":[{"id":168720,"href":"https:\/\/aconteceunovale.com.br\/portal\/index.php?rest_route=\/wp\/v2\/posts\/168718\/revisions\/168720"}],"wp:featuredmedia":[{"embeddable":true,"href":"https:\/\/aconteceunovale.com.br\/portal\/index.php?rest_route=\/wp\/v2\/media\/168719"}],"wp:attachment":[{"href":"https:\/\/aconteceunovale.com.br\/portal\/index.php?rest_route=%2Fwp%2Fv2%2Fmedia&parent=168718"}],"wp:term":[{"taxonomy":"category","embeddable":true,"href":"https:\/\/aconteceunovale.com.br\/portal\/index.php?rest_route=%2Fwp%2Fv2%2Fcategories&post=168718"},{"taxonomy":"post_tag","embeddable":true,"href":"https:\/\/aconteceunovale.com.br\/portal\/index.php?rest_route=%2Fwp%2Fv2%2Ftags&post=168718"}],"curies":[{"name":"wp","href":"https:\/\/api.w.org\/{rel}","templated":true}]}}