{"id":168715,"date":"2020-09-22T23:15:15","date_gmt":"2020-09-23T02:15:15","guid":{"rendered":"https:\/\/aconteceunovale.com.br\/portal\/?p=168715"},"modified":"2020-09-22T23:15:29","modified_gmt":"2020-09-23T02:15:29","slug":"policia-civil-conclui-investigacao-sobre-latrocinio-em-governador-valadares","status":"publish","type":"post","link":"https:\/\/aconteceunovale.com.br\/portal\/?p=168715","title":{"rendered":"Pol\u00edcia Civil conclui investiga\u00e7\u00e3o sobre latroc\u00ednio em Governador Valadares"},"content":{"rendered":"\n<p>Ap\u00f3s nove meses de investiga\u00e7\u00e3o, a Pol\u00edcia Civil de Minas Gerais (PCMG) concluiu, na \u00faltima semana, o inqu\u00e9rito que apurou o crime de latroc\u00ednio ocorrido no dia 21 de dezembro de 2019 que vitimou um idoso, de 77 anos, no distrito de Baguari, no munic\u00edpio de Governador Valadares (MG). Tr\u00eas suspeitos foram indiciados pela participa\u00e7\u00e3o no crime e outros dois pela recepta\u00e7\u00e3o de dois telefones celulares roubados.<\/p>\n\n\n\n<p>No dia dos fatos, os tr\u00eas suspeitos, de 34, 35 e 47 anos, teriam ido at\u00e9 a casa do idoso, localizada na \u00e1rea rural, pr\u00f3xima \u00e0 BR-381, com a inten\u00e7\u00e3o de furtar bens de valor da v\u00edtima. No entanto, ao chegarem ao local, um deles aguardou dentro do carro, enquanto os outros dois invadiram a resid\u00eancia, torturaram o morador e o mataram.<\/p>\n\n\n\n<p>Segundo a delegada que conduziu as investiga\u00e7\u00f5es, Lilian de Cales, o idoso foi encontrado sem vida, com p\u00e9s e m\u00e3os amarrados e um ferimento contundente na cabe\u00e7a. \u201cA partir da\u00ed, iniciamos as investiga\u00e7\u00f5es que, devido \u00e0 complexidade do caso e, considerando que n\u00e3o havia ind\u00edcios preliminares que apontassem a autoria, demandaram emprego de v\u00e1rias t\u00e9cnicas de intelig\u00eancia e investiga\u00e7\u00e3o. Com o laudo m\u00e9dico-pericial, foi conclu\u00eddo que a v\u00edtima faleceu em decorr\u00eancia de traumatismo craniano\u201d, salientou.<\/p>\n\n\n\n<p>De acordo com as investiga\u00e7\u00f5es, o im\u00f3vel da v\u00edtima j\u00e1 havia sido alvo de furto no in\u00edcio do ano passado. O crime foi planejado por um ex-funcion\u00e1rio do local que, inclusive, participou do latroc\u00ednio.<\/p>\n\n\n\n<p>Com a identifica\u00e7\u00e3o dos tr\u00eas suspeitos, a PCMG representou pelas pris\u00f5es deles durante as investiga\u00e7\u00f5es. Eles foram presos e permanecem \u00e0 disposi\u00e7\u00e3o da Justi\u00e7a.<\/p>\n\n\n\n<p><strong>V\u00eddeo sobre o caso:<\/strong><\/p>\n\n\n\n<figure class=\"wp-block-embed-youtube wp-block-embed is-type-rich is-provider-incorporar-manipulador wp-embed-aspect-16-9 wp-has-aspect-ratio\"><div class=\"wp-block-embed__wrapper\">\n<iframe loading=\"lazy\" title=\"Pol\u00edcia Civil conclui investiga\u00e7\u00e3o de latroc\u00ednio e indicia cinco suspeitos em Governador Valadares\" width=\"696\" height=\"392\" src=\"https:\/\/www.youtube.com\/embed\/uRiVjpopmfM?feature=oembed\" frameborder=\"0\" allow=\"accelerometer; autoplay; clipboard-write; encrypted-media; gyroscope; picture-in-picture\" allowfullscreen><\/iframe>\n<\/div><\/figure>\n\n\n\n<p class=\"has-white-color has-vivid-cyan-blue-background-color has-text-color has-background\">Quer saber as not\u00edcias do <strong>Aconteceu no Vale<\/strong> em primeira m\u00e3o? Siga-nos no Facebook <a rel=\"noreferrer noopener\" href=\"http:\/\/facebook.com\/aconteceunovale\" target=\"_blank\">@aconteceunovale<\/a>, Twitter <a rel=\"noreferrer noopener\" href=\"https:\/\/twitter.com\/noticiadosvales\" target=\"_blank\">@noticiadosvales<\/a> e Instagram <a rel=\"noreferrer noopener\" href=\"https:\/\/www.instagram.com\/aconteceunovale\" target=\"_blank\">@aconteceunovale<\/a>.<\/p>\n","protected":false},"excerpt":{"rendered":"<p>Ap\u00f3s nove meses de investiga\u00e7\u00e3o, a Pol\u00edcia Civil de Minas Gerais (PCMG) concluiu, na \u00faltima semana, o inqu\u00e9rito que apurou o crime de latroc\u00ednio ocorrido no dia 21 de dezembro de 2019 que vitimou um idoso, de 77 anos, no distrito de Baguari, no munic\u00edpio de Governador Valadares (MG). Tr\u00eas suspeitos foram indiciados pela participa\u00e7\u00e3o [&hellip;]<\/p>\n","protected":false},"author":4,"featured_media":151866,"comment_status":"open","ping_status":"closed","sticky":false,"template":"","format":"standard","meta":{"amp_status":"","footnotes":""},"categories":[121],"tags":[2364,229320,247,18800,229319,207037,604,229317,229318,18801],"class_list":["post-168715","post","type-post","status-publish","format-standard","has-post-thumbnail","hentry","category-leste","tag-baguari","tag-delegada-lilian-de-cales","tag-governador-valadares","tag-gv","tag-latrocinio-em-baguari","tag-latrocinio-em-governador-valadares","tag-pcmg","tag-policia-civil-conclui-investigacao-sobre-latrocinio-em-governador-valadares","tag-presos-por-latrocinio-em-governador-valadares","tag-valadares"],"_links":{"self":[{"href":"https:\/\/aconteceunovale.com.br\/portal\/index.php?rest_route=\/wp\/v2\/posts\/168715","targetHints":{"allow":["GET"]}}],"collection":[{"href":"https:\/\/aconteceunovale.com.br\/portal\/index.php?rest_route=\/wp\/v2\/posts"}],"about":[{"href":"https:\/\/aconteceunovale.com.br\/portal\/index.php?rest_route=\/wp\/v2\/types\/post"}],"author":[{"embeddable":true,"href":"https:\/\/aconteceunovale.com.br\/portal\/index.php?rest_route=\/wp\/v2\/users\/4"}],"replies":[{"embeddable":true,"href":"https:\/\/aconteceunovale.com.br\/portal\/index.php?rest_route=%2Fwp%2Fv2%2Fcomments&post=168715"}],"version-history":[{"count":1,"href":"https:\/\/aconteceunovale.com.br\/portal\/index.php?rest_route=\/wp\/v2\/posts\/168715\/revisions"}],"predecessor-version":[{"id":168717,"href":"https:\/\/aconteceunovale.com.br\/portal\/index.php?rest_route=\/wp\/v2\/posts\/168715\/revisions\/168717"}],"wp:featuredmedia":[{"embeddable":true,"href":"https:\/\/aconteceunovale.com.br\/portal\/index.php?rest_route=\/wp\/v2\/media\/151866"}],"wp:attachment":[{"href":"https:\/\/aconteceunovale.com.br\/portal\/index.php?rest_route=%2Fwp%2Fv2%2Fmedia&parent=168715"}],"wp:term":[{"taxonomy":"category","embeddable":true,"href":"https:\/\/aconteceunovale.com.br\/portal\/index.php?rest_route=%2Fwp%2Fv2%2Fcategories&post=168715"},{"taxonomy":"post_tag","embeddable":true,"href":"https:\/\/aconteceunovale.com.br\/portal\/index.php?rest_route=%2Fwp%2Fv2%2Ftags&post=168715"}],"curies":[{"name":"wp","href":"https:\/\/api.w.org\/{rel}","templated":true}]}}