{"id":168665,"date":"2020-09-20T23:09:03","date_gmt":"2020-09-21T02:09:03","guid":{"rendered":"https:\/\/aconteceunovale.com.br\/portal\/?p=168665"},"modified":"2020-09-20T23:09:14","modified_gmt":"2020-09-21T02:09:14","slug":"acidente-entre-van-e-caminhao-deixa-12-mortos-na-br-365","status":"publish","type":"post","link":"https:\/\/aconteceunovale.com.br\/portal\/?p=168665","title":{"rendered":"Acidente entre van e caminh\u00e3o deixa 12 mortos na BR-365"},"content":{"rendered":"\n<p>Doze pessoas morreram em um acidente envolvendo uma van e um caminh\u00e3o na BR-365, pr\u00f3ximo \u00e0 Curva dos Moreiras, entre as cidades Patos de Minas e Varj\u00e3o de Minas, na madrugada deste domingo (20\/9\/2020). Entre os mortos est\u00e1 uma crian\u00e7a.<\/p>\n\n\n\n<p>&#8220;A van com placa de Patroc\u00ednio estava vindo da BR-040, e a carreta estava no sentido contr\u00e1rio. J\u00e1 na BR-365, no momento do acidente, estava pegando fogo na beira da rodovia e uma \u00e1rvore, que tamb\u00e9m estava incendiada caiu sobre a via interditando a faixa da van. Na hora que o motorista viu a \u00e1rvore, ele desviou, indo para contram\u00e3o da dire\u00e7\u00e3o&#8221;, explicou o chefe da&nbsp;10\u00aa Delegacia da Pol\u00edcia Rodovi\u00e1ria Federal (PRF) em Patos de Minas, Daniel Mota.<\/p>\n\n\n\n<p>Ainda conforme ele, por causa da fuma\u00e7a na pista, o motorista da van n\u00e3o viu o caminh\u00e3o, licenciado em Itabaiana (SE), e houve a colis\u00e3o frontal. Segundo os militares do Corpo de Bombeiros, onze ocupantes da van, entre eles duas mulheres e uma crian\u00e7a de aproximadamente 10 anos, e o motorista do caminh\u00e3o, de 31 anos, morreram na hora. Ainda conforme os militares, v\u00edtimas foram arremessadas para fora dos ve\u00edculos.<\/p>\n\n\n\n<p>Segundo o Corpo de Bombeiros, a van transportava\u00a0trabalhadores rurais do Norte de Minas, dos munic\u00edpios de S\u00e3o Jo\u00e3o da Ponte, Janu\u00e1ria, Bras\u00edlia de Minas e Pedras de Maria da Cruz, e estavam indo a Patroc\u00ednio para a colheita do caf\u00e9.<\/p>\n\n\n\n<figure class=\"wp-block-gallery columns-1 is-cropped wp-block-gallery-1 is-layout-flex wp-block-gallery-is-layout-flex\"><ul class=\"blocks-gallery-grid\"><li class=\"blocks-gallery-item\"><figure><img loading=\"lazy\" decoding=\"async\" width=\"678\" height=\"426\" src=\"https:\/\/aconteceunovale.com.br\/portal\/wp-content\/uploads\/2020\/09\/acidente_365_patos_1.jpeg\" alt=\"\" data-id=\"168666\" data-full-url=\"https:\/\/aconteceunovale.com.br\/portal\/wp-content\/uploads\/2020\/09\/acidente_365_patos_1.jpeg\" data-link=\"https:\/\/aconteceunovale.com.br\/portal\/?attachment_id=168666\" class=\"wp-image-168666\" srcset=\"https:\/\/aconteceunovale.com.br\/portal\/wp-content\/uploads\/2020\/09\/acidente_365_patos_1.jpeg 678w, https:\/\/aconteceunovale.com.br\/portal\/wp-content\/uploads\/2020\/09\/acidente_365_patos_1-300x188.jpeg 300w, https:\/\/aconteceunovale.com.br\/portal\/wp-content\/uploads\/2020\/09\/acidente_365_patos_1-668x420.jpeg 668w\" sizes=\"auto, (max-width: 678px) 100vw, 678px\" \/><figcaption class=\"blocks-gallery-item__caption\"><em>Foto: PRF \/ Divulga\u00e7\u00e3o<\/em><\/figcaption><\/figure><\/li><\/ul><\/figure>\n\n\n\n<h2 class=\"wp-block-heading\"><strong>Sobrevivente<\/strong><\/h2>\n\n\n\n<p>Um passageiro da van de 26 anos foi socorrido em estado grave pelo Servi\u00e7o de Atendimento M\u00f3vel de Urg\u00eancia (Samu) e levado para o Hospital Regional de Patos de Minas.\u00a0Ele\u00a0apresentava fratura exposta no joelho esquerdo, trauma abdominal e traumatismo craniano.<\/p>\n\n\n\n<p>Para evitar novos acidentes, os bombeiros efetuaram o corte de uma \u00e1rvore e a limpeza da pista, uma vez que a carga ficou espalhada na rodovia e houve derramamento de \u00f3leo.<\/p>\n\n\n\n<p>A pista precisou ser fechada para remo\u00e7\u00e3o dos ve\u00edculos, mas, segundo a Pol\u00edcia Rodovi\u00e1ria Federal, foi liberada ainda durante a manh\u00e3.<\/p>\n\n\n\n<figure class=\"wp-block-gallery columns-1 is-cropped wp-block-gallery-2 is-layout-flex wp-block-gallery-is-layout-flex\"><ul class=\"blocks-gallery-grid\"><li class=\"blocks-gallery-item\"><figure><img loading=\"lazy\" decoding=\"async\" width=\"678\" height=\"382\" src=\"https:\/\/aconteceunovale.com.br\/portal\/wp-content\/uploads\/2020\/09\/acidente_365_patos_2.jpeg\" alt=\"\" data-id=\"168667\" data-full-url=\"https:\/\/aconteceunovale.com.br\/portal\/wp-content\/uploads\/2020\/09\/acidente_365_patos_2.jpeg\" data-link=\"https:\/\/aconteceunovale.com.br\/portal\/?attachment_id=168667\" class=\"wp-image-168667\" srcset=\"https:\/\/aconteceunovale.com.br\/portal\/wp-content\/uploads\/2020\/09\/acidente_365_patos_2.jpeg 678w, https:\/\/aconteceunovale.com.br\/portal\/wp-content\/uploads\/2020\/09\/acidente_365_patos_2-300x169.jpeg 300w\" sizes=\"auto, (max-width: 678px) 100vw, 678px\" \/><figcaption class=\"blocks-gallery-item__caption\"><em>Foto: PRF \/ Divulga\u00e7\u00e3o<\/em><\/figcaption><\/figure><\/li><li class=\"blocks-gallery-item\"><figure><img loading=\"lazy\" decoding=\"async\" width=\"678\" height=\"382\" src=\"https:\/\/aconteceunovale.com.br\/portal\/wp-content\/uploads\/2020\/09\/acidente_365_patos_3.jpeg\" alt=\"\" data-id=\"168668\" data-full-url=\"https:\/\/aconteceunovale.com.br\/portal\/wp-content\/uploads\/2020\/09\/acidente_365_patos_3.jpeg\" data-link=\"https:\/\/aconteceunovale.com.br\/portal\/?attachment_id=168668\" class=\"wp-image-168668\" srcset=\"https:\/\/aconteceunovale.com.br\/portal\/wp-content\/uploads\/2020\/09\/acidente_365_patos_3.jpeg 678w, https:\/\/aconteceunovale.com.br\/portal\/wp-content\/uploads\/2020\/09\/acidente_365_patos_3-300x169.jpeg 300w\" sizes=\"auto, (max-width: 678px) 100vw, 678px\" \/><figcaption class=\"blocks-gallery-item__caption\"><em>Foto: PRF \/ Divulga\u00e7\u00e3o<\/em><\/figcaption><\/figure><\/li><li class=\"blocks-gallery-item\"><figure><img loading=\"lazy\" decoding=\"async\" width=\"678\" height=\"437\" src=\"https:\/\/aconteceunovale.com.br\/portal\/wp-content\/uploads\/2020\/09\/acidente_365_patos_4.jpeg\" alt=\"\" data-id=\"168669\" data-full-url=\"https:\/\/aconteceunovale.com.br\/portal\/wp-content\/uploads\/2020\/09\/acidente_365_patos_4.jpeg\" data-link=\"https:\/\/aconteceunovale.com.br\/portal\/?attachment_id=168669\" class=\"wp-image-168669\" srcset=\"https:\/\/aconteceunovale.com.br\/portal\/wp-content\/uploads\/2020\/09\/acidente_365_patos_4.jpeg 678w, https:\/\/aconteceunovale.com.br\/portal\/wp-content\/uploads\/2020\/09\/acidente_365_patos_4-300x193.jpeg 300w, https:\/\/aconteceunovale.com.br\/portal\/wp-content\/uploads\/2020\/09\/acidente_365_patos_4-652x420.jpeg 652w\" sizes=\"auto, (max-width: 678px) 100vw, 678px\" \/><figcaption class=\"blocks-gallery-item__caption\"><em>Foto: Corpo de Bombeiros \/ Divulga\u00e7\u00e3o<\/em><\/figcaption><\/figure><\/li><\/ul><\/figure>\n\n\n\n<h2 class=\"wp-block-heading\"><strong>Identifica\u00e7\u00e3o das v\u00edtimas<\/strong><\/h2>\n\n\n\n<p>Veja abaixo os nomes e idades das v\u00edtimas:<\/p>\n\n\n\n<ul class=\"wp-block-list\"><li>Elizabete Carneiro de Mota \u2013 51 anos \u2013 de Janu\u00e1ria (MG)<\/li><li>David Fernandes da Silva \u2013 41 anos \u2013 de S\u00e3o Jo\u00e3o da Ponte (MG)<\/li><li>Daniel Alves do Nascimento \u2013 38 anos \u2013 de Pedras de Maria da Cruz (MG)<\/li><li>Leandro Pereira da Silva \u2013 35 anos \u2013 de S\u00e3o Jo\u00e3o da Ponte (MG)<\/li><li>Magno Pereira Oliveira \u2013 36 anos \u2013 de S\u00e3o Jo\u00e3o da Ponte (MG)<\/li><li>Renato Santos Dantas \u2013 31 anos (motorista do caminh\u00e3o) \u2013 Itabaiana (SE)<\/li><li>Rubens Pereira da Silva \u2013 30 anos \u2013 de S\u00e3o Jo\u00e3o da Ponte (MG)<\/li><li>Walison Soares Cordeiro \u2013 27 anos (motorista da van) \u2013 de S\u00e3o Jo\u00e3o da Ponte (MG)<\/li><li>M\u00e1rio Teixeira Xavier J\u00fanior \u2013 26 anos (internado em estado grave no hospital) \u2013 Janu\u00e1ria (MG)<\/li><li>Junio Antunes de Jesus \u2013 25 anos \u2013 Bras\u00edlia de Minas (MG)<\/li><li>Jo\u00e3o Pedro Cardoso Martins \u2013 14 anos \u2013 Janu\u00e1ria (MG)<\/li><li>Tamires Alves Pereira \u2013 13 anos \u2013 Janu\u00e1ria (MG)<\/li><li>Victor Eduardo Mota \u2013 9 anos \u2013 Janu\u00e1ria (MG)<\/li><\/ul>\n\n\n\n<p>Conforme informa\u00e7\u00f5es do Instituto M\u00e9dico Legal (IML) de Patos de Minas, Leandro e Rubens s\u00e3o irm\u00e3os. J\u00e1 Elisabete e Victor s\u00e3o av\u00f3 e neto; e Daniel e Tamires, tio e sobrinha.<\/p>\n\n\n\n<h2 class=\"wp-block-heading\"><strong>Outro acidente<\/strong><\/h2>\n\n\n\n<p>Ainda conforme a PRF, por causa do congestionamento formado, houve outro acidente a poucos metros do primeiro. Um motorista de caminh\u00e3o n\u00e3o percebeu que o tr\u00e2nsito estava parado e bateu na traseira de outro caminh\u00e3o. Ningu\u00e9m ficou ferido.<\/p>\n\n\n\n<p>De acordo com os bombeiros, durante todo o s\u00e1bado (19),\u00a0houve acionamento do 12\u00ba Batalh\u00e3o (Patos de Minas) para atua\u00e7\u00e3o em v\u00e1rios inc\u00eandios de grandes propor\u00e7\u00f5es em fazendas na regi\u00e3o. Por\u00e9m, n\u00e3o \u00e9 poss\u00edvel precisar se\u00a0o 1\u00ba acidente foi consequ\u00eancia de uma das queimadas registradas no dia anterior.<\/p>\n\n\n\n<figure class=\"wp-block-gallery columns-1 is-cropped wp-block-gallery-3 is-layout-flex wp-block-gallery-is-layout-flex\"><ul class=\"blocks-gallery-grid\"><li class=\"blocks-gallery-item\"><figure><img loading=\"lazy\" decoding=\"async\" width=\"678\" height=\"382\" src=\"https:\/\/aconteceunovale.com.br\/portal\/wp-content\/uploads\/2020\/09\/acidente_365_patos_5.jpeg\" alt=\"\" data-id=\"168670\" data-full-url=\"https:\/\/aconteceunovale.com.br\/portal\/wp-content\/uploads\/2020\/09\/acidente_365_patos_5.jpeg\" data-link=\"https:\/\/aconteceunovale.com.br\/portal\/?attachment_id=168670\" class=\"wp-image-168670\" srcset=\"https:\/\/aconteceunovale.com.br\/portal\/wp-content\/uploads\/2020\/09\/acidente_365_patos_5.jpeg 678w, https:\/\/aconteceunovale.com.br\/portal\/wp-content\/uploads\/2020\/09\/acidente_365_patos_5-300x169.jpeg 300w\" sizes=\"auto, (max-width: 678px) 100vw, 678px\" \/><figcaption class=\"blocks-gallery-item__caption\"><em>Foto: PRF \/ Divulga\u00e7\u00e3o<\/em><\/figcaption><\/figure><\/li><\/ul><\/figure>\n\n\n\n<p class=\"has-white-color has-vivid-cyan-blue-background-color has-text-color has-background\">Quer saber as not\u00edcias do <strong>Aconteceu no Vale<\/strong> em primeira m\u00e3o? Siga-nos no Facebook <a rel=\"noreferrer noopener\" href=\"http:\/\/facebook.com\/aconteceunovale\" target=\"_blank\">@aconteceunovale<\/a>, Twitter <a rel=\"noreferrer noopener\" href=\"https:\/\/twitter.com\/noticiadosvales\" target=\"_blank\">@noticiadosvales<\/a> e Instagram <a rel=\"noreferrer noopener\" href=\"https:\/\/www.instagram.com\/aconteceunovale\" target=\"_blank\">@aconteceunovale<\/a>.<\/p>\n","protected":false},"excerpt":{"rendered":"<p>Doze pessoas morreram em um acidente envolvendo uma van e um caminh\u00e3o na BR-365, pr\u00f3ximo \u00e0 Curva dos Moreiras, entre as cidades Patos de Minas e Varj\u00e3o de Minas, na madrugada deste domingo (20\/9\/2020). Entre os mortos est\u00e1 uma crian\u00e7a. &#8220;A van com placa de Patroc\u00ednio estava vindo da BR-040, e a carreta estava no [&hellip;]<\/p>\n","protected":false},"author":4,"featured_media":168669,"comment_status":"open","ping_status":"closed","sticky":false,"template":"","format":"standard","meta":{"amp_status":"","footnotes":""},"categories":[123,1236],"tags":[229246,204479,229243,229245,229248,229247,195,229232,229231,1018,229230,229252,4720,205,229240,229239,229233,229250,229234,229238,214,1489,3723,229251,229235,229236,2448,229241,229244,229242,229249,229237],"class_list":["post-168665","post","type-post","status-publish","format-standard","has-post-thumbnail","hentry","category-gerais","category-norte_de_minas","tag-acidente-com-moradores-do-norte-de-minas-na-br-365","tag-acidente-em-patos-de-minas","tag-acidente-entre-van-e-carreta-em-patos-de-minas","tag-acidente-entre-van-e-carreta-na-br-365-em-patos-de-minas","tag-acidente-na-br-365-na-curva-dos-moreiras","tag-acidente-na-curva-dos-moreiras","tag-brasilia-de-minas","tag-daniel-alves-do-nascimento","tag-david-fernandes-da-silva","tag-destaque","tag-elizabete-carneiro-de-mota","tag-identificacao-de-vitimas-de-acidente-na-br-365","tag-itabaiana","tag-januaria","tag-joao-pedro-cardoso-martins","tag-junio-antunes-de-jesus","tag-leandro-pereira-da-silva","tag-lista-de-vitimas-de-acidente-na-br-365","tag-magno-pereira-oliveira","tag-mario-teixeira-xavier-junior","tag-patos-de-minas","tag-patrocinio","tag-pedras-de-maria-da-cruz","tag-relacao-de-vitimas-de-acidente-na-br-365","tag-renato-santos-dantas","tag-rubens-pereira-da-silva-30-anos","tag-sao-joao-da-ponte","tag-tamires-alves-pereira","tag-tragedia-na-br-365-em-patos-de-minas","tag-victor-eduardo-mota","tag-vitimas-de-acidente-na-br-365","tag-walison-soares-cordeiro"],"_links":{"self":[{"href":"https:\/\/aconteceunovale.com.br\/portal\/index.php?rest_route=\/wp\/v2\/posts\/168665","targetHints":{"allow":["GET"]}}],"collection":[{"href":"https:\/\/aconteceunovale.com.br\/portal\/index.php?rest_route=\/wp\/v2\/posts"}],"about":[{"href":"https:\/\/aconteceunovale.com.br\/portal\/index.php?rest_route=\/wp\/v2\/types\/post"}],"author":[{"embeddable":true,"href":"https:\/\/aconteceunovale.com.br\/portal\/index.php?rest_route=\/wp\/v2\/users\/4"}],"replies":[{"embeddable":true,"href":"https:\/\/aconteceunovale.com.br\/portal\/index.php?rest_route=%2Fwp%2Fv2%2Fcomments&post=168665"}],"version-history":[{"count":1,"href":"https:\/\/aconteceunovale.com.br\/portal\/index.php?rest_route=\/wp\/v2\/posts\/168665\/revisions"}],"predecessor-version":[{"id":168671,"href":"https:\/\/aconteceunovale.com.br\/portal\/index.php?rest_route=\/wp\/v2\/posts\/168665\/revisions\/168671"}],"wp:featuredmedia":[{"embeddable":true,"href":"https:\/\/aconteceunovale.com.br\/portal\/index.php?rest_route=\/wp\/v2\/media\/168669"}],"wp:attachment":[{"href":"https:\/\/aconteceunovale.com.br\/portal\/index.php?rest_route=%2Fwp%2Fv2%2Fmedia&parent=168665"}],"wp:term":[{"taxonomy":"category","embeddable":true,"href":"https:\/\/aconteceunovale.com.br\/portal\/index.php?rest_route=%2Fwp%2Fv2%2Fcategories&post=168665"},{"taxonomy":"post_tag","embeddable":true,"href":"https:\/\/aconteceunovale.com.br\/portal\/index.php?rest_route=%2Fwp%2Fv2%2Ftags&post=168665"}],"curies":[{"name":"wp","href":"https:\/\/api.w.org\/{rel}","templated":true}]}}