{"id":168563,"date":"2020-09-12T08:41:46","date_gmt":"2020-09-12T11:41:46","guid":{"rendered":"https:\/\/aconteceunovale.com.br\/portal\/?p=168563"},"modified":"2020-09-12T20:43:19","modified_gmt":"2020-09-12T23:43:19","slug":"previsao-do-tempo-para-minas-gerais-em-12-de-setembro","status":"publish","type":"post","link":"https:\/\/aconteceunovale.com.br\/portal\/?p=168563","title":{"rendered":"Previs\u00e3o do tempo para Minas Gerais em 12 de setembro"},"content":{"rendered":"\n<p>O tempo segue quente e seco neste s\u00e1bado (12\/9\/2020) em Minas Gerais. Os term\u00f4metros oscilam entre 10\u00baC e 37\u00baC.&nbsp;<\/p>\n\n\n\n<p>O predom\u00ednio de sol favorece o aumento das temperaturas e a queda de umidade do ar em quase todas as regi\u00f5es do estado. Em boa parte do territ\u00f3rio, esse \u00edndice pode chegar a 12%.&nbsp;<\/p>\n\n\n\n<p><a rel=\"noreferrer noopener\" href=\"http:\/\/agenciaminas.mg.gov.br\/ckeditor_assets\/attachments\/9289\/previsao_5dis_20200912.pdf\" target=\"_blank\">Clique\u00a0aqui<\/a>\u00a0para conferir a previs\u00e3o completa do Instituto Nacional de Meteorologia (Inmet).<\/p>\n\n\n\n<p class=\"has-white-color has-black-background-color has-text-color has-background\">Quer saber as not\u00edcias do <strong>Aconteceu no Vale<\/strong> em primeira m\u00e3o? Siga-nos no Facebook <a rel=\"noreferrer noopener\" href=\"http:\/\/facebook.com\/aconteceunovale\" target=\"_blank\">@aconteceunovale<\/a>, Twitter <a rel=\"noreferrer noopener\" href=\"https:\/\/twitter.com\/noticiadosvales\" target=\"_blank\">@noticiadosvales<\/a> e Instagram <a rel=\"noreferrer noopener\" href=\"https:\/\/www.instagram.com\/aconteceunovale\" target=\"_blank\">@aconteceunovale<\/a>.<\/p>\n","protected":false},"excerpt":{"rendered":"<p>O tempo segue quente e seco neste s\u00e1bado (12\/9\/2020) em Minas Gerais. Os term\u00f4metros oscilam entre 10\u00baC e 37\u00baC.&nbsp; O predom\u00ednio de sol favorece o aumento das temperaturas e a queda de umidade do ar em quase todas as regi\u00f5es do estado. Em boa parte do territ\u00f3rio, esse \u00edndice pode chegar a 12%.&nbsp; Clique\u00a0aqui\u00a0para conferir [&hellip;]<\/p>\n","protected":false},"author":4,"featured_media":168527,"comment_status":"open","ping_status":"closed","sticky":false,"template":"","format":"standard","meta":{"amp_status":"","footnotes":""},"categories":[123],"tags":[228612,228613,228610,228609,228611,54659,100056,1839,12636,228608,228607,34232],"class_list":["post-168563","post","type-post","status-publish","format-standard","has-post-thumbnail","hentry","category-gerais","tag-boletim-do-tempo-em-minas-gerais","tag-boletim-meteorologico-de-minas-gerais","tag-como-fica-o-tempo-em-minas-gerais","tag-como-ficara-o-tempo-em-minas-gerais","tag-dia-em-minas-gerais","tag-inmet","tag-instituto-nacional-de-meteorologia","tag-previsao-do-tempo-para-minas-gerais","tag-temperatura-em-minas-gerais","tag-temperatura-maxima-em-minas-gerais","tag-temperatura-minima-em-minas-gerais","tag-tempo-em-minas-gerais"],"_links":{"self":[{"href":"https:\/\/aconteceunovale.com.br\/portal\/index.php?rest_route=\/wp\/v2\/posts\/168563","targetHints":{"allow":["GET"]}}],"collection":[{"href":"https:\/\/aconteceunovale.com.br\/portal\/index.php?rest_route=\/wp\/v2\/posts"}],"about":[{"href":"https:\/\/aconteceunovale.com.br\/portal\/index.php?rest_route=\/wp\/v2\/types\/post"}],"author":[{"embeddable":true,"href":"https:\/\/aconteceunovale.com.br\/portal\/index.php?rest_route=\/wp\/v2\/users\/4"}],"replies":[{"embeddable":true,"href":"https:\/\/aconteceunovale.com.br\/portal\/index.php?rest_route=%2Fwp%2Fv2%2Fcomments&post=168563"}],"version-history":[{"count":1,"href":"https:\/\/aconteceunovale.com.br\/portal\/index.php?rest_route=\/wp\/v2\/posts\/168563\/revisions"}],"predecessor-version":[{"id":168564,"href":"https:\/\/aconteceunovale.com.br\/portal\/index.php?rest_route=\/wp\/v2\/posts\/168563\/revisions\/168564"}],"wp:featuredmedia":[{"embeddable":true,"href":"https:\/\/aconteceunovale.com.br\/portal\/index.php?rest_route=\/wp\/v2\/media\/168527"}],"wp:attachment":[{"href":"https:\/\/aconteceunovale.com.br\/portal\/index.php?rest_route=%2Fwp%2Fv2%2Fmedia&parent=168563"}],"wp:term":[{"taxonomy":"category","embeddable":true,"href":"https:\/\/aconteceunovale.com.br\/portal\/index.php?rest_route=%2Fwp%2Fv2%2Fcategories&post=168563"},{"taxonomy":"post_tag","embeddable":true,"href":"https:\/\/aconteceunovale.com.br\/portal\/index.php?rest_route=%2Fwp%2Fv2%2Ftags&post=168563"}],"curies":[{"name":"wp","href":"https:\/\/api.w.org\/{rel}","templated":true}]}}